{"id":5048,"date":"2023-10-04T15:14:00","date_gmt":"2023-10-04T15:14:00","guid":{"rendered":"https:\/\/www.radiomajaguabo.icrt.cu\/?p=5048"},"modified":"2023-10-04T15:14:26","modified_gmt":"2023-10-04T15:14:26","slug":"reportan-derrumbe-en-la-habana-vieja-esta-madrugada","status":"publish","type":"post","link":"https:\/\/www.radiomajaguabo.icrt.cu\/?p=5048","title":{"rendered":"Reportan derrumbe en La Habana Vieja esta madrugada"},"content":{"rendered":"<p>Con profundo dolor se conoci\u00f3 que en horas de la madrugada de este mi\u00e9rcoles, 4 de octubre, tuvo lugar un derrumbe en el edificio multifamiliar ubicado en la calle Lamparilla No. 362, entre Villegas y Aguacate, en el capitalino municipio La Habana Vieja.<!--more--><\/p>\n<p>Tomado de Cubadebate<\/p>\n<p>Hasta el cierre de esta informaci\u00f3n se registran personas atrapadas en el lugar, incluyendo miembros del equipo de Rescate y Salvamento del Cuerpo de Bomberos de Cuba.<\/p>\n<p>En el lugar permanecen fuerzas especializadas del Minint, del sistema de salud p\u00fablica y autoridades del Partido y Gobierno de la provincia y el territorio, encabezados por el primer secretario del Partido en la capital, Luis Antonio Torres Ir\u00edbar.<\/p>\n<div id=\"attachment_1811666\" class=\"wp-caption aligncenter wp-image-1811666 size-large\">\n<p><img loading=\"lazy\" decoding=\"async\" class=\"wp-image-1811666 size-large\" src=\"http:\/\/media.cubadebate.cu\/wp-content\/uploads\/2023\/10\/Derrumbe-Habana-Vieja-4-580x580.jpg\" sizes=\"auto, (max-width: 580px) 100vw, 580px\" srcset=\"http:\/\/media.cubadebate.cu\/wp-content\/uploads\/2023\/10\/Derrumbe-Habana-Vieja-4-580x580.jpg 580w,http:\/\/media.cubadebate.cu\/wp-content\/uploads\/2023\/10\/Derrumbe-Habana-Vieja-4-768x768.jpg 768w,http:\/\/media.cubadebate.cu\/wp-content\/uploads\/2023\/10\/Derrumbe-Habana-Vieja-4.jpg 1080w\" alt=\"\" width=\"580\" height=\"580\" \/><\/p>\n<p class=\"wp-caption-text\">Foto: Portal del Ciudadano de La Habana<\/p>\n<\/div>\n<div id=\"attachment_1811661\" class=\"wp-caption aligncenter wp-image-1811661 size-large\">\n<p><img loading=\"lazy\" decoding=\"async\" class=\"wp-image-1811661 size-large\" src=\"http:\/\/media.cubadebate.cu\/wp-content\/uploads\/2023\/10\/Derrumbe-Habana-Vieja-2-580x271.jpg\" sizes=\"auto, (max-width: 580px) 100vw, 580px\" srcset=\"http:\/\/media.cubadebate.cu\/wp-content\/uploads\/2023\/10\/Derrumbe-Habana-Vieja-2-580x271.jpg 580w,http:\/\/media.cubadebate.cu\/wp-content\/uploads\/2023\/10\/Derrumbe-Habana-Vieja-2-768x359.jpg 768w,http:\/\/media.cubadebate.cu\/wp-content\/uploads\/2023\/10\/Derrumbe-Habana-Vieja-2.jpg 1000w\" alt=\"\" width=\"580\" height=\"271\" \/><\/p>\n<p class=\"wp-caption-text\">Foto: Portal del Ciudadano de La Habana<\/p>\n<\/div>\n<div id=\"attachment_1811663\" class=\"wp-caption aligncenter wp-image-1811663 size-large\">\n<p><img loading=\"lazy\" decoding=\"async\" class=\"wp-image-1811663 size-large\" src=\"http:\/\/media.cubadebate.cu\/wp-content\/uploads\/2023\/10\/Derrumbe-Habana-Vieja-3-580x271.jpg\" sizes=\"auto, (max-width: 580px) 100vw, 580px\" srcset=\"http:\/\/media.cubadebate.cu\/wp-content\/uploads\/2023\/10\/Derrumbe-Habana-Vieja-3-580x271.jpg 580w,http:\/\/media.cubadebate.cu\/wp-content\/uploads\/2023\/10\/Derrumbe-Habana-Vieja-3-768x359.jpg 768w,http:\/\/media.cubadebate.cu\/wp-content\/uploads\/2023\/10\/Derrumbe-Habana-Vieja-3.jpg 1000w\" alt=\"\" width=\"580\" height=\"271\" \/><\/p>\n<p class=\"wp-caption-text\">Foto: Portal del Ciudadano de La Habana<\/p>\n<\/div>\n<p><strong>(Informaci\u00f3n del <a href=\"https:\/\/www.lahabana.gob.cu\/post_detalles\/es\/17920\/ultima-hora-lamentan-autoridades-capitalinas-nuevo-derrumbe-en-la-habana-vieja-fotos\" target=\"_blank\" rel=\"nofollow noopener\">Portal del Ciudadano de La Habana)<\/a><\/strong><\/p>\n<div id=\"anexos_list\" data-nocrono=\"\" data-parent-id=\"1811656\">\n<section id=\"anexo-1811683\" class=\"anexos-article relevant_anexo\" data-anexos-id=\"1811683\" data-time=\"2023-10-04 07:18:02\">\n<header>\n<h3>Ofrecen detalles sobre las labores de rescate en La Habana Vieja<\/h3>\n<div class=\"break\"><\/div>\n<\/header>\n<div class=\"section-body\">\n<div id=\"attachment_1811714\" class=\"wp-caption alignnone size-full wp-image-1811714\">\n<p><img loading=\"lazy\" decoding=\"async\" class=\"size-full wp-image-1811714\" src=\"http:\/\/media.cubadebate.cu\/wp-content\/uploads\/2023\/10\/derrumbe-habana-vieja-6.jpg\" alt=\"\" width=\"580\" height=\"435\" \/><\/p>\n<p class=\"wp-caption-text\">Derrumbe de edificio en La Habana Vieja Foto: Ricardo L\u00f3pez Hevia\/ Granma<\/p>\n<\/div>\n<p>Alrededor de las 11:00 de la noche del martes 3 de octubre, tras el derrumbe ocurrido en un edificio ubicado en la calle Lamparilla, No. 388, esquina a Villegas, en La Habana Vieja, un equipo de la Unidad de Salvamento y Rescate se present\u00f3 en el sitio.<\/p>\n<p>Dentro del inmueble, destac\u00f3 a <strong><em>Granma<\/em><\/strong> Alexis Acosta Silva, intendente de La Habana Vieja,<strong> se encontraban 13 n\u00facleos familiares, para un total de 54 personas.<\/strong><\/p>\n<p>Para el hospital Calixto Garc\u00eda se trasladaron dos lesionados, los cuales se encuentran fuera de peligro para la vida.<\/p>\n<p>Al momento de esta publicaci\u00f3n,<strong> alrededor de las 5:00 de la ma\u00f1ana, se reporta una persona fallecida y se contin\u00faan las acciones, a pesar de la lluvia, para acceder a dos personas ubicadas dentro del inmueble.<\/strong><\/p>\n<p>Acosta Silva puntualiz\u00f3 que las familias afectadas fueron evacuadas en la Escuela Secundaria Jorge Arturo Vilaboy Vi\u00f1as, donde se les prest\u00f3 la atenci\u00f3n requerida, tanto por los servicios param\u00e9dicos como log\u00edsticos, que incluyen alimentaci\u00f3n.<\/p>\n<p>Hasta el momento, agreg\u00f3, se trabaja solo en el edificio afectado y no ha habido evacuaciones de otros inmuebles colindantes.<\/p>\n<p>En el lugar estuvo la miembro del Bur\u00f3 Pol\u00edtico y secretaria general de la Federaci\u00f3n de Mujeres Cubanas, Teresa Amarelle Bou\u00e9; as\u00ed como el primer secretario del Partido en La Habana, Luis Antonio Torres Ir\u00edbar y el vicegobernador de la capital, Jes\u00fas Otamendiz Campos.<\/p>\n<p>En declaraciones a <strong><em>Granma<\/em><\/strong>, el primer coronel Luis Carlos Guzm\u00e1n Matos, jefe del Cuerpo de Bomberos de Cuba, detall\u00f3 que desde que lleg\u00f3 la informaci\u00f3n al puesto de mando del suceso, se dirigieron al lugar las t\u00e9cnicas previstas, para participar en este tipo de trabajo, de conjunto todo el sistema Minint.<\/p>\n<p>Agreg\u00f3 que en una primera etapa se trabaj\u00f3 en la b\u00fasqueda de personas que sufrieron da\u00f1os y que estaban dentro de la instalaci\u00f3n.<\/p>\n<p>Posteriormente, <strong>a partir de la propia afectaci\u00f3n de la estructura colapsada, tambi\u00e9n se tomaron decisiones relacionadas con la seguridad del personal que trabaja dentro del inmueble.<\/strong><\/p>\n<p>Precis\u00f3 que ha sido un trabajo continuo, a partir de todas las medidas de seguridad que deben tomarse para este tipo de siniestro.<\/p>\n<p>Agreg\u00f3 que una vez terminen las acciones de limpieza de escombros, tanto las unidades de Rescate y Salvamento, como la t\u00e9cnica canina, est\u00e1n listas para continuar las labores, siempre con la seguridad necesaria.<\/p>\n<div id=\"attachment_1811719\" class=\"wp-caption alignnone size-full wp-image-1811719\">\n<p><img loading=\"lazy\" decoding=\"async\" class=\"size-full wp-image-1811719\" src=\"http:\/\/media.cubadebate.cu\/wp-content\/uploads\/2023\/10\/derrumbe-habana-vieja-11.jpg\" alt=\"\" width=\"580\" height=\"322\" \/><\/p>\n<p class=\"wp-caption-text\">Derrumbe de edificio en La Habana Vieja Foto: Ricardo L\u00f3pez Hevia\/ Granma<\/p>\n<\/div>\n<div id=\"attachment_1811718\" class=\"wp-caption alignnone size-full wp-image-1811718\">\n<p><img loading=\"lazy\" decoding=\"async\" class=\"size-full wp-image-1811718\" src=\"http:\/\/media.cubadebate.cu\/wp-content\/uploads\/2023\/10\/derrumbe-habana-vieja-10.jpg\" alt=\"\" width=\"580\" height=\"386\" \/><\/p>\n<p class=\"wp-caption-text\">Derrumbe de edificio en La Habana Vieja Foto: Ricardo L\u00f3pez Hevia\/ Granma<\/p>\n<\/div>\n<div id=\"attachment_1811717\" class=\"wp-caption alignnone size-full wp-image-1811717\">\n<p><img loading=\"lazy\" decoding=\"async\" class=\"size-full wp-image-1811717\" src=\"http:\/\/media.cubadebate.cu\/wp-content\/uploads\/2023\/10\/derrumbe-habana-vieja-9.jpg\" alt=\"\" width=\"580\" height=\"386\" \/><\/p>\n<p class=\"wp-caption-text\">Derrumbe de edificio en La Habana Vieja Foto: Ricardo L\u00f3pez Hevia\/ Granma<\/p>\n<\/div>\n<div id=\"attachment_1811716\" class=\"wp-caption alignnone size-full wp-image-1811716\">\n<p><img loading=\"lazy\" decoding=\"async\" class=\"size-full wp-image-1811716\" src=\"http:\/\/media.cubadebate.cu\/wp-content\/uploads\/2023\/10\/derrumbe-habana-vieja-8.jpg\" alt=\"\" width=\"580\" height=\"312\" \/><\/p>\n<p class=\"wp-caption-text\">Derrumbe de edificio en La Habana Vieja Foto: Ricardo L\u00f3pez Hevia\/ Granma<\/p>\n<\/div>\n<div id=\"attachment_1811715\" class=\"wp-caption alignnone size-full wp-image-1811715\">\n<p><img loading=\"lazy\" decoding=\"async\" class=\"size-full wp-image-1811715\" src=\"http:\/\/media.cubadebate.cu\/wp-content\/uploads\/2023\/10\/derrumbe-habana-vieja-7.jpg\" alt=\"\" width=\"580\" height=\"409\" \/><\/p>\n<p class=\"wp-caption-text\">Derrumbe de edificio en La Habana Vieja Foto: Ricardo L\u00f3pez Hevia\/ Granma<\/p>\n<\/div>\n<div id=\"attachment_1811710\" class=\"wp-caption alignnone size-full wp-image-1811710\">\n<p><img loading=\"lazy\" decoding=\"async\" class=\"size-full wp-image-1811710\" src=\"http:\/\/media.cubadebate.cu\/wp-content\/uploads\/2023\/10\/derrumbe-habana-vieja-2-1.jpg\" alt=\"\" width=\"580\" height=\"435\" \/><\/p>\n<p class=\"wp-caption-text\">Derrumbe de edificio en La Habana Vieja Foto: Ricardo L\u00f3pez Hevia\/ Granma<\/p>\n<\/div>\n<div id=\"attachment_1811711\" class=\"wp-caption alignnone size-full wp-image-1811711\">\n<p><img loading=\"lazy\" decoding=\"async\" class=\"size-full wp-image-1811711\" src=\"http:\/\/media.cubadebate.cu\/wp-content\/uploads\/2023\/10\/derrumbe-habana-vieja-3-1.jpg\" alt=\"\" width=\"580\" height=\"306\" \/><\/p>\n<p class=\"wp-caption-text\">Derrumbe de edificio en La Habana Vieja Foto: Ricardo L\u00f3pez Hevia\/ Granma<\/p>\n<\/div>\n<div id=\"attachment_1811712\" class=\"wp-caption alignnone size-full wp-image-1811712\">\n<p><img loading=\"lazy\" decoding=\"async\" class=\"size-full wp-image-1811712\" src=\"http:\/\/media.cubadebate.cu\/wp-content\/uploads\/2023\/10\/derrumbe-habana-vieja-4-1.jpg\" alt=\"\" width=\"580\" height=\"270\" \/><\/p>\n<p class=\"wp-caption-text\">Derrumbe de edificio en La Habana Vieja Foto: Ricardo L\u00f3pez Hevia\/ Granma<\/p>\n<\/div>\n<div id=\"attachment_1811713\" class=\"wp-caption alignnone size-full wp-image-1811713\">\n<p><img loading=\"lazy\" decoding=\"async\" class=\"size-full wp-image-1811713\" src=\"http:\/\/media.cubadebate.cu\/wp-content\/uploads\/2023\/10\/derrumbe-habana-vieja-5.jpg\" alt=\"\" width=\"580\" height=\"261\" \/><\/p>\n<p class=\"wp-caption-text\">Derrumbe de edificio en La Habana Vieja Foto: Ricardo L\u00f3pez Hevia\/ Granma<\/p>\n<\/div>\n<div id=\"attachment_1811709\" class=\"wp-caption alignnone size-full wp-image-1811709\">\n<p><img loading=\"lazy\" decoding=\"async\" class=\"size-full wp-image-1811709\" src=\"http:\/\/media.cubadebate.cu\/wp-content\/uploads\/2023\/10\/derrumbe-habana-vieja-1.jpg\" alt=\"\" width=\"580\" height=\"343\" \/><\/p>\n<p class=\"wp-caption-text\">Derrumbe de edificio en La Habana Vieja Foto: Ricardo L\u00f3pez Hevia\/ Granma<\/p>\n<\/div>\n<div id=\"attachment_1811708\" class=\"wp-caption alignnone size-full wp-image-1811708\">\n<p><img loading=\"lazy\" decoding=\"async\" class=\"size-full wp-image-1811708\" src=\"http:\/\/media.cubadebate.cu\/wp-content\/uploads\/2023\/10\/derrumbe-habana-vieja-13.jpg\" alt=\"\" width=\"580\" height=\"282\" \/><\/p>\n<p class=\"wp-caption-text\">Derrumbe de edificio en La Habana Vieja Foto: Ricardo L\u00f3pez Hevia\/ Granma<\/p>\n<\/div>\n<div id=\"attachment_1811707\" class=\"wp-caption alignnone size-full wp-image-1811707\">\n<p><img loading=\"lazy\" decoding=\"async\" class=\"size-full wp-image-1811707\" src=\"http:\/\/media.cubadebate.cu\/wp-content\/uploads\/2023\/10\/derrumbe-habana-vieja-12.jpg\" alt=\"\" width=\"580\" height=\"435\" \/><\/p>\n<p class=\"wp-caption-text\">Derrumbe de edificio en La Habana Vieja Foto: Ricardo L\u00f3pez Hevia\/ Granma<\/p>\n<\/div>\n<\/div>\n<\/section>\n<h3>En video, labores de rescate<\/h3>\n<p><iframe loading=\"lazy\" src=\"https:\/\/www.facebook.com\/plugins\/video.php?height=476&amp;href=https%3A%2F%2Fwww.facebook.com%2Fvictor.alonso.1217%2Fvideos%2F860092265648677%2F&amp;show_text=false&amp;width=267&amp;t=0\" width=\"267\" height=\"476\" frameborder=\"0\" scrolling=\"no\" allowfullscreen=\"allowfullscreen\" data-mce-fragment=\"1\"><\/iframe><\/p>\n<\/div>\n","protected":false},"excerpt":{"rendered":"<p>Con profundo dolor se conoci\u00f3 que en horas de la madrugada de este mi\u00e9rcoles, 4 de octubre, tuvo lugar un<\/p>\n<div class='heateor_sss_sharing_container heateor_sss_vertical_sharing heateor_sss_bottom_sharing' style='width:44px;left: -10px;top: 100px;-webkit-box-shadow:none;box-shadow:none;' ><div class=\"heateor_sss_sharing_ul\"><a class=\"heateor_sss_amp heateor_sss_amp_facebook\" href=\"https:\/\/www.facebook.com\/sharer\/sharer.php?u=https%3A%2F%2Fwww.radiomajaguabo.icrt.cu%2Findex.php%3Frest_route%3D%252Fwp%252Fv2%252Fposts%252F5048\" title=\"Facebook\" rel=\"nofollow noopener\" target=\"_blank\"><amp-img src=\"https:\/\/www.radiomajaguabo.icrt.cu\/wp-content\/plugins\/sassy-social-share\/public\/..\/images\/amp\/facebook.svg\" width=\"40\" height=\"40\" alt=\"Facebook\" class=\"amp-wp-enforced-sizes\" style=\"width: 40px;\"><\/amp-img><\/a><a class=\"heateor_sss_amp heateor_sss_amp_linkedin\" href=\"https:\/\/www.linkedin.com\/sharing\/share-offsite\/?url=https%3A%2F%2Fwww.radiomajaguabo.icrt.cu%2Findex.php%3Frest_route%3D%252Fwp%252Fv2%252Fposts%252F5048\" title=\"Linkedin\" rel=\"nofollow noopener\" target=\"_blank\"><amp-img src=\"https:\/\/www.radiomajaguabo.icrt.cu\/wp-content\/plugins\/sassy-social-share\/public\/..\/images\/amp\/linkedin.svg\" width=\"40\" height=\"40\" alt=\"Linkedin\" class=\"amp-wp-enforced-sizes\" style=\"width: 40px;\"><\/amp-img><\/a><a class=\"heateor_sss_amp heateor_sss_amp_whatsapp\" href=\"https:\/\/api.whatsapp.com\/send?text=Radio%20Majaguabo%20-%20Emisora%20Radio%20Majaguabo%2C%20San%20Luis%2C%20Santiago%20de%20Cuba%2C%20Cuba%20https%3A%2F%2Fwww.radiomajaguabo.icrt.cu%2Findex.php%3Frest_route%3D%252Fwp%252Fv2%252Fposts%252F5048\" title=\"Whatsapp\" rel=\"nofollow noopener\" target=\"_blank\"><amp-img src=\"https:\/\/www.radiomajaguabo.icrt.cu\/wp-content\/plugins\/sassy-social-share\/public\/..\/images\/amp\/whatsapp.svg\" width=\"40\" height=\"40\" alt=\"Whatsapp\" class=\"amp-wp-enforced-sizes\" style=\"width: 40px;\"><\/amp-img><\/a><a class=\"heateor_sss_amp heateor_sss_amp_instagram\" href=\"https:\/\/www.instagram.com\/\" title=\"Instagram\" rel=\"nofollow noopener\" target=\"_blank\"><amp-img src=\"https:\/\/www.radiomajaguabo.icrt.cu\/wp-content\/plugins\/sassy-social-share\/public\/..\/images\/amp\/instagram.svg\" width=\"40\" height=\"40\" alt=\"Instagram\" class=\"amp-wp-enforced-sizes\" style=\"width: 40px;\"><\/amp-img><\/a><a class=\"heateor_sss_amp heateor_sss_amp_x\" href=\"https:\/\/twitter.com\/intent\/tweet?text=Radio%20Majaguabo%20-%20Emisora%20Radio%20Majaguabo%2C%20San%20Luis%2C%20Santiago%20de%20Cuba%2C%20Cuba&url=https%3A%2F%2Fwww.radiomajaguabo.icrt.cu%2Findex.php%3Frest_route%3D%252Fwp%252Fv2%252Fposts%252F5048\" title=\"X\" rel=\"nofollow noopener\" target=\"_blank\"><amp-img src=\"https:\/\/www.radiomajaguabo.icrt.cu\/wp-content\/plugins\/sassy-social-share\/public\/..\/images\/amp\/x.svg\" width=\"40\" height=\"40\" alt=\"X\" class=\"amp-wp-enforced-sizes\" style=\"width:40px;\"><\/amp-img><\/a><\/div><div class=\"heateorSssClear\"><\/div><\/div>","protected":false},"author":1,"featured_media":5051,"comment_status":"open","ping_status":"open","sticky":false,"template":"","format":"standard","meta":{"colormag_page_layout":"default_layout","footnotes":""},"categories":[8],"tags":[13,1546,314,665,1547],"ppma_author":[37],"class_list":["post-5048","post","type-post","status-publish","format-standard","has-post-thumbnail","hentry","category-nacionales","tag-cuba","tag-derrumbe","tag-fotografia","tag-la-habana","tag-la-habana-vieja"],"authors":[{"term_id":37,"user_id":1,"is_guest":0,"slug":"alberterie","display_name":"Administrador","avatar_url":"https:\/\/secure.gravatar.com\/avatar\/c7c20c93c5f4c81e7a7dc9b02a42095ae8875c9af446129683aaa06faf7fd1f3?s=96&d=mm&r=g","author_category":"","user_url":"https:\/\/www.radiomajaguabo.icrt.cu","last_name":"Alberterie Rivero","first_name":"Pedro","job_title":"","description":""}],"amp_enabled":true,"_links":{"self":[{"href":"https:\/\/www.radiomajaguabo.icrt.cu\/index.php?rest_route=\/wp\/v2\/posts\/5048","targetHints":{"allow":["GET"]}}],"collection":[{"href":"https:\/\/www.radiomajaguabo.icrt.cu\/index.php?rest_route=\/wp\/v2\/posts"}],"about":[{"href":"https:\/\/www.radiomajaguabo.icrt.cu\/index.php?rest_route=\/wp\/v2\/types\/post"}],"author":[{"embeddable":true,"href":"https:\/\/www.radiomajaguabo.icrt.cu\/index.php?rest_route=\/wp\/v2\/users\/1"}],"replies":[{"embeddable":true,"href":"https:\/\/www.radiomajaguabo.icrt.cu\/index.php?rest_route=%2Fwp%2Fv2%2Fcomments&post=5048"}],"version-history":[{"count":2,"href":"https:\/\/www.radiomajaguabo.icrt.cu\/index.php?rest_route=\/wp\/v2\/posts\/5048\/revisions"}],"predecessor-version":[{"id":5053,"href":"https:\/\/www.radiomajaguabo.icrt.cu\/index.php?rest_route=\/wp\/v2\/posts\/5048\/revisions\/5053"}],"wp:featuredmedia":[{"embeddable":true,"href":"https:\/\/www.radiomajaguabo.icrt.cu\/index.php?rest_route=\/wp\/v2\/media\/5051"}],"wp:attachment":[{"href":"https:\/\/www.radiomajaguabo.icrt.cu\/index.php?rest_route=%2Fwp%2Fv2%2Fmedia&parent=5048"}],"wp:term":[{"taxonomy":"category","embeddable":true,"href":"https:\/\/www.radiomajaguabo.icrt.cu\/index.php?rest_route=%2Fwp%2Fv2%2Fcategories&post=5048"},{"taxonomy":"post_tag","embeddable":true,"href":"https:\/\/www.radiomajaguabo.icrt.cu\/index.php?rest_route=%2Fwp%2Fv2%2Ftags&post=5048"},{"taxonomy":"author","embeddable":true,"href":"https:\/\/www.radiomajaguabo.icrt.cu\/index.php?rest_route=%2Fwp%2Fv2%2Fppma_author&post=5048"}],"curies":[{"name":"wp","href":"https:\/\/api.w.org\/{rel}","templated":true}]}}