{"id":5047,"date":"2023-10-04T15:19:21","date_gmt":"2023-10-04T15:19:21","guid":{"rendered":"https:\/\/www.radiomajaguabo.icrt.cu\/?p=5047"},"modified":"2023-10-04T15:19:21","modified_gmt":"2023-10-04T15:19:21","slug":"cuba-ratifica-su-compromiso-con-una-emigracion-regular-ordenada-y-segura","status":"publish","type":"post","link":"https:\/\/www.radiomajaguabo.icrt.cu\/?p=5047","title":{"rendered":"Cuba ratifica su compromiso con una emigraci\u00f3n regular, ordenada y segura"},"content":{"rendered":"<div class=\"story-body-textt story-content\">\n<p>Durante los \u00faltimos meses y semanas, el flujo migratorio irregular de ciudadanos cubanos a trav\u00e9s del corredor centroamericano con destino a los Estados Unidos ha experimentado un crecimiento ostensible, lo que incrementa, a su vez, la probabilidad de ocurrencia de hechos lamentables, como el reciente accidente vial en territorio mexicano, en el que perdieron la vida varios de nuestros connacionales, incluida una menor de edad.<\/p>\n<p>Tomado de Granma<\/p>\n<p>Cuba ha alertado reiteradamente sobre los riesgos asociados al tr\u00e1fico ilegal de migrantes y la trata de personas, fen\u00f3menos \u00edntimamente ligados a la migraci\u00f3n irregular, que colocan a la persona migrante en una situaci\u00f3n de vulnerabilidad; y la convierte en v\u00edctima del crimen organizado, de traficantes, de la extorsi\u00f3n y de abusos e il\u00edcitos asociados a este flagelo. Esto sucede incluso con los viajeros cubanos, los que en su inmensa mayor\u00eda salen del pa\u00eds por v\u00edas regulares.<\/p>\n<p>Cuba tambi\u00e9n ha alertado sobre la responsabilidad del Gobierno de los Estados Unidos con la emigraci\u00f3n irregular y desordenada de cubanos que llegan o se proponen llegar a sus fronteras.<\/p>\n<p>Se conoce que el bloqueo econ\u00f3mico, reforzado en a\u00f1os recientes, provoca limitaciones extraordinarias a la econom\u00eda cubana y al nivel de vida de la poblaci\u00f3n, lo que estimula el potencial migratorio.<\/p>\n<p>Se sabe, adem\u00e1s, que la pol\u00edtica oficial del Gobierno estadounidense contin\u00faa privilegiando al migrante cubano que de modo irregular llega a sus fronteras o de modo ilegal la penetra, y lo beneficia despu\u00e9s con la Ley de Ajuste Cubano, la cual confiere a los ciudadanos cubanos un tratamiento diferenciado y \u00fanico en todo el mundo, al brindar una v\u00eda expedita para la obtenci\u00f3n de la residencia, sin importar las formas y medios que utilizan, incluso si llegan de manera ilegal a su territorio.<\/p>\n<p>Esta conducta afecta no solo a Cuba, al emigrante cubano y a los propios Estados Unidos, sino que tiene consecuencias para varios pa\u00edses de tr\u00e1nsito en la regi\u00f3n, que se suman a los propios problemas que enfrentan esos pa\u00edses con la emigraci\u00f3n irregular.<\/p>\n<p>Es un asunto que se ha planteado oficialmente, y sobre el que se ha discutido reiteradamente con el Gobierno de los Estados Unidos.<\/p>\n<p>Nuestro Gobierno se interesa y preocupa por el bienestar y la seguridad de sus migrantes, para lo cual proporciona la debida asistencia consular y las garant\u00edas para un retorno voluntario y seguro.<\/p>\n<p>El Gobierno cubano continuar\u00e1 trabajando y cooperando con gobiernos de la regi\u00f3n para prevenir la migraci\u00f3n irregular, insegura y desordenada, para impedir las salidas riesgosas que ponen en peligro la vida humana, y luchar contra actos de violencia asociados a este fen\u00f3meno y los delitos conexos, como la trata de personas y el tr\u00e1fico ilegal de migrantes.<\/p>\n<p>El Gobierno de Cuba insta al Gobierno de los Estados Unidos, una vez m\u00e1s, a adoptar las medidas necesarias para impedir las tr\u00e1gicas consecuencias de la emigraci\u00f3n irregular, y reafirma su compromiso con una migraci\u00f3n regular, segura y ordenada.<\/p>\n<p>La Habana, 3 de octubre de 2023<\/p>\n<\/div>\n<p>&nbsp;<\/p>\n","protected":false},"excerpt":{"rendered":"<p>Durante los \u00faltimos meses y semanas, el flujo migratorio irregular de ciudadanos cubanos a trav\u00e9s del corredor centroamericano con destino<\/p>\n<div class='heateor_sss_sharing_container heateor_sss_vertical_sharing heateor_sss_bottom_sharing' style='width:44px;left: -10px;top: 100px;-webkit-box-shadow:none;box-shadow:none;' ><div class=\"heateor_sss_sharing_ul\"><a class=\"heateor_sss_amp heateor_sss_amp_facebook\" href=\"https:\/\/www.facebook.com\/sharer\/sharer.php?u=https%3A%2F%2Fwww.radiomajaguabo.icrt.cu%2Findex.php%3Frest_route%3D%252Fwp%252Fv2%252Fposts%252F5047\" title=\"Facebook\" rel=\"nofollow noopener\" target=\"_blank\"><amp-img src=\"https:\/\/www.radiomajaguabo.icrt.cu\/wp-content\/plugins\/sassy-social-share\/public\/..\/images\/amp\/facebook.svg\" width=\"40\" height=\"40\" alt=\"Facebook\" class=\"amp-wp-enforced-sizes\" style=\"width: 40px;\"><\/amp-img><\/a><a class=\"heateor_sss_amp heateor_sss_amp_linkedin\" href=\"https:\/\/www.linkedin.com\/sharing\/share-offsite\/?url=https%3A%2F%2Fwww.radiomajaguabo.icrt.cu%2Findex.php%3Frest_route%3D%252Fwp%252Fv2%252Fposts%252F5047\" title=\"Linkedin\" rel=\"nofollow noopener\" target=\"_blank\"><amp-img src=\"https:\/\/www.radiomajaguabo.icrt.cu\/wp-content\/plugins\/sassy-social-share\/public\/..\/images\/amp\/linkedin.svg\" width=\"40\" height=\"40\" alt=\"Linkedin\" class=\"amp-wp-enforced-sizes\" style=\"width: 40px;\"><\/amp-img><\/a><a class=\"heateor_sss_amp heateor_sss_amp_whatsapp\" href=\"https:\/\/api.whatsapp.com\/send?text=Radio%20Majaguabo%20-%20Emisora%20Radio%20Majaguabo%2C%20San%20Luis%2C%20Santiago%20de%20Cuba%2C%20Cuba%20https%3A%2F%2Fwww.radiomajaguabo.icrt.cu%2Findex.php%3Frest_route%3D%252Fwp%252Fv2%252Fposts%252F5047\" title=\"Whatsapp\" rel=\"nofollow noopener\" target=\"_blank\"><amp-img src=\"https:\/\/www.radiomajaguabo.icrt.cu\/wp-content\/plugins\/sassy-social-share\/public\/..\/images\/amp\/whatsapp.svg\" width=\"40\" height=\"40\" alt=\"Whatsapp\" class=\"amp-wp-enforced-sizes\" style=\"width: 40px;\"><\/amp-img><\/a><a class=\"heateor_sss_amp heateor_sss_amp_instagram\" href=\"https:\/\/www.instagram.com\/\" title=\"Instagram\" rel=\"nofollow noopener\" target=\"_blank\"><amp-img src=\"https:\/\/www.radiomajaguabo.icrt.cu\/wp-content\/plugins\/sassy-social-share\/public\/..\/images\/amp\/instagram.svg\" width=\"40\" height=\"40\" alt=\"Instagram\" class=\"amp-wp-enforced-sizes\" style=\"width: 40px;\"><\/amp-img><\/a><a class=\"heateor_sss_amp heateor_sss_amp_x\" href=\"https:\/\/twitter.com\/intent\/tweet?text=Radio%20Majaguabo%20-%20Emisora%20Radio%20Majaguabo%2C%20San%20Luis%2C%20Santiago%20de%20Cuba%2C%20Cuba&url=https%3A%2F%2Fwww.radiomajaguabo.icrt.cu%2Findex.php%3Frest_route%3D%252Fwp%252Fv2%252Fposts%252F5047\" title=\"X\" rel=\"nofollow noopener\" target=\"_blank\"><amp-img src=\"https:\/\/www.radiomajaguabo.icrt.cu\/wp-content\/plugins\/sassy-social-share\/public\/..\/images\/amp\/x.svg\" width=\"40\" height=\"40\" alt=\"X\" class=\"amp-wp-enforced-sizes\" style=\"width:40px;\"><\/amp-img><\/a><\/div><div class=\"heateorSssClear\"><\/div><\/div>","protected":false},"author":1,"featured_media":5054,"comment_status":"open","ping_status":"open","sticky":false,"template":"","format":"standard","meta":{"colormag_page_layout":"default_layout","footnotes":""},"categories":[8],"tags":[13,1551,1549,1064,1548,1550,1553,1552],"ppma_author":[37],"class_list":["post-5047","post","type-post","status-publish","format-standard","has-post-thumbnail","hentry","category-nacionales","tag-cuba","tag-migracion-irregular","tag-migrantes","tag-riesgos","tag-trafico-ilegal","tag-trata-de-personas","tag-victimas","tag-vulnerabilidad"],"authors":[{"term_id":37,"user_id":1,"is_guest":0,"slug":"alberterie","display_name":"Administrador","avatar_url":"https:\/\/secure.gravatar.com\/avatar\/c7c20c93c5f4c81e7a7dc9b02a42095ae8875c9af446129683aaa06faf7fd1f3?s=96&d=mm&r=g","author_category":"","user_url":"https:\/\/www.radiomajaguabo.icrt.cu","last_name":"Alberterie Rivero","first_name":"Pedro","job_title":"","description":""}],"amp_enabled":true,"_links":{"self":[{"href":"https:\/\/www.radiomajaguabo.icrt.cu\/index.php?rest_route=\/wp\/v2\/posts\/5047","targetHints":{"allow":["GET"]}}],"collection":[{"href":"https:\/\/www.radiomajaguabo.icrt.cu\/index.php?rest_route=\/wp\/v2\/posts"}],"about":[{"href":"https:\/\/www.radiomajaguabo.icrt.cu\/index.php?rest_route=\/wp\/v2\/types\/post"}],"author":[{"embeddable":true,"href":"https:\/\/www.radiomajaguabo.icrt.cu\/index.php?rest_route=\/wp\/v2\/users\/1"}],"replies":[{"embeddable":true,"href":"https:\/\/www.radiomajaguabo.icrt.cu\/index.php?rest_route=%2Fwp%2Fv2%2Fcomments&post=5047"}],"version-history":[{"count":1,"href":"https:\/\/www.radiomajaguabo.icrt.cu\/index.php?rest_route=\/wp\/v2\/posts\/5047\/revisions"}],"predecessor-version":[{"id":5055,"href":"https:\/\/www.radiomajaguabo.icrt.cu\/index.php?rest_route=\/wp\/v2\/posts\/5047\/revisions\/5055"}],"wp:featuredmedia":[{"embeddable":true,"href":"https:\/\/www.radiomajaguabo.icrt.cu\/index.php?rest_route=\/wp\/v2\/media\/5054"}],"wp:attachment":[{"href":"https:\/\/www.radiomajaguabo.icrt.cu\/index.php?rest_route=%2Fwp%2Fv2%2Fmedia&parent=5047"}],"wp:term":[{"taxonomy":"category","embeddable":true,"href":"https:\/\/www.radiomajaguabo.icrt.cu\/index.php?rest_route=%2Fwp%2Fv2%2Fcategories&post=5047"},{"taxonomy":"post_tag","embeddable":true,"href":"https:\/\/www.radiomajaguabo.icrt.cu\/index.php?rest_route=%2Fwp%2Fv2%2Ftags&post=5047"},{"taxonomy":"author","embeddable":true,"href":"https:\/\/www.radiomajaguabo.icrt.cu\/index.php?rest_route=%2Fwp%2Fv2%2Fppma_author&post=5047"}],"curies":[{"name":"wp","href":"https:\/\/api.w.org\/{rel}","templated":true}]}}