{"id":5046,"date":"2023-10-04T15:24:30","date_gmt":"2023-10-04T15:24:30","guid":{"rendered":"https:\/\/www.radiomajaguabo.icrt.cu\/?p=5046"},"modified":"2023-10-04T15:24:30","modified_gmt":"2023-10-04T15:24:30","slug":"recibio-diaz-canel-al-director-regional-de-la-unicef-para-america-latina-y-el-caribe-video","status":"publish","type":"post","link":"https:\/\/www.radiomajaguabo.icrt.cu\/?p=5046","title":{"rendered":"Recibi\u00f3 D\u00edaz-Canel al Director Regional de la Unicef para Am\u00e9rica Latina y el Caribe (+ Video)"},"content":{"rendered":"<div class=\"story-body-textt story-content\" style=\"overflow-y: scroll;\">\n<p>El apoyo que siempre ha mantenido la Unicef en el trabajo conjunto con Cuba, fue destacado por el Primer Secretario del Comit\u00e9 Central del Partido Comunista y Presidente de la Rep\u00fablica, Miguel D\u00edaz-Canel Berm\u00fadez, al recibir, en horas de la tarde de ayer, en el Palacio de la Revoluci\u00f3n, al se\u00f1or Garry Conille, director regional de la Unicef para Am\u00e9rica Latina y el Caribe.<\/p>\n<p>Tomado de Granma<\/p>\n<p>El mandatario subray\u00f3 la colaboraci\u00f3n del Fondo de las Naciones Unidas para la Infancia, cada vez que alg\u00fan desastre natural u otro evento tiene impactos negativos sobre nuestra poblaci\u00f3n infantil.<\/p>\n<p>Destac\u00f3 el permanente apoyo al Programa Nacional de Vacunaci\u00f3n, que Cuba mantiene invariablemente, sobre todo con vacunas propias, as\u00ed como a otros proyectos y programas para garantizar el bienestar de nuestras ni\u00f1as, ni\u00f1os y adolescentes.<\/p>\n<p>Se\u00f1al\u00f3 que el programa de inmunizaci\u00f3n, que Cuba no detuvo ni siquiera en la etapa m\u00e1s dif\u00edcil de la COVID-19, continuar\u00e1 desarroll\u00e1ndose tras la pandemia, a pesar del recrudecimiento del bloqueo econ\u00f3mico, comercial y financiero del Gobierno de EE.UU., y ponder\u00f3 la ayuda de la Unicef.<\/p>\n<p>Record\u00f3 que Cuba fue el primer pa\u00eds del mundo en proteger a su poblaci\u00f3n infantil, mayor de dos a\u00f1os de edad, con vacunas anti-COVID-19, y lo hizo con inmun\u00f3genos propios, y ahora, en la etapa pospandemia, aplica un protocolo para el apoyo al paciente pedi\u00e1trico convaleciente de la COVID-19.<\/p>\n<p>El doctor Garry Conille subray\u00f3 la acogida con que ha sido recibido y la oportunidad de conocer el trabajo de distintas instituciones a favor de las ni\u00f1as, ni\u00f1os y adolescentes.<\/p>\n<p>Explic\u00f3 que su formaci\u00f3n es, precisamente, en el sector de la Salud, por lo que se mostr\u00f3 impresionado por el sistema de Salud P\u00fablica cubano, el cual, enfatiz\u00f3, es el modelo que debe existir en el mundo, como servicio de salud comunitario.<\/p>\n<p>Es un servicio muy integrado, organizado, \u00abes algo que yo hab\u00eda estudiado y aqu\u00ed lo he observardo por primera vez\u00bb, y celebr\u00f3 el proyecto del Sistema Nacional de Salud de digitalizar sus procesos, un programa en el que la Unicef tiene el prop\u00f3sito de participar.<\/p>\n<p>El Presidente de la Rep\u00fablica enfatiz\u00f3 en el \u00e9xito de la colaboraci\u00f3n entre Cuba y la Unicef en diferentes campos, y ratific\u00f3 la disposici\u00f3n de seguir trabajando con esta agencia de la onu, con la que el pa\u00eds tiene una hist\u00f3rica relaci\u00f3n.<\/p>\n<p>Record\u00f3 que Cuba fue uno de los primeros pa\u00edses del mundo en firmar la Convenci\u00f3n sobre los Derechos del Ni\u00f1o, y ha trabajado por mantener todos sus principios, con esfuerzo propio y tambi\u00e9n con el apoyo de la Unicef.<\/p>\n<p>D\u00edaz-Canel coment\u00f3 que, en julio pasado, la Asamblea Nacional del Poder Popular aprob\u00f3 la Pol\u00edtica de Atenci\u00f3n Integral a la Ni\u00f1ez, Adolescencia y Juventudes, que ya se aplica y que, en la sesi\u00f3n ordinaria de diciembre, debe ser convertida en ley.<\/p>\n<p>El Jefe de Estado reiter\u00f3 la disposici\u00f3n de trabajar con la Unicef en cualquier esfuerzo que esta demande de Cuba, en sectores como la salud, la educaci\u00f3n y otros, en beneficio de Am\u00e9rica Latina y el Caribe, y de otras regiones del mundo.<\/p>\n<p>En el encuentro participaron la se\u00f1ora Alejandra Trossero, representante de la agencia en Cuba, y por la parte cubana la viceministra primera del Comercio Exterior y la Inversi\u00f3n Extranjera, Ana Teresita Gonz\u00e1lez Fraga, y la vicetitular de Relaciones Exteriores, Anayansi Rodr\u00edguez Camejo.<\/p>\n<p>\u00a0<\/p>\n<\/div>\n<div class=\"span8 trivia\">\u00a0<\/div>\n<div class=\"span8\">\u00a0<\/div>\n<div class=\"span8\">\u00a0<\/div>\n<div class=\"story-body-textt story-content\">\u00a0<\/div>\n<aside><\/aside>\n<p>\u00a0 \u00a0 \u00a0 \u00a0 \u00a0 \u00a0 \u00a0 \u00a0 \u00a0 \u00a0 \u00a0 \u00a0 \u00a0 \u00a0 \u00a0 \u00a0<\/p>\n<p>\u00a0<\/p>\n","protected":false},"excerpt":{"rendered":"<p>El apoyo que siempre ha mantenido la Unicef en el trabajo conjunto con Cuba, fue destacado por el Primer Secretario<\/p>\n<div class='heateor_sss_sharing_container heateor_sss_vertical_sharing heateor_sss_bottom_sharing' style='width:44px;left: -10px;top: 100px;-webkit-box-shadow:none;box-shadow:none;' ><div class=\"heateor_sss_sharing_ul\"><a class=\"heateor_sss_amp heateor_sss_amp_facebook\" href=\"https:\/\/www.facebook.com\/sharer\/sharer.php?u=https%3A%2F%2Fwww.radiomajaguabo.icrt.cu%2Findex.php%3Frest_route%3D%252Fwp%252Fv2%252Fposts%252F5046\" title=\"Facebook\" rel=\"nofollow noopener\" target=\"_blank\"><amp-img src=\"https:\/\/www.radiomajaguabo.icrt.cu\/wp-content\/plugins\/sassy-social-share\/public\/..\/images\/amp\/facebook.svg\" width=\"40\" height=\"40\" alt=\"Facebook\" class=\"amp-wp-enforced-sizes\" style=\"width: 40px;\"><\/amp-img><\/a><a class=\"heateor_sss_amp heateor_sss_amp_linkedin\" href=\"https:\/\/www.linkedin.com\/sharing\/share-offsite\/?url=https%3A%2F%2Fwww.radiomajaguabo.icrt.cu%2Findex.php%3Frest_route%3D%252Fwp%252Fv2%252Fposts%252F5046\" title=\"Linkedin\" rel=\"nofollow noopener\" target=\"_blank\"><amp-img src=\"https:\/\/www.radiomajaguabo.icrt.cu\/wp-content\/plugins\/sassy-social-share\/public\/..\/images\/amp\/linkedin.svg\" width=\"40\" height=\"40\" alt=\"Linkedin\" class=\"amp-wp-enforced-sizes\" style=\"width: 40px;\"><\/amp-img><\/a><a class=\"heateor_sss_amp heateor_sss_amp_whatsapp\" href=\"https:\/\/api.whatsapp.com\/send?text=Radio%20Majaguabo%20-%20Emisora%20Radio%20Majaguabo%2C%20San%20Luis%2C%20Santiago%20de%20Cuba%2C%20Cuba%20https%3A%2F%2Fwww.radiomajaguabo.icrt.cu%2Findex.php%3Frest_route%3D%252Fwp%252Fv2%252Fposts%252F5046\" title=\"Whatsapp\" rel=\"nofollow noopener\" target=\"_blank\"><amp-img src=\"https:\/\/www.radiomajaguabo.icrt.cu\/wp-content\/plugins\/sassy-social-share\/public\/..\/images\/amp\/whatsapp.svg\" width=\"40\" height=\"40\" alt=\"Whatsapp\" class=\"amp-wp-enforced-sizes\" style=\"width: 40px;\"><\/amp-img><\/a><a class=\"heateor_sss_amp heateor_sss_amp_instagram\" href=\"https:\/\/www.instagram.com\/\" title=\"Instagram\" rel=\"nofollow noopener\" target=\"_blank\"><amp-img src=\"https:\/\/www.radiomajaguabo.icrt.cu\/wp-content\/plugins\/sassy-social-share\/public\/..\/images\/amp\/instagram.svg\" width=\"40\" height=\"40\" alt=\"Instagram\" class=\"amp-wp-enforced-sizes\" style=\"width: 40px;\"><\/amp-img><\/a><a class=\"heateor_sss_amp heateor_sss_amp_x\" href=\"https:\/\/twitter.com\/intent\/tweet?text=Radio%20Majaguabo%20-%20Emisora%20Radio%20Majaguabo%2C%20San%20Luis%2C%20Santiago%20de%20Cuba%2C%20Cuba&url=https%3A%2F%2Fwww.radiomajaguabo.icrt.cu%2Findex.php%3Frest_route%3D%252Fwp%252Fv2%252Fposts%252F5046\" title=\"X\" rel=\"nofollow noopener\" target=\"_blank\"><amp-img src=\"https:\/\/www.radiomajaguabo.icrt.cu\/wp-content\/plugins\/sassy-social-share\/public\/..\/images\/amp\/x.svg\" width=\"40\" height=\"40\" alt=\"X\" class=\"amp-wp-enforced-sizes\" style=\"width:40px;\"><\/amp-img><\/a><\/div><div class=\"heateorSssClear\"><\/div><\/div>","protected":false},"author":1,"featured_media":5056,"comment_status":"open","ping_status":"open","sticky":false,"template":"","format":"standard","meta":{"colormag_page_layout":"default_layout","footnotes":""},"categories":[7],"tags":[136,13,1554,1556,1084,1555],"ppma_author":[37],"class_list":["post-5046","post","type-post","status-publish","format-standard","has-post-thumbnail","hentry","category-internacionales","tag-america-latina","tag-cuba","tag-director-regional","tag-el-caribe","tag-infancia","tag-unicef"],"authors":[{"term_id":37,"user_id":1,"is_guest":0,"slug":"alberterie","display_name":"Administrador","avatar_url":"https:\/\/secure.gravatar.com\/avatar\/c7c20c93c5f4c81e7a7dc9b02a42095ae8875c9af446129683aaa06faf7fd1f3?s=96&d=mm&r=g","author_category":"","user_url":"https:\/\/www.radiomajaguabo.icrt.cu","last_name":"Alberterie Rivero","first_name":"Pedro","job_title":"","description":""}],"amp_enabled":true,"_links":{"self":[{"href":"https:\/\/www.radiomajaguabo.icrt.cu\/index.php?rest_route=\/wp\/v2\/posts\/5046","targetHints":{"allow":["GET"]}}],"collection":[{"href":"https:\/\/www.radiomajaguabo.icrt.cu\/index.php?rest_route=\/wp\/v2\/posts"}],"about":[{"href":"https:\/\/www.radiomajaguabo.icrt.cu\/index.php?rest_route=\/wp\/v2\/types\/post"}],"author":[{"embeddable":true,"href":"https:\/\/www.radiomajaguabo.icrt.cu\/index.php?rest_route=\/wp\/v2\/users\/1"}],"replies":[{"embeddable":true,"href":"https:\/\/www.radiomajaguabo.icrt.cu\/index.php?rest_route=%2Fwp%2Fv2%2Fcomments&post=5046"}],"version-history":[{"count":1,"href":"https:\/\/www.radiomajaguabo.icrt.cu\/index.php?rest_route=\/wp\/v2\/posts\/5046\/revisions"}],"predecessor-version":[{"id":5057,"href":"https:\/\/www.radiomajaguabo.icrt.cu\/index.php?rest_route=\/wp\/v2\/posts\/5046\/revisions\/5057"}],"wp:featuredmedia":[{"embeddable":true,"href":"https:\/\/www.radiomajaguabo.icrt.cu\/index.php?rest_route=\/wp\/v2\/media\/5056"}],"wp:attachment":[{"href":"https:\/\/www.radiomajaguabo.icrt.cu\/index.php?rest_route=%2Fwp%2Fv2%2Fmedia&parent=5046"}],"wp:term":[{"taxonomy":"category","embeddable":true,"href":"https:\/\/www.radiomajaguabo.icrt.cu\/index.php?rest_route=%2Fwp%2Fv2%2Fcategories&post=5046"},{"taxonomy":"post_tag","embeddable":true,"href":"https:\/\/www.radiomajaguabo.icrt.cu\/index.php?rest_route=%2Fwp%2Fv2%2Ftags&post=5046"},{"taxonomy":"author","embeddable":true,"href":"https:\/\/www.radiomajaguabo.icrt.cu\/index.php?rest_route=%2Fwp%2Fv2%2Fppma_author&post=5046"}],"curies":[{"name":"wp","href":"https:\/\/api.w.org\/{rel}","templated":true}]}}