{"id":5034,"date":"2023-10-02T13:33:22","date_gmt":"2023-10-02T13:33:22","guid":{"rendered":"https:\/\/www.radiomajaguabo.icrt.cu\/?p=5034"},"modified":"2023-10-02T13:33:22","modified_gmt":"2023-10-02T13:33:22","slug":"cuba-y-venezuela-profundizan-relaciones-de-hermandad-tambien-a-nivel-parlamentario","status":"publish","type":"post","link":"https:\/\/www.radiomajaguabo.icrt.cu\/?p=5034","title":{"rendered":"Cuba y Venezuela profundizan relaciones de hermandad tambi\u00e9n a nivel parlamentario"},"content":{"rendered":"<p>Mosc\u00fa. \u2013 Un amistoso y fruct\u00edfero encuentro bilateral sostuvieron hoy en Mosc\u00fa el miembro del Bur\u00f3 Pol\u00edtico del Comit\u00e9 Central del Partido Esteban Lazo Hern\u00e1ndez, presidente de la Asamblea Nacional del Poder Popular y del Consejo de Estado, y su hom\u00f3logo de la hermana Rep\u00fablica Bolivariana de Venezuela, Jorge Rodr\u00edguez; en el marco de la primera Conferencia Parlamentaria Internacional \u00abRusia-Am\u00e9rica Latina\u00bb.<!--more--><\/p>\n<article class=\"align-right media media--type-image media--view-mode-default\">\n<div class=\"field field--name-field-media-image field--type-image field--label-visually_hidden\">\n<div class=\"field__label visually-hidden\"><img loading=\"lazy\" decoding=\"async\" class=\"aligncenter wp-image-502171 size-large\" src=\"https:\/\/www.radioreloj.cu\/wp-content\/uploads\/2023\/10\/thm75762-800x437.jpg\" sizes=\"auto, (max-width: 800px) 100vw, 800px\" srcset=\"https:\/\/www.radioreloj.cu\/wp-content\/uploads\/2023\/10\/thm75762-800x437.jpg 800w, https:\/\/www.radioreloj.cu\/wp-content\/uploads\/2023\/10\/thm75762-300x164.jpg 300w, https:\/\/www.radioreloj.cu\/wp-content\/uploads\/2023\/10\/thm75762-768x420.jpg 768w, https:\/\/www.radioreloj.cu\/wp-content\/uploads\/2023\/10\/thm75762.jpg 1409w\" alt=\"\" width=\"800\" height=\"437\" \/>En el cordial intercambio, el titular del Parlamento cubano signific\u00f3 que \u00abconversar con los amigos, adem\u00e1s de grato, es siempre una\u00a0 prioridad y m\u00e1s si se trata de nuestra querida Venezuela. Si pensamos en los lazos de hermandad que nos unen, no podemos dejar de recordar al Ap\u00f3stol de la independencia cubana, quien se sinti\u00f3 como un hijo m\u00e1s de la Patria de Bol\u00edvar\u00bb.<\/div>\n<\/div>\n<\/article>\n<p>Destac\u00f3 especialmente que, en Venezuela, tuvimos al mejor amigo del pueblo cubano, como dir\u00eda Fidel\u00a0 para referirse al Comandante Hugo Ch\u00e1vez.<\/p>\n<blockquote><p>\u00abA nosotros nos toca honrar esa historia y trabajar por fortalecer las relaciones bilaterales entre nuestros pa\u00edses. Estamos muy contentos por las visitas que han realizado a Cuba parlamentarios venezolanos,\u00a0 incluyendo la suya en el marco de la Feria Internacional del Libro de La Habana para presentar\u00a0 \u201cLa Piel del Lagarto\u201d, libro del que mucho me han hablado\u00bb, manifest\u00f3 el Presidente del Consejo de Estado.<\/p><\/blockquote>\n<p>En este sentido, mencion\u00f3 dentro de esas visitas, la del diputado Edgardo Ram\u00edrez, quien\u00a0 ocupa la presidencia del Grupo Parlamentario de Amistad con Cuba en la Asamblea Nacional venezolana, y que convers\u00f3 en esa oportunidad con la Vicepresidenta de la Asamblea Nacional del Poder Popular, Ana Mar\u00eda Mari Machado, y con el diputado Yoerky S\u00e1nchez Cu\u00e9llar, titular del Grupo Parlamentario de Amistad.<\/p>\n<p>Subray\u00f3 que en ese encuentro, trazaron un plan de actividades a cumplir por ambos grupos, \u00abel cual debemos apoyar, pues los Grupos Parlamentarios de Amistad juegan un papel esencial en el fortalecimiento de las relaciones bilaterales\u00bb. A su vez, exhort\u00f3 incentivar intercambios entre las comisiones permanentes de trabajo de ambos \u00f3rganos legislativos.<\/p>\n<p>Por \u00faltimo, agradeci\u00f3 las muestras de solidaridad con Cuba y el respaldo en la lucha contra el bloqueo, por parte de numerosos diputados y, en especial, por la propia direcci\u00f3n de la Asamblea Nacional.<\/p>\n<blockquote><p>\u00abReiteramos nuestra posici\u00f3n de apoyo a la Revoluci\u00f3n Bolivariana y Chavista, al Presidente Nicol\u00e1s Maduro Moros y a la uni\u00f3n c\u00edvico-militar del pueblo venezolano. De igual forma, expresamos nuestro rechazo a las medidas coercitivas unilaterales de Estados Unidos contra el Gobierno venezolano, que afectan directamente al pueblo y bloquean el desarrollo econ\u00f3mico del pa\u00eds\u00bb, concluy\u00f3.<\/p><\/blockquote>\n<p>Ambas partes coincidieron en continuar fortaleciendo los estrechos lazos de amistad entre nuestros pueblos.<\/p>\n<p><b>Provechoso debate con el colectivo de la Embajada cubana en Rusia<\/b><\/p>\n<p><img loading=\"lazy\" decoding=\"async\" class=\"aligncenter wp-image-502173 size-large\" src=\"https:\/\/www.radioreloj.cu\/wp-content\/uploads\/2023\/10\/thm74632-800x688.jpg\" sizes=\"auto, (max-width: 800px) 100vw, 800px\" srcset=\"https:\/\/www.radioreloj.cu\/wp-content\/uploads\/2023\/10\/thm74632-800x688.jpg 800w, https:\/\/www.radioreloj.cu\/wp-content\/uploads\/2023\/10\/thm74632-300x258.jpg 300w, https:\/\/www.radioreloj.cu\/wp-content\/uploads\/2023\/10\/thm74632-768x661.jpg 768w, https:\/\/www.radioreloj.cu\/wp-content\/uploads\/2023\/10\/thm74632.jpg 1129w\" alt=\"\" width=\"800\" height=\"688\" \/>El presidente de la Asamblea Nacional del Poder Popular de Cuba (ANPP-Parlamento), Esteban Lazo, dialog\u00f3 hoy con los miembros de la misi\u00f3n estatal cubana en Rusia.<\/p>\n<p>En el encuentro que tuvo como escenario la sede de la embajada de la naci\u00f3n caribe\u00f1a en Mosc\u00fa el l\u00edder parlamentario coment\u00f3 las acciones que realiza el Gobierno para hacer frente a la compleja situaci\u00f3n econ\u00f3mica del pa\u00eds<\/p>\n<p>Al respecto, destac\u00f3 que se pone especial atenci\u00f3n en la necesidad de diversificar la producci\u00f3n interna para priorizar la alimentaci\u00f3n del pueblo, la cual dependen en gran medida en la actualidad de las exportaciones.<\/p>\n<p>En ese sentido, Lazo ratific\u00f3 que la representaci\u00f3n de La Habana en el gigante euroasi\u00e1tico tiene la responsabilidad de seguir desplegando el trabajo para concretar los objetivos de la cooperaci\u00f3n entre Rusia y Cuba.<\/p>\n<article class=\"align-left media media--type-image media--view-mode-default\">\n<div class=\"field field--name-field-media-image field--type-image field--label-visually_hidden\">\n<div class=\"field__label visually-hidden\"><img loading=\"lazy\" decoding=\"async\" class=\"aligncenter wp-image-502174 size-large\" src=\"https:\/\/www.radioreloj.cu\/wp-content\/uploads\/2023\/10\/thm74712-800x477.jpg\" sizes=\"auto, (max-width: 800px) 100vw, 800px\" srcset=\"https:\/\/www.radioreloj.cu\/wp-content\/uploads\/2023\/10\/thm74712-800x477.jpg 800w, https:\/\/www.radioreloj.cu\/wp-content\/uploads\/2023\/10\/thm74712-300x179.jpg 300w, https:\/\/www.radioreloj.cu\/wp-content\/uploads\/2023\/10\/thm74712-768x458.jpg 768w, https:\/\/www.radioreloj.cu\/wp-content\/uploads\/2023\/10\/thm74712.jpg 1518w\" alt=\"\" width=\"800\" height=\"477\" \/>El dirigente de la ANPP argument\u00f3 que los v\u00ednculos entre las dos naciones avanzan en beneficio mutuo.<\/div>\n<\/div>\n<\/article>\n<p>Por su parte, los diplom\u00e1ticos explicaron a Lazo varias de las acciones que se realizan en materia econ\u00f3mica y comercial con el empresariado ruso.<\/p>\n<p>Asimismo, detallaron los elementos sobre el desarrollo de la integraci\u00f3n de Cuba en la Comunidad Econ\u00f3mica Euroasi\u00e1tica, y c\u00f3mo este escenario es un nicho importante para el intercambio pol\u00edtico, financiero y social.<\/p>\n<p>Otro de los temas abordados en el encuentro vers\u00f3 alrededor del programa de becas universitarias en 27 centros docentes rusos, las cuales est\u00e1n enfocadas en la formaci\u00f3n de profesionales para los sectores prioritarios para la isla caribe\u00f1a.<\/p>\n<p>El presidente de la ANPP y la delegaci\u00f3n que lo acompa\u00f1a visitan Mosc\u00fa desde el pasado 29 de septiembre y hasta el 2 de octubre como invitados a la Conferencia Parlamentaria Rusia-Am\u00e9rica Latina, organizada por la Duma Estatal (C\u00e1mara Baja del Parlamento ruso).<\/p>\n<h6><strong>Tomado de www.parlamentocubano.gob.cu<\/strong><\/h6>\n<h6><strong>Fotos: Tony Hern\u00e1ndez Mena<\/strong><\/h6>\n","protected":false},"excerpt":{"rendered":"<p>Mosc\u00fa. \u2013 Un amistoso y fruct\u00edfero encuentro bilateral sostuvieron hoy en Mosc\u00fa el miembro del Bur\u00f3 Pol\u00edtico del Comit\u00e9 Central<\/p>\n<div class='heateor_sss_sharing_container heateor_sss_vertical_sharing heateor_sss_bottom_sharing' style='width:44px;left: -10px;top: 100px;-webkit-box-shadow:none;box-shadow:none;' ><div class=\"heateor_sss_sharing_ul\"><a class=\"heateor_sss_amp heateor_sss_amp_facebook\" href=\"https:\/\/www.facebook.com\/sharer\/sharer.php?u=https%3A%2F%2Fwww.radiomajaguabo.icrt.cu%2Findex.php%3Frest_route%3D%252Fwp%252Fv2%252Fposts%252F5034\" title=\"Facebook\" rel=\"nofollow noopener\" target=\"_blank\"><amp-img src=\"https:\/\/www.radiomajaguabo.icrt.cu\/wp-content\/plugins\/sassy-social-share\/public\/..\/images\/amp\/facebook.svg\" width=\"40\" height=\"40\" alt=\"Facebook\" class=\"amp-wp-enforced-sizes\" style=\"width: 40px;\"><\/amp-img><\/a><a class=\"heateor_sss_amp heateor_sss_amp_linkedin\" href=\"https:\/\/www.linkedin.com\/sharing\/share-offsite\/?url=https%3A%2F%2Fwww.radiomajaguabo.icrt.cu%2Findex.php%3Frest_route%3D%252Fwp%252Fv2%252Fposts%252F5034\" title=\"Linkedin\" rel=\"nofollow noopener\" target=\"_blank\"><amp-img src=\"https:\/\/www.radiomajaguabo.icrt.cu\/wp-content\/plugins\/sassy-social-share\/public\/..\/images\/amp\/linkedin.svg\" width=\"40\" height=\"40\" alt=\"Linkedin\" class=\"amp-wp-enforced-sizes\" style=\"width: 40px;\"><\/amp-img><\/a><a class=\"heateor_sss_amp heateor_sss_amp_whatsapp\" href=\"https:\/\/api.whatsapp.com\/send?text=Radio%20Majaguabo%20-%20Emisora%20Radio%20Majaguabo%2C%20San%20Luis%2C%20Santiago%20de%20Cuba%2C%20Cuba%20https%3A%2F%2Fwww.radiomajaguabo.icrt.cu%2Findex.php%3Frest_route%3D%252Fwp%252Fv2%252Fposts%252F5034\" title=\"Whatsapp\" rel=\"nofollow noopener\" target=\"_blank\"><amp-img src=\"https:\/\/www.radiomajaguabo.icrt.cu\/wp-content\/plugins\/sassy-social-share\/public\/..\/images\/amp\/whatsapp.svg\" width=\"40\" height=\"40\" alt=\"Whatsapp\" class=\"amp-wp-enforced-sizes\" style=\"width: 40px;\"><\/amp-img><\/a><a class=\"heateor_sss_amp heateor_sss_amp_instagram\" href=\"https:\/\/www.instagram.com\/\" title=\"Instagram\" rel=\"nofollow noopener\" target=\"_blank\"><amp-img src=\"https:\/\/www.radiomajaguabo.icrt.cu\/wp-content\/plugins\/sassy-social-share\/public\/..\/images\/amp\/instagram.svg\" width=\"40\" height=\"40\" alt=\"Instagram\" class=\"amp-wp-enforced-sizes\" style=\"width: 40px;\"><\/amp-img><\/a><a class=\"heateor_sss_amp heateor_sss_amp_x\" href=\"https:\/\/twitter.com\/intent\/tweet?text=Radio%20Majaguabo%20-%20Emisora%20Radio%20Majaguabo%2C%20San%20Luis%2C%20Santiago%20de%20Cuba%2C%20Cuba&url=https%3A%2F%2Fwww.radiomajaguabo.icrt.cu%2Findex.php%3Frest_route%3D%252Fwp%252Fv2%252Fposts%252F5034\" title=\"X\" rel=\"nofollow noopener\" target=\"_blank\"><amp-img src=\"https:\/\/www.radiomajaguabo.icrt.cu\/wp-content\/plugins\/sassy-social-share\/public\/..\/images\/amp\/x.svg\" width=\"40\" height=\"40\" alt=\"X\" class=\"amp-wp-enforced-sizes\" style=\"width:40px;\"><\/amp-img><\/a><\/div><div class=\"heateorSssClear\"><\/div><\/div>","protected":false},"author":1,"featured_media":5039,"comment_status":"open","ping_status":"open","sticky":false,"template":"","format":"standard","meta":{"colormag_page_layout":"default_layout","footnotes":""},"categories":[7],"tags":[13,184,1539,532,152,34],"ppma_author":[37],"class_list":["post-5034","post","type-post","status-publish","format-standard","has-post-thumbnail","hentry","category-internacionales","tag-cuba","tag-esteban-lazo","tag-jorge-rodriguez","tag-parlamento","tag-rusia","tag-venezuela"],"authors":[{"term_id":37,"user_id":1,"is_guest":0,"slug":"alberterie","display_name":"Administrador","avatar_url":"https:\/\/secure.gravatar.com\/avatar\/c7c20c93c5f4c81e7a7dc9b02a42095ae8875c9af446129683aaa06faf7fd1f3?s=96&d=mm&r=g","author_category":"","user_url":"https:\/\/www.radiomajaguabo.icrt.cu","last_name":"Alberterie Rivero","first_name":"Pedro","job_title":"","description":""}],"amp_enabled":true,"_links":{"self":[{"href":"https:\/\/www.radiomajaguabo.icrt.cu\/index.php?rest_route=\/wp\/v2\/posts\/5034","targetHints":{"allow":["GET"]}}],"collection":[{"href":"https:\/\/www.radiomajaguabo.icrt.cu\/index.php?rest_route=\/wp\/v2\/posts"}],"about":[{"href":"https:\/\/www.radiomajaguabo.icrt.cu\/index.php?rest_route=\/wp\/v2\/types\/post"}],"author":[{"embeddable":true,"href":"https:\/\/www.radiomajaguabo.icrt.cu\/index.php?rest_route=\/wp\/v2\/users\/1"}],"replies":[{"embeddable":true,"href":"https:\/\/www.radiomajaguabo.icrt.cu\/index.php?rest_route=%2Fwp%2Fv2%2Fcomments&post=5034"}],"version-history":[{"count":1,"href":"https:\/\/www.radiomajaguabo.icrt.cu\/index.php?rest_route=\/wp\/v2\/posts\/5034\/revisions"}],"predecessor-version":[{"id":5040,"href":"https:\/\/www.radiomajaguabo.icrt.cu\/index.php?rest_route=\/wp\/v2\/posts\/5034\/revisions\/5040"}],"wp:featuredmedia":[{"embeddable":true,"href":"https:\/\/www.radiomajaguabo.icrt.cu\/index.php?rest_route=\/wp\/v2\/media\/5039"}],"wp:attachment":[{"href":"https:\/\/www.radiomajaguabo.icrt.cu\/index.php?rest_route=%2Fwp%2Fv2%2Fmedia&parent=5034"}],"wp:term":[{"taxonomy":"category","embeddable":true,"href":"https:\/\/www.radiomajaguabo.icrt.cu\/index.php?rest_route=%2Fwp%2Fv2%2Fcategories&post=5034"},{"taxonomy":"post_tag","embeddable":true,"href":"https:\/\/www.radiomajaguabo.icrt.cu\/index.php?rest_route=%2Fwp%2Fv2%2Ftags&post=5034"},{"taxonomy":"author","embeddable":true,"href":"https:\/\/www.radiomajaguabo.icrt.cu\/index.php?rest_route=%2Fwp%2Fv2%2Fppma_author&post=5034"}],"curies":[{"name":"wp","href":"https:\/\/api.w.org\/{rel}","templated":true}]}}