{"id":5022,"date":"2023-09-30T19:34:06","date_gmt":"2023-09-30T19:34:06","guid":{"rendered":"https:\/\/www.radiomajaguabo.icrt.cu\/?p=5022"},"modified":"2023-09-30T19:34:06","modified_gmt":"2023-09-30T19:34:06","slug":"hoy-gala-artistica-por-aniversario-27-de-la-presencia-de-fidel-en-santa-clara","status":"publish","type":"post","link":"https:\/\/www.radiomajaguabo.icrt.cu\/?p=5022","title":{"rendered":"Hoy, Gala Art\u00edstica por aniversario 27 de la presencia de Fidel en Santa Clara"},"content":{"rendered":"<div class=\"post-content\">\n<div class=\"container mx-auto p-6\">\n<article class=\"md:w-4\/6 mx-auto\">\n<div class=\"prose max-w-none lg:prose-lg dark:prose-invert\">\n<p>Santa Clara, Cuba. \u2013 <em><strong>Hurac\u00e1n, hurac\u00e1n fue lo que hicimos nosotros aquel d\u00eda en Santa Clara<\/strong><\/em>. As\u00ed le recordaba Fidel a D\u00edaz-Canel la hist\u00f3rica jornada del 30 de septiembre de 1996, cuando en apenas 12 horas \u2013 desde que se lanz\u00f3 la convocatoria en el programa Patria \u2013 la Plaza del Che fue abarrotada por un pueblo deseoso de ver y escuchar al Comandante en Jefe. En aquella lluviosa tarde, Fidel saldar\u00eda una deuda con los villaclare\u00f1os, y con su presencia marcar\u00eda un antes y un despu\u00e9s para esta provincia.<\/p>\n<p>Rememorar esos hechos deviene una necesidad en los tiempos dif\u00edciles que corren, para evitar la desmemoria y no olvidar que entonces, como ahora, el pa\u00eds atravesaba momentos dif\u00edciles \u2014transcurr\u00edan los a\u00f1os duros del denominado per\u00edodo especial\u2014, y la sola presencia de Fidel llen\u00f3 de alegr\u00eda y optimismo a los hijos de esta regi\u00f3n central de Cuba.<\/p>\n<p>En esa \u00e9poca exist\u00eda la falsa creencia de que al l\u00edder de la Revoluci\u00f3n no le gustaba venir a Villa Clara. De ah\u00ed que el Comandante en Jefe despejara cualquier duda en aquel trascendente discurso, donde afirm\u00f3: \u00abYo les puedo asegurar, con la sinceridad que me ha caracterizado siempre, que eso no tiene absolutamente nada que ver con el cari\u00f1o, el respeto y la admiraci\u00f3n que yo he sentido siempre y sentir\u00e9 siempre por Santa Clara y por Villa Clara\u00bb.<\/p>\n<p>Result\u00f3 una pieza oratoria brillante, donde no falt\u00f3 el recuento de la historia de la provincia y sus avances, as\u00ed como el elogio oportuno a los hijos de esta tierra: <em><strong>No hay tarea, no hay proeza en que no hayan estado presentes masivamente los villaclare\u00f1os.<\/strong><\/em><\/p>\n<p>All\u00ed, ante la estatua bronc\u00ednea del Che, a quien le hab\u00eda rendido tributo minutos antes, pidi\u00f3 levantarle un monumento al pueblo: <em><strong>Alg\u00fan d\u00eda habr\u00e1 \u00a0que elevarle un gigantesco monumento a ese h\u00e9roe insuperable que es el pueblo.<\/strong><\/em><\/p>\n<p>Hoy, casi tres d\u00e9cadas despu\u00e9s, para rememorar aquel importante d\u00eda habr\u00e1 una gala cultural en la Sala <strong>Caturla<\/strong>, de la Biblioteca<strong> Mart\u00ed<\/strong>.<\/p>\n<p>Como parte de esta conmemoraci\u00f3n se han realizado matutinos especiales en los lugares que Fidel visit\u00f3 el d\u00eda 29 de septiembre, como el organop\u00f3nico Las Marianas, el Instituto de Biotecnolog\u00eda de las Plantas, la Inpud Primero de Mayo y el Contingente Campa\u00f1a de Las Villas.<\/p>\n<p>Y como ayer, no debemos olvidar el llamado que nos hizo a los villaclare\u00f1os aquella tarde-noche:<em><strong> \u00a1Esa es la convicci\u00f3n que tenemos de que sabr\u00e1n cumplir el deber, de que sabr\u00e1n realizar y llevar a cabo todo lo que hay que hacer en estos tiempos para alcanzar la victoria!.<\/strong><\/em><\/p>\n<p>La visita de Fidel a Villa Clara en 1996 dej\u00f3 un legado de unidad, esperanza y compromiso que sigue inspirando a las generaciones actuales.<\/p>\n<h6><em><strong>\u00a0<\/strong><\/em><\/h6>\n<\/div>\n<\/article>\n<\/div>\n<\/div>\n<p>&nbsp;<\/p>\n","protected":false},"excerpt":{"rendered":"<p>Santa Clara, Cuba. \u2013 Hurac\u00e1n, hurac\u00e1n fue lo que hicimos nosotros aquel d\u00eda en Santa Clara. As\u00ed le recordaba Fidel<\/p>\n<div class='heateor_sss_sharing_container heateor_sss_vertical_sharing heateor_sss_bottom_sharing' style='width:44px;left: -10px;top: 100px;-webkit-box-shadow:none;box-shadow:none;' ><div class=\"heateor_sss_sharing_ul\"><a class=\"heateor_sss_amp heateor_sss_amp_facebook\" href=\"https:\/\/www.facebook.com\/sharer\/sharer.php?u=https%3A%2F%2Fwww.radiomajaguabo.icrt.cu%2Findex.php%3Frest_route%3D%252Fwp%252Fv2%252Fposts%252F5022\" title=\"Facebook\" rel=\"nofollow noopener\" target=\"_blank\"><amp-img src=\"https:\/\/www.radiomajaguabo.icrt.cu\/wp-content\/plugins\/sassy-social-share\/public\/..\/images\/amp\/facebook.svg\" width=\"40\" height=\"40\" alt=\"Facebook\" class=\"amp-wp-enforced-sizes\" style=\"width: 40px;\"><\/amp-img><\/a><a class=\"heateor_sss_amp heateor_sss_amp_linkedin\" href=\"https:\/\/www.linkedin.com\/sharing\/share-offsite\/?url=https%3A%2F%2Fwww.radiomajaguabo.icrt.cu%2Findex.php%3Frest_route%3D%252Fwp%252Fv2%252Fposts%252F5022\" title=\"Linkedin\" rel=\"nofollow noopener\" target=\"_blank\"><amp-img src=\"https:\/\/www.radiomajaguabo.icrt.cu\/wp-content\/plugins\/sassy-social-share\/public\/..\/images\/amp\/linkedin.svg\" width=\"40\" height=\"40\" alt=\"Linkedin\" class=\"amp-wp-enforced-sizes\" style=\"width: 40px;\"><\/amp-img><\/a><a class=\"heateor_sss_amp heateor_sss_amp_whatsapp\" href=\"https:\/\/api.whatsapp.com\/send?text=Radio%20Majaguabo%20-%20Emisora%20Radio%20Majaguabo%2C%20San%20Luis%2C%20Santiago%20de%20Cuba%2C%20Cuba%20https%3A%2F%2Fwww.radiomajaguabo.icrt.cu%2Findex.php%3Frest_route%3D%252Fwp%252Fv2%252Fposts%252F5022\" title=\"Whatsapp\" rel=\"nofollow noopener\" target=\"_blank\"><amp-img src=\"https:\/\/www.radiomajaguabo.icrt.cu\/wp-content\/plugins\/sassy-social-share\/public\/..\/images\/amp\/whatsapp.svg\" width=\"40\" height=\"40\" alt=\"Whatsapp\" class=\"amp-wp-enforced-sizes\" style=\"width: 40px;\"><\/amp-img><\/a><a class=\"heateor_sss_amp heateor_sss_amp_instagram\" href=\"https:\/\/www.instagram.com\/\" title=\"Instagram\" rel=\"nofollow noopener\" target=\"_blank\"><amp-img src=\"https:\/\/www.radiomajaguabo.icrt.cu\/wp-content\/plugins\/sassy-social-share\/public\/..\/images\/amp\/instagram.svg\" width=\"40\" height=\"40\" alt=\"Instagram\" class=\"amp-wp-enforced-sizes\" style=\"width: 40px;\"><\/amp-img><\/a><a class=\"heateor_sss_amp heateor_sss_amp_x\" href=\"https:\/\/twitter.com\/intent\/tweet?text=Radio%20Majaguabo%20-%20Emisora%20Radio%20Majaguabo%2C%20San%20Luis%2C%20Santiago%20de%20Cuba%2C%20Cuba&url=https%3A%2F%2Fwww.radiomajaguabo.icrt.cu%2Findex.php%3Frest_route%3D%252Fwp%252Fv2%252Fposts%252F5022\" title=\"X\" rel=\"nofollow noopener\" target=\"_blank\"><amp-img src=\"https:\/\/www.radiomajaguabo.icrt.cu\/wp-content\/plugins\/sassy-social-share\/public\/..\/images\/amp\/x.svg\" width=\"40\" height=\"40\" alt=\"X\" class=\"amp-wp-enforced-sizes\" style=\"width:40px;\"><\/amp-img><\/a><\/div><div class=\"heateorSssClear\"><\/div><\/div>","protected":false},"author":1,"featured_media":5027,"comment_status":"open","ping_status":"open","sticky":false,"template":"","format":"standard","meta":{"colormag_page_layout":"default_layout","footnotes":""},"categories":[6,9,8],"tags":[47,151,1531,1532,1533],"ppma_author":[37],"class_list":["post-5022","post","type-post","status-publish","format-standard","has-post-thumbnail","hentry","category-cultura","category-historia","category-nacionales","tag-diaz-canel","tag-fidel-castro","tag-gala","tag-plaza-del-che","tag-villa-clara"],"authors":[{"term_id":37,"user_id":1,"is_guest":0,"slug":"alberterie","display_name":"Administrador","avatar_url":"https:\/\/secure.gravatar.com\/avatar\/c7c20c93c5f4c81e7a7dc9b02a42095ae8875c9af446129683aaa06faf7fd1f3?s=96&d=mm&r=g","author_category":"","user_url":"https:\/\/www.radiomajaguabo.icrt.cu","last_name":"Alberterie Rivero","first_name":"Pedro","job_title":"","description":""}],"amp_enabled":true,"_links":{"self":[{"href":"https:\/\/www.radiomajaguabo.icrt.cu\/index.php?rest_route=\/wp\/v2\/posts\/5022","targetHints":{"allow":["GET"]}}],"collection":[{"href":"https:\/\/www.radiomajaguabo.icrt.cu\/index.php?rest_route=\/wp\/v2\/posts"}],"about":[{"href":"https:\/\/www.radiomajaguabo.icrt.cu\/index.php?rest_route=\/wp\/v2\/types\/post"}],"author":[{"embeddable":true,"href":"https:\/\/www.radiomajaguabo.icrt.cu\/index.php?rest_route=\/wp\/v2\/users\/1"}],"replies":[{"embeddable":true,"href":"https:\/\/www.radiomajaguabo.icrt.cu\/index.php?rest_route=%2Fwp%2Fv2%2Fcomments&post=5022"}],"version-history":[{"count":1,"href":"https:\/\/www.radiomajaguabo.icrt.cu\/index.php?rest_route=\/wp\/v2\/posts\/5022\/revisions"}],"predecessor-version":[{"id":5028,"href":"https:\/\/www.radiomajaguabo.icrt.cu\/index.php?rest_route=\/wp\/v2\/posts\/5022\/revisions\/5028"}],"wp:featuredmedia":[{"embeddable":true,"href":"https:\/\/www.radiomajaguabo.icrt.cu\/index.php?rest_route=\/wp\/v2\/media\/5027"}],"wp:attachment":[{"href":"https:\/\/www.radiomajaguabo.icrt.cu\/index.php?rest_route=%2Fwp%2Fv2%2Fmedia&parent=5022"}],"wp:term":[{"taxonomy":"category","embeddable":true,"href":"https:\/\/www.radiomajaguabo.icrt.cu\/index.php?rest_route=%2Fwp%2Fv2%2Fcategories&post=5022"},{"taxonomy":"post_tag","embeddable":true,"href":"https:\/\/www.radiomajaguabo.icrt.cu\/index.php?rest_route=%2Fwp%2Fv2%2Ftags&post=5022"},{"taxonomy":"author","embeddable":true,"href":"https:\/\/www.radiomajaguabo.icrt.cu\/index.php?rest_route=%2Fwp%2Fv2%2Fppma_author&post=5022"}],"curies":[{"name":"wp","href":"https:\/\/api.w.org\/{rel}","templated":true}]}}