{"id":5021,"date":"2023-09-30T19:25:37","date_gmt":"2023-09-30T19:25:37","guid":{"rendered":"https:\/\/www.radiomajaguabo.icrt.cu\/?p=5021"},"modified":"2023-09-30T19:25:37","modified_gmt":"2023-09-30T19:25:37","slug":"fidel-pensaba-en-la-gente-cada-segundo","status":"publish","type":"post","link":"https:\/\/www.radiomajaguabo.icrt.cu\/?p=5021","title":{"rendered":"Fidel pensaba en la gente cada segundo"},"content":{"rendered":"<p>Mosc\u00fa, Rusia.\u2013El miembro del Bur\u00f3 Pol\u00edtico del Comit\u00e9 Central del Partido, Esteban Lazo Hern\u00e1ndez, presidente de la Asamblea Nacional del Poder Popular y del Consejo de Estado, inici\u00f3 una visita oficial a la Federaci\u00f3n de Rusia, con el objetivo de participar en la Conferencia Parlamentaria Internacional Rusia-Am\u00e9rica Latina, que se celebra en Mosc\u00fa desde ayer, hasta el 2 de octubre, y cuenta con m\u00e1s de 200 participantes.<!--more--><\/p>\n<p>En el aeropuerto internacional Vn\u00fakovo, Lazo fue recibido por Dmitry Novikov, primer vicepresidente del Comit\u00e9 de Relaciones Internacionales de la Duma Estatal de la Asamblea Federal de la Federaci\u00f3n de Rusia, y presidente del Grupo Parlamentario de Amistad Rusia-Cuba, y por el embajador Julio Garmend\u00eda.<\/p>\n<p><strong>Foto: <\/strong>Tomada del sitio del Parlamento<\/p>\n<p>En la Conferencia, el Jefe de Estado ruso record\u00f3 sus encuentros con el l\u00edder hist\u00f3rico de la Revoluci\u00f3n Cubana, Fidel Castro Ruz. \u00abEra un hombre que pensaba en la gente cada segundo, y no solo en los cubanos: pensaba en toda Am\u00e9rica Latina, pensaba en todas las personas del planeta. Y, de hecho, toda su conciencia estaba imbuida de la preocupaci\u00f3n por lograr el bien com\u00fan y la justicia. Esta era una personalidad \u00fanica. Este es el tipo de personas que produce Am\u00e9rica Latina\u00bb, signific\u00f3.<\/p>\n<p>Sobre las relaciones rusas con los pa\u00edses latinoamericanos, destac\u00f3 que son, en primer lugar, amistosas, constructivas y mutuamente beneficiosas; y se desarrollan sobre la base de la igualdad y la consideraci\u00f3n mutua de intereses.<\/p>\n<p>De acuerdo con el sitio del Parlamento cubano, Esteban Lazo desarrollar\u00e1 un amplio programa de actividades, que incluir\u00e1 conversaciones oficiales con autoridades parlamentarias rusas, dirigentes gubernamentales y encuentros bilaterales con jefes de delegaciones de \u00f3rganos legislativos latinoamericanos, entre otras.<\/p>\n<p>La delegaci\u00f3n est\u00e1 integrada por los diputados Cristina Luna Morales, Rolando Gonz\u00e1lez Patricio, F\u00e9lix Mart\u00ednez Su\u00e1rez y Jos\u00e9 Luis Toledo Santander, presidentes de las comisiones de Salud y Deporte, de Relaciones Internacionales, de Asuntos Econ\u00f3micos, y de Asuntos Constitucionales y Jur\u00eddicos del Parlamento cubano, respectivamente; as\u00ed como por Juan Carlos Mars\u00e1n Aguilera, vicejefe del Departamento de Relaciones Internacionales del Comit\u00e9 Central del Partido, entre otros funcionarios del Ministerio de Relaciones Exteriores y las Oficinas Auxiliares de la Asamblea Nacional.<\/p>\n","protected":false},"excerpt":{"rendered":"<p>Mosc\u00fa, Rusia.\u2013El miembro del Bur\u00f3 Pol\u00edtico del Comit\u00e9 Central del Partido, Esteban Lazo Hern\u00e1ndez, presidente de la Asamblea Nacional del<\/p>\n<div class='heateor_sss_sharing_container heateor_sss_vertical_sharing heateor_sss_bottom_sharing' style='width:44px;left: -10px;top: 100px;-webkit-box-shadow:none;box-shadow:none;' ><div class=\"heateor_sss_sharing_ul\"><a class=\"heateor_sss_amp heateor_sss_amp_facebook\" href=\"https:\/\/www.facebook.com\/sharer\/sharer.php?u=https%3A%2F%2Fwww.radiomajaguabo.icrt.cu%2Findex.php%3Frest_route%3D%252Fwp%252Fv2%252Fposts%252F5021\" title=\"Facebook\" rel=\"nofollow noopener\" target=\"_blank\"><amp-img src=\"https:\/\/www.radiomajaguabo.icrt.cu\/wp-content\/plugins\/sassy-social-share\/public\/..\/images\/amp\/facebook.svg\" width=\"40\" height=\"40\" alt=\"Facebook\" class=\"amp-wp-enforced-sizes\" style=\"width: 40px;\"><\/amp-img><\/a><a class=\"heateor_sss_amp heateor_sss_amp_linkedin\" href=\"https:\/\/www.linkedin.com\/sharing\/share-offsite\/?url=https%3A%2F%2Fwww.radiomajaguabo.icrt.cu%2Findex.php%3Frest_route%3D%252Fwp%252Fv2%252Fposts%252F5021\" title=\"Linkedin\" rel=\"nofollow noopener\" target=\"_blank\"><amp-img src=\"https:\/\/www.radiomajaguabo.icrt.cu\/wp-content\/plugins\/sassy-social-share\/public\/..\/images\/amp\/linkedin.svg\" width=\"40\" height=\"40\" alt=\"Linkedin\" class=\"amp-wp-enforced-sizes\" style=\"width: 40px;\"><\/amp-img><\/a><a class=\"heateor_sss_amp heateor_sss_amp_whatsapp\" href=\"https:\/\/api.whatsapp.com\/send?text=Radio%20Majaguabo%20-%20Emisora%20Radio%20Majaguabo%2C%20San%20Luis%2C%20Santiago%20de%20Cuba%2C%20Cuba%20https%3A%2F%2Fwww.radiomajaguabo.icrt.cu%2Findex.php%3Frest_route%3D%252Fwp%252Fv2%252Fposts%252F5021\" title=\"Whatsapp\" rel=\"nofollow noopener\" target=\"_blank\"><amp-img src=\"https:\/\/www.radiomajaguabo.icrt.cu\/wp-content\/plugins\/sassy-social-share\/public\/..\/images\/amp\/whatsapp.svg\" width=\"40\" height=\"40\" alt=\"Whatsapp\" class=\"amp-wp-enforced-sizes\" style=\"width: 40px;\"><\/amp-img><\/a><a class=\"heateor_sss_amp heateor_sss_amp_instagram\" href=\"https:\/\/www.instagram.com\/\" title=\"Instagram\" rel=\"nofollow noopener\" target=\"_blank\"><amp-img src=\"https:\/\/www.radiomajaguabo.icrt.cu\/wp-content\/plugins\/sassy-social-share\/public\/..\/images\/amp\/instagram.svg\" width=\"40\" height=\"40\" alt=\"Instagram\" class=\"amp-wp-enforced-sizes\" style=\"width: 40px;\"><\/amp-img><\/a><a class=\"heateor_sss_amp heateor_sss_amp_x\" href=\"https:\/\/twitter.com\/intent\/tweet?text=Radio%20Majaguabo%20-%20Emisora%20Radio%20Majaguabo%2C%20San%20Luis%2C%20Santiago%20de%20Cuba%2C%20Cuba&url=https%3A%2F%2Fwww.radiomajaguabo.icrt.cu%2Findex.php%3Frest_route%3D%252Fwp%252Fv2%252Fposts%252F5021\" title=\"X\" rel=\"nofollow noopener\" target=\"_blank\"><amp-img src=\"https:\/\/www.radiomajaguabo.icrt.cu\/wp-content\/plugins\/sassy-social-share\/public\/..\/images\/amp\/x.svg\" width=\"40\" height=\"40\" alt=\"X\" class=\"amp-wp-enforced-sizes\" style=\"width:40px;\"><\/amp-img><\/a><\/div><div class=\"heateorSssClear\"><\/div><\/div>","protected":false},"author":1,"featured_media":5023,"comment_status":"open","ping_status":"open","sticky":false,"template":"","format":"standard","meta":{"colormag_page_layout":"default_layout","footnotes":""},"categories":[8],"tags":[1528,1530,184,1300,1529,153],"ppma_author":[37],"class_list":["post-5021","post","type-post","status-publish","format-standard","has-post-thumbnail","hentry","category-nacionales","tag-conferencia-parlamentaria","tag-delegacion-cubana","tag-esteban-lazo","tag-moscu","tag-rusia-america-latina","tag-vladimir-putin"],"authors":[{"term_id":37,"user_id":1,"is_guest":0,"slug":"alberterie","display_name":"Administrador","avatar_url":"https:\/\/secure.gravatar.com\/avatar\/c7c20c93c5f4c81e7a7dc9b02a42095ae8875c9af446129683aaa06faf7fd1f3?s=96&d=mm&r=g","author_category":"","user_url":"https:\/\/www.radiomajaguabo.icrt.cu","last_name":"Alberterie Rivero","first_name":"Pedro","job_title":"","description":""}],"amp_enabled":true,"_links":{"self":[{"href":"https:\/\/www.radiomajaguabo.icrt.cu\/index.php?rest_route=\/wp\/v2\/posts\/5021","targetHints":{"allow":["GET"]}}],"collection":[{"href":"https:\/\/www.radiomajaguabo.icrt.cu\/index.php?rest_route=\/wp\/v2\/posts"}],"about":[{"href":"https:\/\/www.radiomajaguabo.icrt.cu\/index.php?rest_route=\/wp\/v2\/types\/post"}],"author":[{"embeddable":true,"href":"https:\/\/www.radiomajaguabo.icrt.cu\/index.php?rest_route=\/wp\/v2\/users\/1"}],"replies":[{"embeddable":true,"href":"https:\/\/www.radiomajaguabo.icrt.cu\/index.php?rest_route=%2Fwp%2Fv2%2Fcomments&post=5021"}],"version-history":[{"count":1,"href":"https:\/\/www.radiomajaguabo.icrt.cu\/index.php?rest_route=\/wp\/v2\/posts\/5021\/revisions"}],"predecessor-version":[{"id":5024,"href":"https:\/\/www.radiomajaguabo.icrt.cu\/index.php?rest_route=\/wp\/v2\/posts\/5021\/revisions\/5024"}],"wp:featuredmedia":[{"embeddable":true,"href":"https:\/\/www.radiomajaguabo.icrt.cu\/index.php?rest_route=\/wp\/v2\/media\/5023"}],"wp:attachment":[{"href":"https:\/\/www.radiomajaguabo.icrt.cu\/index.php?rest_route=%2Fwp%2Fv2%2Fmedia&parent=5021"}],"wp:term":[{"taxonomy":"category","embeddable":true,"href":"https:\/\/www.radiomajaguabo.icrt.cu\/index.php?rest_route=%2Fwp%2Fv2%2Fcategories&post=5021"},{"taxonomy":"post_tag","embeddable":true,"href":"https:\/\/www.radiomajaguabo.icrt.cu\/index.php?rest_route=%2Fwp%2Fv2%2Ftags&post=5021"},{"taxonomy":"author","embeddable":true,"href":"https:\/\/www.radiomajaguabo.icrt.cu\/index.php?rest_route=%2Fwp%2Fv2%2Fppma_author&post=5021"}],"curies":[{"name":"wp","href":"https:\/\/api.w.org\/{rel}","templated":true}]}}