{"id":5020,"date":"2023-09-30T19:30:07","date_gmt":"2023-09-30T19:30:07","guid":{"rendered":"https:\/\/www.radiomajaguabo.icrt.cu\/?p=5020"},"modified":"2023-09-30T19:30:07","modified_gmt":"2023-09-30T19:30:07","slug":"asistio-diaz-canel-a-asamblea-del-poder-popular-en-santa-clara-fotos","status":"publish","type":"post","link":"https:\/\/www.radiomajaguabo.icrt.cu\/?p=5020","title":{"rendered":"Asisti\u00f3 D\u00edaz-Canel a Asamblea del Poder Popular en Santa Clara (Fotos)"},"content":{"rendered":"<p>Villa Clara, Cuba. \u2013 El presidente de Cuba, Miguel D\u00edaz-Canel, particip\u00f3 este s\u00e1bado en Santa Clara en la Asamblea Municipal del Poder Popular, en su condici\u00f3n de diputado al Parlamento nacional por esta urbe del centro del pa\u00eds.<!--more--><\/p>\n<p>Tomado de Radio Reloj<\/p>\n<p>Entre los temas a debate, conducidos por Osmany Garc\u00eda, presidente del \u00f3rgano de Gobierno municipal, los delegados abordaron temas como el cumplimiento a los subprogramas de consumo social.<\/p>\n<p>Se enfatiza, en el estado actual de la comercializaci\u00f3n de las producciones de viandas, hortalizas, frutas y productos a partir de la peque\u00f1a industria, as\u00ed como el consumo de hortalizas en c\u00edrculos infantiles, hospitales, hogares de ancianos, entre otros.<\/p>\n<p>En el encuentro se analizaron los contratos con cosechadores a trav\u00e9s de formas productivas, dirigidos a reducir costos y con ello disminuir precios minoristas, as\u00ed como la integraci\u00f3n entre la empresa, la comunidad, la Salud P\u00fablica y la Educaci\u00f3n.<\/p>\n<p><img loading=\"lazy\" decoding=\"async\" class=\"aligncenter wp-image-501896 size-large\" src=\"https:\/\/www.radioreloj.cu\/wp-content\/uploads\/2023\/09\/384481164_299627829480437_1710109779456726790_n-800x533.jpg\" sizes=\"auto, (max-width: 800px) 100vw, 800px\" srcset=\"https:\/\/www.radioreloj.cu\/wp-content\/uploads\/2023\/09\/384481164_299627829480437_1710109779456726790_n-800x533.jpg 800w, https:\/\/www.radioreloj.cu\/wp-content\/uploads\/2023\/09\/384481164_299627829480437_1710109779456726790_n-300x200.jpg 300w, https:\/\/www.radioreloj.cu\/wp-content\/uploads\/2023\/09\/384481164_299627829480437_1710109779456726790_n-768x512.jpg 768w, https:\/\/www.radioreloj.cu\/wp-content\/uploads\/2023\/09\/384481164_299627829480437_1710109779456726790_n.jpg 1080w\" alt=\"\" width=\"800\" height=\"533\" \/><\/p>\n<p><img loading=\"lazy\" decoding=\"async\" class=\"aligncenter wp-image-501895 size-large\" src=\"https:\/\/www.radioreloj.cu\/wp-content\/uploads\/2023\/09\/384302339_1058741421784765_1094711129382834970_n-800x533.jpg\" sizes=\"auto, (max-width: 800px) 100vw, 800px\" srcset=\"https:\/\/www.radioreloj.cu\/wp-content\/uploads\/2023\/09\/384302339_1058741421784765_1094711129382834970_n-800x533.jpg 800w, https:\/\/www.radioreloj.cu\/wp-content\/uploads\/2023\/09\/384302339_1058741421784765_1094711129382834970_n-300x200.jpg 300w, https:\/\/www.radioreloj.cu\/wp-content\/uploads\/2023\/09\/384302339_1058741421784765_1094711129382834970_n-768x512.jpg 768w, https:\/\/www.radioreloj.cu\/wp-content\/uploads\/2023\/09\/384302339_1058741421784765_1094711129382834970_n.jpg 1080w\" alt=\"\" width=\"800\" height=\"533\" \/><\/p>\n<p><img loading=\"lazy\" decoding=\"async\" class=\"aligncenter wp-image-501894 size-large\" src=\"https:\/\/www.radioreloj.cu\/wp-content\/uploads\/2023\/09\/383035493_701625295342459_8093249264580766138_n-800x533.jpg\" sizes=\"auto, (max-width: 800px) 100vw, 800px\" srcset=\"https:\/\/www.radioreloj.cu\/wp-content\/uploads\/2023\/09\/383035493_701625295342459_8093249264580766138_n-800x533.jpg 800w, https:\/\/www.radioreloj.cu\/wp-content\/uploads\/2023\/09\/383035493_701625295342459_8093249264580766138_n-300x200.jpg 300w, https:\/\/www.radioreloj.cu\/wp-content\/uploads\/2023\/09\/383035493_701625295342459_8093249264580766138_n-768x512.jpg 768w, https:\/\/www.radioreloj.cu\/wp-content\/uploads\/2023\/09\/383035493_701625295342459_8093249264580766138_n.jpg 1080w\" alt=\"\" width=\"800\" height=\"533\" \/><\/p>\n<h6><em><strong>\u00a0<\/strong><\/em><\/h6>\n","protected":false},"excerpt":{"rendered":"<p>Villa Clara, Cuba. \u2013 El presidente de Cuba, Miguel D\u00edaz-Canel, particip\u00f3 este s\u00e1bado en Santa Clara en la Asamblea Municipal<\/p>\n<div class='heateor_sss_sharing_container heateor_sss_vertical_sharing heateor_sss_bottom_sharing' style='width:44px;left: -10px;top: 100px;-webkit-box-shadow:none;box-shadow:none;' ><div class=\"heateor_sss_sharing_ul\"><a class=\"heateor_sss_amp heateor_sss_amp_facebook\" href=\"https:\/\/www.facebook.com\/sharer\/sharer.php?u=https%3A%2F%2Fwww.radiomajaguabo.icrt.cu%2Findex.php%3Frest_route%3D%252Fwp%252Fv2%252Fposts%252F5020\" title=\"Facebook\" rel=\"nofollow noopener\" target=\"_blank\"><amp-img src=\"https:\/\/www.radiomajaguabo.icrt.cu\/wp-content\/plugins\/sassy-social-share\/public\/..\/images\/amp\/facebook.svg\" width=\"40\" height=\"40\" alt=\"Facebook\" class=\"amp-wp-enforced-sizes\" style=\"width: 40px;\"><\/amp-img><\/a><a class=\"heateor_sss_amp heateor_sss_amp_linkedin\" href=\"https:\/\/www.linkedin.com\/sharing\/share-offsite\/?url=https%3A%2F%2Fwww.radiomajaguabo.icrt.cu%2Findex.php%3Frest_route%3D%252Fwp%252Fv2%252Fposts%252F5020\" title=\"Linkedin\" rel=\"nofollow noopener\" target=\"_blank\"><amp-img src=\"https:\/\/www.radiomajaguabo.icrt.cu\/wp-content\/plugins\/sassy-social-share\/public\/..\/images\/amp\/linkedin.svg\" width=\"40\" height=\"40\" alt=\"Linkedin\" class=\"amp-wp-enforced-sizes\" style=\"width: 40px;\"><\/amp-img><\/a><a class=\"heateor_sss_amp heateor_sss_amp_whatsapp\" href=\"https:\/\/api.whatsapp.com\/send?text=Radio%20Majaguabo%20-%20Emisora%20Radio%20Majaguabo%2C%20San%20Luis%2C%20Santiago%20de%20Cuba%2C%20Cuba%20https%3A%2F%2Fwww.radiomajaguabo.icrt.cu%2Findex.php%3Frest_route%3D%252Fwp%252Fv2%252Fposts%252F5020\" title=\"Whatsapp\" rel=\"nofollow noopener\" target=\"_blank\"><amp-img src=\"https:\/\/www.radiomajaguabo.icrt.cu\/wp-content\/plugins\/sassy-social-share\/public\/..\/images\/amp\/whatsapp.svg\" width=\"40\" height=\"40\" alt=\"Whatsapp\" class=\"amp-wp-enforced-sizes\" style=\"width: 40px;\"><\/amp-img><\/a><a class=\"heateor_sss_amp heateor_sss_amp_instagram\" href=\"https:\/\/www.instagram.com\/\" title=\"Instagram\" rel=\"nofollow noopener\" target=\"_blank\"><amp-img src=\"https:\/\/www.radiomajaguabo.icrt.cu\/wp-content\/plugins\/sassy-social-share\/public\/..\/images\/amp\/instagram.svg\" width=\"40\" height=\"40\" alt=\"Instagram\" class=\"amp-wp-enforced-sizes\" style=\"width: 40px;\"><\/amp-img><\/a><a class=\"heateor_sss_amp heateor_sss_amp_x\" href=\"https:\/\/twitter.com\/intent\/tweet?text=Radio%20Majaguabo%20-%20Emisora%20Radio%20Majaguabo%2C%20San%20Luis%2C%20Santiago%20de%20Cuba%2C%20Cuba&url=https%3A%2F%2Fwww.radiomajaguabo.icrt.cu%2Findex.php%3Frest_route%3D%252Fwp%252Fv2%252Fposts%252F5020\" title=\"X\" rel=\"nofollow noopener\" target=\"_blank\"><amp-img src=\"https:\/\/www.radiomajaguabo.icrt.cu\/wp-content\/plugins\/sassy-social-share\/public\/..\/images\/amp\/x.svg\" width=\"40\" height=\"40\" alt=\"X\" class=\"amp-wp-enforced-sizes\" style=\"width:40px;\"><\/amp-img><\/a><\/div><div class=\"heateorSssClear\"><\/div><\/div>","protected":false},"author":1,"featured_media":5025,"comment_status":"open","ping_status":"open","sticky":false,"template":"","format":"standard","meta":{"colormag_page_layout":"default_layout","footnotes":""},"categories":[9,8],"tags":[],"ppma_author":[37],"class_list":["post-5020","post","type-post","status-publish","format-standard","has-post-thumbnail","hentry","category-historia","category-nacionales"],"authors":[{"term_id":37,"user_id":1,"is_guest":0,"slug":"alberterie","display_name":"Administrador","avatar_url":"https:\/\/secure.gravatar.com\/avatar\/c7c20c93c5f4c81e7a7dc9b02a42095ae8875c9af446129683aaa06faf7fd1f3?s=96&d=mm&r=g","author_category":"","user_url":"https:\/\/www.radiomajaguabo.icrt.cu","last_name":"Alberterie Rivero","first_name":"Pedro","job_title":"","description":""}],"amp_enabled":true,"_links":{"self":[{"href":"https:\/\/www.radiomajaguabo.icrt.cu\/index.php?rest_route=\/wp\/v2\/posts\/5020","targetHints":{"allow":["GET"]}}],"collection":[{"href":"https:\/\/www.radiomajaguabo.icrt.cu\/index.php?rest_route=\/wp\/v2\/posts"}],"about":[{"href":"https:\/\/www.radiomajaguabo.icrt.cu\/index.php?rest_route=\/wp\/v2\/types\/post"}],"author":[{"embeddable":true,"href":"https:\/\/www.radiomajaguabo.icrt.cu\/index.php?rest_route=\/wp\/v2\/users\/1"}],"replies":[{"embeddable":true,"href":"https:\/\/www.radiomajaguabo.icrt.cu\/index.php?rest_route=%2Fwp%2Fv2%2Fcomments&post=5020"}],"version-history":[{"count":1,"href":"https:\/\/www.radiomajaguabo.icrt.cu\/index.php?rest_route=\/wp\/v2\/posts\/5020\/revisions"}],"predecessor-version":[{"id":5026,"href":"https:\/\/www.radiomajaguabo.icrt.cu\/index.php?rest_route=\/wp\/v2\/posts\/5020\/revisions\/5026"}],"wp:featuredmedia":[{"embeddable":true,"href":"https:\/\/www.radiomajaguabo.icrt.cu\/index.php?rest_route=\/wp\/v2\/media\/5025"}],"wp:attachment":[{"href":"https:\/\/www.radiomajaguabo.icrt.cu\/index.php?rest_route=%2Fwp%2Fv2%2Fmedia&parent=5020"}],"wp:term":[{"taxonomy":"category","embeddable":true,"href":"https:\/\/www.radiomajaguabo.icrt.cu\/index.php?rest_route=%2Fwp%2Fv2%2Fcategories&post=5020"},{"taxonomy":"post_tag","embeddable":true,"href":"https:\/\/www.radiomajaguabo.icrt.cu\/index.php?rest_route=%2Fwp%2Fv2%2Ftags&post=5020"},{"taxonomy":"author","embeddable":true,"href":"https:\/\/www.radiomajaguabo.icrt.cu\/index.php?rest_route=%2Fwp%2Fv2%2Fppma_author&post=5020"}],"curies":[{"name":"wp","href":"https:\/\/api.w.org\/{rel}","templated":true}]}}