{"id":4997,"date":"2023-09-29T13:12:58","date_gmt":"2023-09-29T13:12:58","guid":{"rendered":"https:\/\/www.radiomajaguabo.icrt.cu\/?p=4997"},"modified":"2023-09-29T13:15:30","modified_gmt":"2023-09-29T13:15:30","slug":"teresa-rojas-monzon-de-visita-en-san-luis-fotos","status":"publish","type":"post","link":"https:\/\/www.radiomajaguabo.icrt.cu\/?p=4997","title":{"rendered":"Teresa Rojas Monz\u00f3n de visita en San Luis (FOTOS)"},"content":{"rendered":"<div dir=\"auto\"><strong>San Luis, Santiago de Cuba, sept. 29, 23._<\/strong> Teresa Rojas Monz\u00f3n, Funcionaria de la Estructura Auxiliar del Consejo de Ministros, visit\u00f3 este municipio, donde sostuvo un intercambio con Directores del territorio, se interes\u00f3 por la marcha de algunos programas como la producci\u00f3n de alimentos, la bancarizaci\u00f3n y el ahorro energ\u00e9tico y los compromisos para saludar el 65 aniversario del Triunfo de la Revoluci\u00f3n.<\/div>\n<p><!--more--><\/p>\n<div dir=\"auto\"><img loading=\"lazy\" decoding=\"async\" class=\" wp-image-5000 aligncenter\" src=\"https:\/\/www.radiomajaguabo.icrt.cu\/wp-content\/uploads\/2023\/09\/teresa_rojas_monzon_sanluis3-300x182.jpg\" alt=\"\" width=\"472\" height=\"286\" srcset=\"https:\/\/www.radiomajaguabo.icrt.cu\/wp-content\/uploads\/2023\/09\/teresa_rojas_monzon_sanluis3-300x182.jpg 300w, https:\/\/www.radiomajaguabo.icrt.cu\/wp-content\/uploads\/2023\/09\/teresa_rojas_monzon_sanluis3.jpg 640w\" sizes=\"auto, (max-width: 472px) 100vw, 472px\" \/><\/div>\n<div dir=\"auto\"><\/div>\n<div dir=\"auto\"><img loading=\"lazy\" decoding=\"async\" class=\" wp-image-5001 aligncenter\" src=\"https:\/\/www.radiomajaguabo.icrt.cu\/wp-content\/uploads\/2023\/09\/teresa_rojas_monzon_sanluis4-300x169.jpg\" alt=\"\" width=\"470\" height=\"265\" srcset=\"https:\/\/www.radiomajaguabo.icrt.cu\/wp-content\/uploads\/2023\/09\/teresa_rojas_monzon_sanluis4-300x169.jpg 300w, https:\/\/www.radiomajaguabo.icrt.cu\/wp-content\/uploads\/2023\/09\/teresa_rojas_monzon_sanluis4.jpg 640w\" sizes=\"auto, (max-width: 470px) 100vw, 470px\" \/><\/div>\n<div dir=\"auto\"><\/div>\n<div dir=\"auto\"><img loading=\"lazy\" decoding=\"async\" class=\" wp-image-5002 aligncenter\" src=\"https:\/\/www.radiomajaguabo.icrt.cu\/wp-content\/uploads\/2023\/09\/teresa_rojas_monzon_sanluis5-300x169.jpg\" alt=\"\" width=\"474\" height=\"267\" srcset=\"https:\/\/www.radiomajaguabo.icrt.cu\/wp-content\/uploads\/2023\/09\/teresa_rojas_monzon_sanluis5-300x169.jpg 300w, https:\/\/www.radiomajaguabo.icrt.cu\/wp-content\/uploads\/2023\/09\/teresa_rojas_monzon_sanluis5.jpg 640w\" sizes=\"auto, (max-width: 474px) 100vw, 474px\" \/><\/div>\n<div dir=\"auto\"><\/div>\n<div dir=\"auto\"><img loading=\"lazy\" decoding=\"async\" class=\" wp-image-5002 aligncenter\" src=\"https:\/\/www.radiomajaguabo.icrt.cu\/wp-content\/uploads\/2023\/09\/teresa_rojas_monzon_sanluis5-300x169.jpg\" alt=\"\" width=\"472\" height=\"266\" srcset=\"https:\/\/www.radiomajaguabo.icrt.cu\/wp-content\/uploads\/2023\/09\/teresa_rojas_monzon_sanluis5-300x169.jpg 300w, https:\/\/www.radiomajaguabo.icrt.cu\/wp-content\/uploads\/2023\/09\/teresa_rojas_monzon_sanluis5.jpg 640w\" sizes=\"auto, (max-width: 472px) 100vw, 472px\" \/><\/div>\n<div dir=\"auto\"><\/div>\n<div dir=\"auto\"><img loading=\"lazy\" decoding=\"async\" class=\" wp-image-5003 aligncenter\" src=\"https:\/\/www.radiomajaguabo.icrt.cu\/wp-content\/uploads\/2023\/09\/teresa_rojas_monzon_sanluis6-300x169.jpg\" alt=\"\" width=\"474\" height=\"267\" srcset=\"https:\/\/www.radiomajaguabo.icrt.cu\/wp-content\/uploads\/2023\/09\/teresa_rojas_monzon_sanluis6-300x169.jpg 300w, https:\/\/www.radiomajaguabo.icrt.cu\/wp-content\/uploads\/2023\/09\/teresa_rojas_monzon_sanluis6.jpg 640w\" sizes=\"auto, (max-width: 474px) 100vw, 474px\" \/><\/div>\n<div dir=\"auto\"><\/div>\n<div dir=\"auto\"><span class=\"x193iq5w xeuugli x13faqbe x1vvkbs x1xmvt09 x1lliihq x1s928wv xhkezso x1gmr53x x1cpjm7i x1fgarty x1943h6x xudqn12 x3x7a5m x6prxxf xvq8zen xo1l8bm xzsf02u x1yc453h\" dir=\"auto\">Rojas Monz\u00f3n sostuvo un encuentro con los directivos que atienden los diferentes Programas y Objetivos. La econom\u00eda, la producci\u00f3n de alimentos y los compromisos por el Aniversario de la Revoluci\u00f3n formaron parte de los temas del encuentro. Tambi\u00e9n visit\u00f3 la finca del productor Yorgendris Calder\u00f3n Garc\u00eda, el Sistema de Atenci\u00f3n a la Familia (SAF) La Cuevita y las instalaciones del nuevo Hogar Materno que se construye.<\/span><\/div>\n<div dir=\"auto\"><\/div>\n<div dir=\"auto\"><img loading=\"lazy\" decoding=\"async\" class=\" wp-image-5004 aligncenter\" src=\"https:\/\/www.radiomajaguabo.icrt.cu\/wp-content\/uploads\/2023\/09\/teresa_rojas_monzon_sanluis7-300x169.jpg\" alt=\"\" width=\"440\" height=\"248\" srcset=\"https:\/\/www.radiomajaguabo.icrt.cu\/wp-content\/uploads\/2023\/09\/teresa_rojas_monzon_sanluis7-300x169.jpg 300w, https:\/\/www.radiomajaguabo.icrt.cu\/wp-content\/uploads\/2023\/09\/teresa_rojas_monzon_sanluis7.jpg 640w\" sizes=\"auto, (max-width: 440px) 100vw, 440px\" \/><\/div>\n<div dir=\"auto\"><\/div>\n<div dir=\"auto\"><img loading=\"lazy\" decoding=\"async\" class=\" wp-image-4999 aligncenter\" src=\"https:\/\/www.radiomajaguabo.icrt.cu\/wp-content\/uploads\/2023\/09\/teresa_rojas_monzon_sanluis2-300x169.jpg\" alt=\"\" width=\"446\" height=\"251\" srcset=\"https:\/\/www.radiomajaguabo.icrt.cu\/wp-content\/uploads\/2023\/09\/teresa_rojas_monzon_sanluis2-300x169.jpg 300w, https:\/\/www.radiomajaguabo.icrt.cu\/wp-content\/uploads\/2023\/09\/teresa_rojas_monzon_sanluis2.jpg 640w\" sizes=\"auto, (max-width: 446px) 100vw, 446px\" \/><\/div>\n<div dir=\"auto\"><\/div>\n<div dir=\"auto\"><img loading=\"lazy\" decoding=\"async\" class=\" wp-image-4998 aligncenter\" src=\"https:\/\/www.radiomajaguabo.icrt.cu\/wp-content\/uploads\/2023\/09\/teresa_rojas_monzon_sanluis1-300x185.jpg\" alt=\"\" width=\"443\" height=\"273\" srcset=\"https:\/\/www.radiomajaguabo.icrt.cu\/wp-content\/uploads\/2023\/09\/teresa_rojas_monzon_sanluis1-300x185.jpg 300w, https:\/\/www.radiomajaguabo.icrt.cu\/wp-content\/uploads\/2023\/09\/teresa_rojas_monzon_sanluis1.jpg 640w\" sizes=\"auto, (max-width: 443px) 100vw, 443px\" \/><\/div>\n<div dir=\"auto\"><\/div>\n<div dir=\"auto\">La acompa\u00f1aron Yudith Cintra, Funcionaria del Partido Provincial, Odexa Fuentes, Coordinadora de Programas del Gobierno Provincial que atiende la Esfera Social, Yusmaikel Valier Ram\u00edrez, Primer Secretario del Partido en el territorio, Yasm\u00edn Tortoza S\u00e1nchez, Presidenta de la Asamblea Municipal del Poder Popular en San Luis y otros directivos.<\/div>\n<div dir=\"auto\"><a class=\"x1i10hfl xjbqb8w x6umtig x1b1mbwd xaqea5y xav7gou x9f619 x1ypdohk xt0psk2 xe8uvvx xdj266r x11i5rnm xat24cr x1mh8g0r xexx8yu x4uap5 x18d9i69 xkhd6sd x16tdsg8 x1hl2dhg xggy1nq x1a2a7pz xt0b8zv x1qq9wsj xo1l8bm\" tabindex=\"0\" role=\"link\" href=\"https:\/\/www.facebook.com\/hashtag\/santiagodecuba?__eep__=6&amp;__cft__[0]=AZXj9NAqsqM_uvwNbqQ6HG8WIp2Bf3M33druVnmA7tg7bL8NNeG4ZjXY1dJiQ7RCu3ZC6rRHOZ4_8_7sCb9q3HQbCdeJoVarK6KIL5sZt4Je976krlkePP-fdKIKN4Vi16aQmvBxlADqm98tVk7xYdSCIc-69gtNCg6KmqE2DF5_1Q&amp;__tn__=*NK-R\" target=\"_blank\" rel=\"noopener\">#SantiagodeCuba<\/a> <a class=\"x1i10hfl xjbqb8w x6umtig x1b1mbwd xaqea5y xav7gou x9f619 x1ypdohk xt0psk2 xe8uvvx xdj266r x11i5rnm xat24cr x1mh8g0r xexx8yu x4uap5 x18d9i69 xkhd6sd x16tdsg8 x1hl2dhg xggy1nq x1a2a7pz xt0b8zv x1qq9wsj xo1l8bm\" tabindex=\"0\" role=\"link\" href=\"https:\/\/www.facebook.com\/hashtag\/sanluis?__eep__=6&amp;__cft__[0]=AZXj9NAqsqM_uvwNbqQ6HG8WIp2Bf3M33druVnmA7tg7bL8NNeG4ZjXY1dJiQ7RCu3ZC6rRHOZ4_8_7sCb9q3HQbCdeJoVarK6KIL5sZt4Je976krlkePP-fdKIKN4Vi16aQmvBxlADqm98tVk7xYdSCIc-69gtNCg6KmqE2DF5_1Q&amp;__tn__=*NK-R\" target=\"_blank\" rel=\"noopener\">#SanLuis <\/a><a class=\"x1i10hfl xjbqb8w x6umtig x1b1mbwd xaqea5y xav7gou x9f619 x1ypdohk xt0psk2 xe8uvvx xdj266r x11i5rnm xat24cr x1mh8g0r xexx8yu x4uap5 x18d9i69 xkhd6sd x16tdsg8 x1hl2dhg xggy1nq x1a2a7pz xt0b8zv x1qq9wsj xo1l8bm\" tabindex=\"0\" role=\"link\" href=\"https:\/\/www.facebook.com\/hashtag\/poderpopular?__eep__=6&amp;__cft__[0]=AZXj9NAqsqM_uvwNbqQ6HG8WIp2Bf3M33druVnmA7tg7bL8NNeG4ZjXY1dJiQ7RCu3ZC6rRHOZ4_8_7sCb9q3HQbCdeJoVarK6KIL5sZt4Je976krlkePP-fdKIKN4Vi16aQmvBxlADqm98tVk7xYdSCIc-69gtNCg6KmqE2DF5_1Q&amp;__tn__=*NK-R\" target=\"_blank\" rel=\"noopener\">#PoderPopular<\/a><\/div>\n<div dir=\"auto\"><\/div>\n","protected":false},"excerpt":{"rendered":"<p>San Luis, Santiago de Cuba, sept. 29, 23._ Teresa Rojas Monz\u00f3n, Funcionaria de la Estructura Auxiliar del Consejo de Ministros,<\/p>\n<div class='heateor_sss_sharing_container heateor_sss_vertical_sharing heateor_sss_bottom_sharing' style='width:44px;left: -10px;top: 100px;-webkit-box-shadow:none;box-shadow:none;' ><div class=\"heateor_sss_sharing_ul\"><a class=\"heateor_sss_amp heateor_sss_amp_facebook\" href=\"https:\/\/www.facebook.com\/sharer\/sharer.php?u=https%3A%2F%2Fwww.radiomajaguabo.icrt.cu%2Findex.php%3Frest_route%3D%252Fwp%252Fv2%252Fposts%252F4997\" title=\"Facebook\" rel=\"nofollow noopener\" target=\"_blank\"><amp-img src=\"https:\/\/www.radiomajaguabo.icrt.cu\/wp-content\/plugins\/sassy-social-share\/public\/..\/images\/amp\/facebook.svg\" width=\"40\" height=\"40\" alt=\"Facebook\" class=\"amp-wp-enforced-sizes\" style=\"width: 40px;\"><\/amp-img><\/a><a class=\"heateor_sss_amp heateor_sss_amp_linkedin\" href=\"https:\/\/www.linkedin.com\/sharing\/share-offsite\/?url=https%3A%2F%2Fwww.radiomajaguabo.icrt.cu%2Findex.php%3Frest_route%3D%252Fwp%252Fv2%252Fposts%252F4997\" title=\"Linkedin\" rel=\"nofollow noopener\" target=\"_blank\"><amp-img src=\"https:\/\/www.radiomajaguabo.icrt.cu\/wp-content\/plugins\/sassy-social-share\/public\/..\/images\/amp\/linkedin.svg\" width=\"40\" height=\"40\" alt=\"Linkedin\" class=\"amp-wp-enforced-sizes\" style=\"width: 40px;\"><\/amp-img><\/a><a class=\"heateor_sss_amp heateor_sss_amp_whatsapp\" href=\"https:\/\/api.whatsapp.com\/send?text=Radio%20Majaguabo%20-%20Emisora%20Radio%20Majaguabo%2C%20San%20Luis%2C%20Santiago%20de%20Cuba%2C%20Cuba%20https%3A%2F%2Fwww.radiomajaguabo.icrt.cu%2Findex.php%3Frest_route%3D%252Fwp%252Fv2%252Fposts%252F4997\" title=\"Whatsapp\" rel=\"nofollow noopener\" target=\"_blank\"><amp-img src=\"https:\/\/www.radiomajaguabo.icrt.cu\/wp-content\/plugins\/sassy-social-share\/public\/..\/images\/amp\/whatsapp.svg\" width=\"40\" height=\"40\" alt=\"Whatsapp\" class=\"amp-wp-enforced-sizes\" style=\"width: 40px;\"><\/amp-img><\/a><a class=\"heateor_sss_amp heateor_sss_amp_instagram\" href=\"https:\/\/www.instagram.com\/\" title=\"Instagram\" rel=\"nofollow noopener\" target=\"_blank\"><amp-img src=\"https:\/\/www.radiomajaguabo.icrt.cu\/wp-content\/plugins\/sassy-social-share\/public\/..\/images\/amp\/instagram.svg\" width=\"40\" height=\"40\" alt=\"Instagram\" class=\"amp-wp-enforced-sizes\" style=\"width: 40px;\"><\/amp-img><\/a><a class=\"heateor_sss_amp heateor_sss_amp_x\" href=\"https:\/\/twitter.com\/intent\/tweet?text=Radio%20Majaguabo%20-%20Emisora%20Radio%20Majaguabo%2C%20San%20Luis%2C%20Santiago%20de%20Cuba%2C%20Cuba&url=https%3A%2F%2Fwww.radiomajaguabo.icrt.cu%2Findex.php%3Frest_route%3D%252Fwp%252Fv2%252Fposts%252F4997\" title=\"X\" rel=\"nofollow noopener\" target=\"_blank\"><amp-img src=\"https:\/\/www.radiomajaguabo.icrt.cu\/wp-content\/plugins\/sassy-social-share\/public\/..\/images\/amp\/x.svg\" width=\"40\" height=\"40\" alt=\"X\" class=\"amp-wp-enforced-sizes\" style=\"width:40px;\"><\/amp-img><\/a><\/div><div class=\"heateorSssClear\"><\/div><\/div>","protected":false},"author":1,"featured_media":5002,"comment_status":"open","ping_status":"open","sticky":false,"template":"","format":"standard","meta":{"colormag_page_layout":"default_layout","footnotes":""},"categories":[9,10],"tags":[1521,1524,1523,717,439,1520,1522],"ppma_author":[37,802],"class_list":["post-4997","post","type-post","status-publish","format-standard","has-post-thumbnail","hentry","category-historia","category-san-luis","tag-65-aniversario","tag-bancarizacion","tag-objetivos","tag-produccion-de-alimentos","tag-programas","tag-teresa-rojas-monzon","tag-triunfo-de-la-revolucion"],"authors":[{"term_id":37,"user_id":1,"is_guest":0,"slug":"alberterie","display_name":"Administrador","avatar_url":"https:\/\/secure.gravatar.com\/avatar\/c7c20c93c5f4c81e7a7dc9b02a42095ae8875c9af446129683aaa06faf7fd1f3?s=96&d=mm&r=g","author_category":"","user_url":"https:\/\/www.radiomajaguabo.icrt.cu","last_name":"Alberterie Rivero","first_name":"Pedro","job_title":"","description":""},{"term_id":802,"user_id":17,"is_guest":0,"slug":"ailin-viltre-nuviola","display_name":"Ail\u00edn Viltre Nuviola","avatar_url":"https:\/\/secure.gravatar.com\/avatar\/38db7cf9e1368f42ee206ec705534beb6afe58746c25d649c39ac2d490476010?s=96&d=mm&r=g","author_category":"","user_url":"https:\/\/www.radiomajaguabo.icrt.cu","last_name":"Viltre Nuviola","first_name":"Ail\u00edn","job_title":"","description":""}],"amp_enabled":true,"_links":{"self":[{"href":"https:\/\/www.radiomajaguabo.icrt.cu\/index.php?rest_route=\/wp\/v2\/posts\/4997","targetHints":{"allow":["GET"]}}],"collection":[{"href":"https:\/\/www.radiomajaguabo.icrt.cu\/index.php?rest_route=\/wp\/v2\/posts"}],"about":[{"href":"https:\/\/www.radiomajaguabo.icrt.cu\/index.php?rest_route=\/wp\/v2\/types\/post"}],"author":[{"embeddable":true,"href":"https:\/\/www.radiomajaguabo.icrt.cu\/index.php?rest_route=\/wp\/v2\/users\/1"}],"replies":[{"embeddable":true,"href":"https:\/\/www.radiomajaguabo.icrt.cu\/index.php?rest_route=%2Fwp%2Fv2%2Fcomments&post=4997"}],"version-history":[{"count":4,"href":"https:\/\/www.radiomajaguabo.icrt.cu\/index.php?rest_route=\/wp\/v2\/posts\/4997\/revisions"}],"predecessor-version":[{"id":5009,"href":"https:\/\/www.radiomajaguabo.icrt.cu\/index.php?rest_route=\/wp\/v2\/posts\/4997\/revisions\/5009"}],"wp:featuredmedia":[{"embeddable":true,"href":"https:\/\/www.radiomajaguabo.icrt.cu\/index.php?rest_route=\/wp\/v2\/media\/5002"}],"wp:attachment":[{"href":"https:\/\/www.radiomajaguabo.icrt.cu\/index.php?rest_route=%2Fwp%2Fv2%2Fmedia&parent=4997"}],"wp:term":[{"taxonomy":"category","embeddable":true,"href":"https:\/\/www.radiomajaguabo.icrt.cu\/index.php?rest_route=%2Fwp%2Fv2%2Fcategories&post=4997"},{"taxonomy":"post_tag","embeddable":true,"href":"https:\/\/www.radiomajaguabo.icrt.cu\/index.php?rest_route=%2Fwp%2Fv2%2Ftags&post=4997"},{"taxonomy":"author","embeddable":true,"href":"https:\/\/www.radiomajaguabo.icrt.cu\/index.php?rest_route=%2Fwp%2Fv2%2Fppma_author&post=4997"}],"curies":[{"name":"wp","href":"https:\/\/api.w.org\/{rel}","templated":true}]}}