{"id":4986,"date":"2023-09-29T12:16:07","date_gmt":"2023-09-29T12:16:07","guid":{"rendered":"https:\/\/www.radiomajaguabo.icrt.cu\/?p=4986"},"modified":"2023-09-29T12:16:07","modified_gmt":"2023-09-29T12:16:07","slug":"es-la-hora-del-barrio-del-comite-de-defensa-de-la-revolucion","status":"publish","type":"post","link":"https:\/\/www.radiomajaguabo.icrt.cu\/?p=4986","title":{"rendered":"\u00a1Es la hora del barrio, del Comit\u00e9 de Defensa de la Revoluci\u00f3n!"},"content":{"rendered":"<div class=\"story-body-textt story-content\">\n<p>\u00abLos CDR son indispensables e inseparables de la Revoluci\u00f3n, y lo seguir\u00e1n siendo por siempre\u00bb, afirm\u00f3 el Primer Secretario del Comit\u00e9 Central del Partido y Presidente de la Rep\u00fablica, Miguel D\u00edaz-Canel Berm\u00fadez, en la clausura del X Congreso de los Comit\u00e9s de Defensa de la Revoluci\u00f3n (CDR), en la cual felicit\u00f3 a todos los cederistas, a prop\u00f3sito del aniversario 63 de la organizaci\u00f3n, fundada por Fidel, en una hist\u00f3rica noche\u00bb de septiembre de 1960.<\/p>\n<p>Tomado de Granma<\/p>\n<p>En la jornada fue presentado el dictamen de las tres comisiones de trabajo que pasaron revista al quehacer de los \u00faltimos cinco a\u00f1os, y debatieron temas fundamentales como el proceso de revitalizaci\u00f3n de la organizaci\u00f3n, la vigilancia, la labor pol\u00edtico-ideol\u00f3gica, la vinculaci\u00f3n con los j\u00f3venes y el apoyo a las tareas de impacto econ\u00f3mico, como la producci\u00f3n de alimentos y el ahorro de portadores energ\u00e9ticos.<\/p>\n<p>Adem\u00e1s, fue presentada la nueva direcci\u00f3n nacional de los CDR, al frente de la cual fue ratificado el H\u00e9roe de la Rep\u00fablica de Cuba y miembro del Comit\u00e9 Central del Partido y del Consejo de Estado, Gerardo Hern\u00e1ndez Nordelo, teniendo en cuenta los resultados de su trabajo, cualidades personales y m\u00e9ritos acumulados durante su trayectoria revolucionaria.<\/p>\n<p>El propio Presidente de la Rep\u00fablica tuvo palabras de elogio para \u00e9l, al afirmar que se trata de alguien \u00abque tanto prestigia y aporta a la organizaci\u00f3n\u00bb.<\/p>\n<p>La provincia de Granma recibi\u00f3 la condici\u00f3n de Vanguardia Nacional en el quehacer cederista, al tiempo que Santiago de Cuba y Pinar del R\u00edo resultaron destacadas.<\/p>\n<p>Especialmente emotiva fue la entrega del Premio del Barrio al Comandante del Ej\u00e9rcito Rebelde, Jos\u00e9 Ram\u00f3n Machado Ventura.<\/p>\n<p>Con la clausura del X Congreso, inicia una nueva etapa de trabajo que tiene entre sus retos fundamentales llevar hasta la base cada una de las ideas defendidas por los delegados. En este sentido, el Coordinador Nacional advirti\u00f3 que \u00abtenemos que garantizar que lo que se ha discutido no se quede aqu\u00ed\u00bb.<\/p>\n<p>Promovido por los CDR, este viernes sesionar\u00e1 en La Habana un evento internacional de solidaridad con Cuba.<\/p>\n<\/div>\n<p>&nbsp;<\/p>\n","protected":false},"excerpt":{"rendered":"<p>\u00abLos CDR son indispensables e inseparables de la Revoluci\u00f3n, y lo seguir\u00e1n siendo por siempre\u00bb, afirm\u00f3 el Primer Secretario del<\/p>\n<div class='heateor_sss_sharing_container heateor_sss_vertical_sharing heateor_sss_bottom_sharing' style='width:44px;left: -10px;top: 100px;-webkit-box-shadow:none;box-shadow:none;' ><div class=\"heateor_sss_sharing_ul\"><a class=\"heateor_sss_amp heateor_sss_amp_facebook\" href=\"https:\/\/www.facebook.com\/sharer\/sharer.php?u=https%3A%2F%2Fwww.radiomajaguabo.icrt.cu%2Findex.php%3Frest_route%3D%252Fwp%252Fv2%252Fposts%252F4986\" title=\"Facebook\" rel=\"nofollow noopener\" target=\"_blank\"><amp-img src=\"https:\/\/www.radiomajaguabo.icrt.cu\/wp-content\/plugins\/sassy-social-share\/public\/..\/images\/amp\/facebook.svg\" width=\"40\" height=\"40\" alt=\"Facebook\" class=\"amp-wp-enforced-sizes\" style=\"width: 40px;\"><\/amp-img><\/a><a class=\"heateor_sss_amp heateor_sss_amp_linkedin\" href=\"https:\/\/www.linkedin.com\/sharing\/share-offsite\/?url=https%3A%2F%2Fwww.radiomajaguabo.icrt.cu%2Findex.php%3Frest_route%3D%252Fwp%252Fv2%252Fposts%252F4986\" title=\"Linkedin\" rel=\"nofollow noopener\" target=\"_blank\"><amp-img src=\"https:\/\/www.radiomajaguabo.icrt.cu\/wp-content\/plugins\/sassy-social-share\/public\/..\/images\/amp\/linkedin.svg\" width=\"40\" height=\"40\" alt=\"Linkedin\" class=\"amp-wp-enforced-sizes\" style=\"width: 40px;\"><\/amp-img><\/a><a class=\"heateor_sss_amp heateor_sss_amp_whatsapp\" href=\"https:\/\/api.whatsapp.com\/send?text=Radio%20Majaguabo%20-%20Emisora%20Radio%20Majaguabo%2C%20San%20Luis%2C%20Santiago%20de%20Cuba%2C%20Cuba%20https%3A%2F%2Fwww.radiomajaguabo.icrt.cu%2Findex.php%3Frest_route%3D%252Fwp%252Fv2%252Fposts%252F4986\" title=\"Whatsapp\" rel=\"nofollow noopener\" target=\"_blank\"><amp-img src=\"https:\/\/www.radiomajaguabo.icrt.cu\/wp-content\/plugins\/sassy-social-share\/public\/..\/images\/amp\/whatsapp.svg\" width=\"40\" height=\"40\" alt=\"Whatsapp\" class=\"amp-wp-enforced-sizes\" style=\"width: 40px;\"><\/amp-img><\/a><a class=\"heateor_sss_amp heateor_sss_amp_instagram\" href=\"https:\/\/www.instagram.com\/\" title=\"Instagram\" rel=\"nofollow noopener\" target=\"_blank\"><amp-img src=\"https:\/\/www.radiomajaguabo.icrt.cu\/wp-content\/plugins\/sassy-social-share\/public\/..\/images\/amp\/instagram.svg\" width=\"40\" height=\"40\" alt=\"Instagram\" class=\"amp-wp-enforced-sizes\" style=\"width: 40px;\"><\/amp-img><\/a><a class=\"heateor_sss_amp heateor_sss_amp_x\" href=\"https:\/\/twitter.com\/intent\/tweet?text=Radio%20Majaguabo%20-%20Emisora%20Radio%20Majaguabo%2C%20San%20Luis%2C%20Santiago%20de%20Cuba%2C%20Cuba&url=https%3A%2F%2Fwww.radiomajaguabo.icrt.cu%2Findex.php%3Frest_route%3D%252Fwp%252Fv2%252Fposts%252F4986\" title=\"X\" rel=\"nofollow noopener\" target=\"_blank\"><amp-img src=\"https:\/\/www.radiomajaguabo.icrt.cu\/wp-content\/plugins\/sassy-social-share\/public\/..\/images\/amp\/x.svg\" width=\"40\" height=\"40\" alt=\"X\" class=\"amp-wp-enforced-sizes\" style=\"width:40px;\"><\/amp-img><\/a><\/div><div class=\"heateorSssClear\"><\/div><\/div>","protected":false},"author":1,"featured_media":4995,"comment_status":"open","ping_status":"open","sticky":false,"template":"","format":"standard","meta":{"colormag_page_layout":"default_layout","footnotes":""},"categories":[9,8],"tags":[435,389,464,21,906],"ppma_author":[37],"class_list":["post-4986","post","type-post","status-publish","format-standard","has-post-thumbnail","hentry","category-historia","category-nacionales","tag-cdr","tag-diaz_canel","tag-fidel","tag-revolucion","tag-x-congreso"],"authors":[{"term_id":37,"user_id":1,"is_guest":0,"slug":"alberterie","display_name":"Administrador","avatar_url":"https:\/\/secure.gravatar.com\/avatar\/c7c20c93c5f4c81e7a7dc9b02a42095ae8875c9af446129683aaa06faf7fd1f3?s=96&d=mm&r=g","author_category":"","user_url":"https:\/\/www.radiomajaguabo.icrt.cu","last_name":"Alberterie Rivero","first_name":"Pedro","job_title":"","description":""}],"amp_enabled":true,"_links":{"self":[{"href":"https:\/\/www.radiomajaguabo.icrt.cu\/index.php?rest_route=\/wp\/v2\/posts\/4986","targetHints":{"allow":["GET"]}}],"collection":[{"href":"https:\/\/www.radiomajaguabo.icrt.cu\/index.php?rest_route=\/wp\/v2\/posts"}],"about":[{"href":"https:\/\/www.radiomajaguabo.icrt.cu\/index.php?rest_route=\/wp\/v2\/types\/post"}],"author":[{"embeddable":true,"href":"https:\/\/www.radiomajaguabo.icrt.cu\/index.php?rest_route=\/wp\/v2\/users\/1"}],"replies":[{"embeddable":true,"href":"https:\/\/www.radiomajaguabo.icrt.cu\/index.php?rest_route=%2Fwp%2Fv2%2Fcomments&post=4986"}],"version-history":[{"count":1,"href":"https:\/\/www.radiomajaguabo.icrt.cu\/index.php?rest_route=\/wp\/v2\/posts\/4986\/revisions"}],"predecessor-version":[{"id":4996,"href":"https:\/\/www.radiomajaguabo.icrt.cu\/index.php?rest_route=\/wp\/v2\/posts\/4986\/revisions\/4996"}],"wp:featuredmedia":[{"embeddable":true,"href":"https:\/\/www.radiomajaguabo.icrt.cu\/index.php?rest_route=\/wp\/v2\/media\/4995"}],"wp:attachment":[{"href":"https:\/\/www.radiomajaguabo.icrt.cu\/index.php?rest_route=%2Fwp%2Fv2%2Fmedia&parent=4986"}],"wp:term":[{"taxonomy":"category","embeddable":true,"href":"https:\/\/www.radiomajaguabo.icrt.cu\/index.php?rest_route=%2Fwp%2Fv2%2Fcategories&post=4986"},{"taxonomy":"post_tag","embeddable":true,"href":"https:\/\/www.radiomajaguabo.icrt.cu\/index.php?rest_route=%2Fwp%2Fv2%2Ftags&post=4986"},{"taxonomy":"author","embeddable":true,"href":"https:\/\/www.radiomajaguabo.icrt.cu\/index.php?rest_route=%2Fwp%2Fv2%2Fppma_author&post=4986"}],"curies":[{"name":"wp","href":"https:\/\/api.w.org\/{rel}","templated":true}]}}