{"id":4949,"date":"2023-09-25T12:17:26","date_gmt":"2023-09-25T12:17:26","guid":{"rendered":"https:\/\/www.radiomajaguabo.icrt.cu\/?p=4949"},"modified":"2023-09-25T12:17:26","modified_gmt":"2023-09-25T12:17:26","slug":"recibio-raul-a-diaz-canel-al-regresar-de-nueva-york","status":"publish","type":"post","link":"https:\/\/www.radiomajaguabo.icrt.cu\/?p=4949","title":{"rendered":"Recibi\u00f3 Ra\u00fal a D\u00edaz-Canel al regresar de Nueva York"},"content":{"rendered":"<p>El l\u00edder de la Revoluci\u00f3n Cubana, General de Ej\u00e9rcito Ra\u00fal Castro Ruz, recibi\u00f3, al filo del mediod\u00eda de este domingo, al Primer Secretario del Comit\u00e9 Central del Partido Comunista y Presidente de la Rep\u00fablica de Cuba, Miguel D\u00edaz-Canel Berm\u00fadez, quien lleg\u00f3 a La Habana proveniente de Nueva York, luego de asistir al 78 periodo de sesiones de la Asamblea General de las Naciones Unidas.<!--more--><\/p>\n<p>Junto a Ra\u00fal, acudieron al aeropuerto internacional Jos\u00e9 Mart\u00ed a dar la bienvenida al Jefe de Estado, el primer ministro, Manuel Marrero Cruz; el vicepresidente de la Rep\u00fablica, Salvador Vald\u00e9s Mesa, y el secretario de Organizaci\u00f3n del Comit\u00e9 Central, Roberto Morales Ojeda, todos miembros del Bur\u00f3 Pol\u00edtico.<\/p>\n<p>Durante su estancia en Nueva York, el mandatario cubano pronunci\u00f3 discursos en el debate general de la Asamblea; en las cumbres sobre los Objetivos de Desarrollo Sostenible y de Ambici\u00f3n Clim\u00e1tica, as\u00ed como en otras reuniones de alto nivel sobre financiamiento para el desarrollo, y en la de prevenci\u00f3n y respuesta ante pandemias.<\/p>\n<p>D\u00edaz-Canel sostuvo, adem\u00e1s, encuentros con l\u00edderes religiosos de diversas denominaciones cristianas; con artistas y promotores culturales; con cubanos residentes en Estados Unidos; con profesionales de la ciencia y las tecnolog\u00edas; as\u00ed como con m\u00e9dicos, voluntarios y directivos de la Salud del pa\u00eds norte\u00f1o.<\/p>\n<p>Esta semana en Nueva York constituy\u00f3 escenario tambi\u00e9n para el encuentro con los jefes de las delegaciones de Kenya, Santa Luc\u00eda, Vietnam, Argelia, Emiratos \u00c1rabes Unidos y Arabia Saudita.<\/p>\n<p>Fueron intensas jornadas que concluyeron con un emotivo acto de solidaridad organizado por el movimiento The People\u00b4s Forum, al que asistieron m\u00e1s de 800 personas, y en el que se reclam\u00f3 el cese del bloqueo y de las sanciones contra Cuba y Venezuela.<\/p>\n<p><strong>FUERON JORNADAS DE VICTORIA EN LAS NACIONES UNIDAS<\/strong><\/p>\n<p>\u00abPara ustedes nuestro reconocimiento, felicitaciones y gratitud por el apoyo que en todo momento nos dieron\u00bb, le expres\u00f3 D\u00edaz-Canel al personal diplom\u00e1tico en Nueva York, y record\u00f3 que al llegar a esa ciudad les hab\u00eda dicho que \u00abgracias al trabajo de ustedes Cuba iba a tener un buen desempe\u00f1o en la Asamblea General de las Naciones Unidas y una victoria en el \u00e1mbito pol\u00edtico, y eso se ha logrado\u00bb, rese\u00f1\u00f3 el sitio de la Presidencia.<\/p>\n<p>Les coment\u00f3 su satisfacci\u00f3n por los encuentros sostenidos con representantes de diferentes sectores de la sociedad estadounidense, en los cuales se complementaron los v\u00ednculos. \u00abUna vez m\u00e1s Cuba se ubica en un lugar cimero en las relaciones internacionales, y en un lugar cimero entre los pa\u00edses del Sur, y eso tambi\u00e9n ha sido gracias a ustedes\u00bb, ratific\u00f3.<\/p>\n","protected":false},"excerpt":{"rendered":"<p>El l\u00edder de la Revoluci\u00f3n Cubana, General de Ej\u00e9rcito Ra\u00fal Castro Ruz, recibi\u00f3, al filo del mediod\u00eda de este domingo,<\/p>\n<div class='heateor_sss_sharing_container heateor_sss_vertical_sharing heateor_sss_bottom_sharing' style='width:44px;left: -10px;top: 100px;-webkit-box-shadow:none;box-shadow:none;' ><div class=\"heateor_sss_sharing_ul\"><a class=\"heateor_sss_amp heateor_sss_amp_facebook\" href=\"https:\/\/www.facebook.com\/sharer\/sharer.php?u=https%3A%2F%2Fwww.radiomajaguabo.icrt.cu%2Findex.php%3Frest_route%3D%252Fwp%252Fv2%252Fposts%252F4949\" title=\"Facebook\" rel=\"nofollow noopener\" target=\"_blank\"><amp-img src=\"https:\/\/www.radiomajaguabo.icrt.cu\/wp-content\/plugins\/sassy-social-share\/public\/..\/images\/amp\/facebook.svg\" width=\"40\" height=\"40\" alt=\"Facebook\" class=\"amp-wp-enforced-sizes\" style=\"width: 40px;\"><\/amp-img><\/a><a class=\"heateor_sss_amp heateor_sss_amp_linkedin\" href=\"https:\/\/www.linkedin.com\/sharing\/share-offsite\/?url=https%3A%2F%2Fwww.radiomajaguabo.icrt.cu%2Findex.php%3Frest_route%3D%252Fwp%252Fv2%252Fposts%252F4949\" title=\"Linkedin\" rel=\"nofollow noopener\" target=\"_blank\"><amp-img src=\"https:\/\/www.radiomajaguabo.icrt.cu\/wp-content\/plugins\/sassy-social-share\/public\/..\/images\/amp\/linkedin.svg\" width=\"40\" height=\"40\" alt=\"Linkedin\" class=\"amp-wp-enforced-sizes\" style=\"width: 40px;\"><\/amp-img><\/a><a class=\"heateor_sss_amp heateor_sss_amp_whatsapp\" href=\"https:\/\/api.whatsapp.com\/send?text=Radio%20Majaguabo%20-%20Emisora%20Radio%20Majaguabo%2C%20San%20Luis%2C%20Santiago%20de%20Cuba%2C%20Cuba%20https%3A%2F%2Fwww.radiomajaguabo.icrt.cu%2Findex.php%3Frest_route%3D%252Fwp%252Fv2%252Fposts%252F4949\" title=\"Whatsapp\" rel=\"nofollow noopener\" target=\"_blank\"><amp-img src=\"https:\/\/www.radiomajaguabo.icrt.cu\/wp-content\/plugins\/sassy-social-share\/public\/..\/images\/amp\/whatsapp.svg\" width=\"40\" height=\"40\" alt=\"Whatsapp\" class=\"amp-wp-enforced-sizes\" style=\"width: 40px;\"><\/amp-img><\/a><a class=\"heateor_sss_amp heateor_sss_amp_instagram\" href=\"https:\/\/www.instagram.com\/\" title=\"Instagram\" rel=\"nofollow noopener\" target=\"_blank\"><amp-img src=\"https:\/\/www.radiomajaguabo.icrt.cu\/wp-content\/plugins\/sassy-social-share\/public\/..\/images\/amp\/instagram.svg\" width=\"40\" height=\"40\" alt=\"Instagram\" class=\"amp-wp-enforced-sizes\" style=\"width: 40px;\"><\/amp-img><\/a><a class=\"heateor_sss_amp heateor_sss_amp_x\" href=\"https:\/\/twitter.com\/intent\/tweet?text=Radio%20Majaguabo%20-%20Emisora%20Radio%20Majaguabo%2C%20San%20Luis%2C%20Santiago%20de%20Cuba%2C%20Cuba&url=https%3A%2F%2Fwww.radiomajaguabo.icrt.cu%2Findex.php%3Frest_route%3D%252Fwp%252Fv2%252Fposts%252F4949\" title=\"X\" rel=\"nofollow noopener\" target=\"_blank\"><amp-img src=\"https:\/\/www.radiomajaguabo.icrt.cu\/wp-content\/plugins\/sassy-social-share\/public\/..\/images\/amp\/x.svg\" width=\"40\" height=\"40\" alt=\"X\" class=\"amp-wp-enforced-sizes\" style=\"width:40px;\"><\/amp-img><\/a><\/div><div class=\"heateorSssClear\"><\/div><\/div>","protected":false},"author":1,"featured_media":4954,"comment_status":"open","ping_status":"open","sticky":false,"template":"","format":"standard","meta":{"colormag_page_layout":"default_layout","footnotes":""},"categories":[9,7,8],"tags":[1504,592,320,187,198,181],"ppma_author":[37],"class_list":["post-4949","post","type-post","status-publish","format-standard","has-post-thumbnail","hentry","category-historia","category-internacionales","category-nacionales","tag-general-de-ejercito-raul-castro-ruz","tag-lider","tag-miguel-diaz-canel-bermudez","tag-naciones-unidas","tag-nueva-york","tag-revolucion-cubana"],"authors":[{"term_id":37,"user_id":1,"is_guest":0,"slug":"alberterie","display_name":"Administrador","avatar_url":"https:\/\/secure.gravatar.com\/avatar\/c7c20c93c5f4c81e7a7dc9b02a42095ae8875c9af446129683aaa06faf7fd1f3?s=96&d=mm&r=g","author_category":"","user_url":"https:\/\/www.radiomajaguabo.icrt.cu","last_name":"Alberterie Rivero","first_name":"Pedro","job_title":"","description":""}],"amp_enabled":true,"_links":{"self":[{"href":"https:\/\/www.radiomajaguabo.icrt.cu\/index.php?rest_route=\/wp\/v2\/posts\/4949","targetHints":{"allow":["GET"]}}],"collection":[{"href":"https:\/\/www.radiomajaguabo.icrt.cu\/index.php?rest_route=\/wp\/v2\/posts"}],"about":[{"href":"https:\/\/www.radiomajaguabo.icrt.cu\/index.php?rest_route=\/wp\/v2\/types\/post"}],"author":[{"embeddable":true,"href":"https:\/\/www.radiomajaguabo.icrt.cu\/index.php?rest_route=\/wp\/v2\/users\/1"}],"replies":[{"embeddable":true,"href":"https:\/\/www.radiomajaguabo.icrt.cu\/index.php?rest_route=%2Fwp%2Fv2%2Fcomments&post=4949"}],"version-history":[{"count":1,"href":"https:\/\/www.radiomajaguabo.icrt.cu\/index.php?rest_route=\/wp\/v2\/posts\/4949\/revisions"}],"predecessor-version":[{"id":4955,"href":"https:\/\/www.radiomajaguabo.icrt.cu\/index.php?rest_route=\/wp\/v2\/posts\/4949\/revisions\/4955"}],"wp:featuredmedia":[{"embeddable":true,"href":"https:\/\/www.radiomajaguabo.icrt.cu\/index.php?rest_route=\/wp\/v2\/media\/4954"}],"wp:attachment":[{"href":"https:\/\/www.radiomajaguabo.icrt.cu\/index.php?rest_route=%2Fwp%2Fv2%2Fmedia&parent=4949"}],"wp:term":[{"taxonomy":"category","embeddable":true,"href":"https:\/\/www.radiomajaguabo.icrt.cu\/index.php?rest_route=%2Fwp%2Fv2%2Fcategories&post=4949"},{"taxonomy":"post_tag","embeddable":true,"href":"https:\/\/www.radiomajaguabo.icrt.cu\/index.php?rest_route=%2Fwp%2Fv2%2Ftags&post=4949"},{"taxonomy":"author","embeddable":true,"href":"https:\/\/www.radiomajaguabo.icrt.cu\/index.php?rest_route=%2Fwp%2Fv2%2Fppma_author&post=4949"}],"curies":[{"name":"wp","href":"https:\/\/api.w.org\/{rel}","templated":true}]}}