{"id":4948,"date":"2023-09-25T12:12:19","date_gmt":"2023-09-25T12:12:19","guid":{"rendered":"https:\/\/www.radiomajaguabo.icrt.cu\/?p=4948"},"modified":"2023-09-25T12:12:19","modified_gmt":"2023-09-25T12:12:19","slug":"la-impotencia-del-imperio-vuelve-a-atentar-contra-cuba","status":"publish","type":"post","link":"https:\/\/www.radiomajaguabo.icrt.cu\/?p=4948","title":{"rendered":"La impotencia del imperio vuelve a atentar contra Cuba"},"content":{"rendered":"<div class=\"story-body-textt story-content\">\n<p>Un individuo lanz\u00f3, en la noche de este domingo, dos cocteles molotov contra la Embajada cubana en Washington. Seg\u00fan la cuenta en X del canciller cubano, Bruno Rodr\u00edguez Parrilla, \u00abno hubo da\u00f1os al personal\u00bb, y se estaban precisando los detalles.<\/p>\n<p>Tomado de Granma<\/p>\n<p>El hecho es una prueba m\u00e1s de la impotencia de los odiadores anticubanos, inc\u00f3modos frente a los recientes \u00e9xitos de la diplomacia de la Isla en el marco del 78 periodo de sesiones de la Organizaci\u00f3n de las Naciones Unidas. All\u00ed se sinti\u00f3 el apoyo, el cari\u00f1o y el respaldo de representantes de la emigraci\u00f3n, y los votos por un mayor acercamiento, defendido por varios sectores de la sociedad estadounidense como el de la salud, el de la cultura y el de los empresarios.<\/p>\n<p>Tanto reconocimiento para la Cuba socialista, vitoreada en las calles de Nueva York, donde el Presidente D\u00edaz-Canel extendi\u00f3 la mano amiga y solidaria de su pueblo al pueblo estadounidense, exacerb\u00f3 la bilis de quienes acuden al terrorismo como expresi\u00f3n de su intolerancia, algo sobre lo que Cuba ha alertado a las autoridades de Estados Unidos, seg\u00fan el Ministro de Relaciones Exteriores de Cuba.<\/p>\n<p>Los odiadores, al servicio de la potencia m\u00e1s poderosa del mundo, sintieron por estos d\u00edas demasiada presi\u00f3n: de un lado, gobiernos de varios pa\u00edses que demandan a Estados Unidos, en la ONU, el fin de bloqueo y la exclusi\u00f3n la lista de pa\u00edses supuestamente patrocinadores del terrorismo; y por el otro, el liderazgo del pa\u00eds en el G77 y China, a la par de ser abrazada en las mism\u00edsimas calles de Nueva York.<\/p>\n<p>La nueva afrenta es otra prueba de que Cuba no es la que patrocina el terrorismo, mientras el Gobierno que as\u00ed la se\u00f1ala contempla con impunidad actos de este tipo contra ella.<\/p>\n<p>Este de ayer es el segundo ataque contra le legaci\u00f3n antillana. El anterior ocurri\u00f3 en abril de 2020, cuando una persona dispar\u00f3 con un fusil de asalto contra la sede. Seg\u00fan detall\u00f3 Prensa Latina, suman m\u00e1s de 580 los actos terroristas sufridos por representaciones diplom\u00e1ticas cubanas en el mundo entero, desde el triunfo de la Revoluci\u00f3n.<\/p>\n<p>No obstante, s\u00ed algo saben bien los que act\u00faan con tanta bajeza, es que las palabras rendici\u00f3n y derrota no est\u00e1n en el diccionario de los cubanos. Como dijera Fidel en otro hist\u00f3rico abril, en 2016, Cuba vencer\u00e1.<\/p>\n<\/div>\n<p>&nbsp;<\/p>\n","protected":false},"excerpt":{"rendered":"<p>Un individuo lanz\u00f3, en la noche de este domingo, dos cocteles molotov contra la Embajada cubana en Washington. Seg\u00fan la<\/p>\n<div class='heateor_sss_sharing_container heateor_sss_vertical_sharing heateor_sss_bottom_sharing' style='width:44px;left: -10px;top: 100px;-webkit-box-shadow:none;box-shadow:none;' ><div class=\"heateor_sss_sharing_ul\"><a class=\"heateor_sss_amp heateor_sss_amp_facebook\" href=\"https:\/\/www.facebook.com\/sharer\/sharer.php?u=https%3A%2F%2Fwww.radiomajaguabo.icrt.cu%2Findex.php%3Frest_route%3D%252Fwp%252Fv2%252Fposts%252F4948\" title=\"Facebook\" rel=\"nofollow noopener\" target=\"_blank\"><amp-img src=\"https:\/\/www.radiomajaguabo.icrt.cu\/wp-content\/plugins\/sassy-social-share\/public\/..\/images\/amp\/facebook.svg\" width=\"40\" height=\"40\" alt=\"Facebook\" class=\"amp-wp-enforced-sizes\" style=\"width: 40px;\"><\/amp-img><\/a><a class=\"heateor_sss_amp heateor_sss_amp_linkedin\" href=\"https:\/\/www.linkedin.com\/sharing\/share-offsite\/?url=https%3A%2F%2Fwww.radiomajaguabo.icrt.cu%2Findex.php%3Frest_route%3D%252Fwp%252Fv2%252Fposts%252F4948\" title=\"Linkedin\" rel=\"nofollow noopener\" target=\"_blank\"><amp-img src=\"https:\/\/www.radiomajaguabo.icrt.cu\/wp-content\/plugins\/sassy-social-share\/public\/..\/images\/amp\/linkedin.svg\" width=\"40\" height=\"40\" alt=\"Linkedin\" class=\"amp-wp-enforced-sizes\" style=\"width: 40px;\"><\/amp-img><\/a><a class=\"heateor_sss_amp heateor_sss_amp_whatsapp\" href=\"https:\/\/api.whatsapp.com\/send?text=Radio%20Majaguabo%20-%20Emisora%20Radio%20Majaguabo%2C%20San%20Luis%2C%20Santiago%20de%20Cuba%2C%20Cuba%20https%3A%2F%2Fwww.radiomajaguabo.icrt.cu%2Findex.php%3Frest_route%3D%252Fwp%252Fv2%252Fposts%252F4948\" title=\"Whatsapp\" rel=\"nofollow noopener\" target=\"_blank\"><amp-img src=\"https:\/\/www.radiomajaguabo.icrt.cu\/wp-content\/plugins\/sassy-social-share\/public\/..\/images\/amp\/whatsapp.svg\" width=\"40\" height=\"40\" alt=\"Whatsapp\" class=\"amp-wp-enforced-sizes\" style=\"width: 40px;\"><\/amp-img><\/a><a class=\"heateor_sss_amp heateor_sss_amp_instagram\" href=\"https:\/\/www.instagram.com\/\" title=\"Instagram\" rel=\"nofollow noopener\" target=\"_blank\"><amp-img src=\"https:\/\/www.radiomajaguabo.icrt.cu\/wp-content\/plugins\/sassy-social-share\/public\/..\/images\/amp\/instagram.svg\" width=\"40\" height=\"40\" alt=\"Instagram\" class=\"amp-wp-enforced-sizes\" style=\"width: 40px;\"><\/amp-img><\/a><a class=\"heateor_sss_amp heateor_sss_amp_x\" href=\"https:\/\/twitter.com\/intent\/tweet?text=Radio%20Majaguabo%20-%20Emisora%20Radio%20Majaguabo%2C%20San%20Luis%2C%20Santiago%20de%20Cuba%2C%20Cuba&url=https%3A%2F%2Fwww.radiomajaguabo.icrt.cu%2Findex.php%3Frest_route%3D%252Fwp%252Fv2%252Fposts%252F4948\" title=\"X\" rel=\"nofollow noopener\" target=\"_blank\"><amp-img src=\"https:\/\/www.radiomajaguabo.icrt.cu\/wp-content\/plugins\/sassy-social-share\/public\/..\/images\/amp\/x.svg\" width=\"40\" height=\"40\" alt=\"X\" class=\"amp-wp-enforced-sizes\" style=\"width:40px;\"><\/amp-img><\/a><\/div><div class=\"heateorSssClear\"><\/div><\/div>","protected":false},"author":1,"featured_media":4951,"comment_status":"open","ping_status":"open","sticky":false,"template":"","format":"standard","meta":{"colormag_page_layout":"default_layout","footnotes":""},"categories":[9,7,8],"tags":[1502,1503,1499,1501,1500],"ppma_author":[37],"class_list":["post-4948","post","type-post","status-publish","format-standard","has-post-thumbnail","hentry","category-historia","category-internacionales","category-nacionales","tag-ataque-terrorista","tag-cocteles-molotov","tag-embajada","tag-escenario","tag-mayor-de-las-antillas"],"authors":[{"term_id":37,"user_id":1,"is_guest":0,"slug":"alberterie","display_name":"Administrador","avatar_url":"https:\/\/secure.gravatar.com\/avatar\/c7c20c93c5f4c81e7a7dc9b02a42095ae8875c9af446129683aaa06faf7fd1f3?s=96&d=mm&r=g","author_category":"","user_url":"https:\/\/www.radiomajaguabo.icrt.cu","last_name":"Alberterie Rivero","first_name":"Pedro","job_title":"","description":""}],"amp_enabled":true,"_links":{"self":[{"href":"https:\/\/www.radiomajaguabo.icrt.cu\/index.php?rest_route=\/wp\/v2\/posts\/4948","targetHints":{"allow":["GET"]}}],"collection":[{"href":"https:\/\/www.radiomajaguabo.icrt.cu\/index.php?rest_route=\/wp\/v2\/posts"}],"about":[{"href":"https:\/\/www.radiomajaguabo.icrt.cu\/index.php?rest_route=\/wp\/v2\/types\/post"}],"author":[{"embeddable":true,"href":"https:\/\/www.radiomajaguabo.icrt.cu\/index.php?rest_route=\/wp\/v2\/users\/1"}],"replies":[{"embeddable":true,"href":"https:\/\/www.radiomajaguabo.icrt.cu\/index.php?rest_route=%2Fwp%2Fv2%2Fcomments&post=4948"}],"version-history":[{"count":1,"href":"https:\/\/www.radiomajaguabo.icrt.cu\/index.php?rest_route=\/wp\/v2\/posts\/4948\/revisions"}],"predecessor-version":[{"id":4952,"href":"https:\/\/www.radiomajaguabo.icrt.cu\/index.php?rest_route=\/wp\/v2\/posts\/4948\/revisions\/4952"}],"wp:featuredmedia":[{"embeddable":true,"href":"https:\/\/www.radiomajaguabo.icrt.cu\/index.php?rest_route=\/wp\/v2\/media\/4951"}],"wp:attachment":[{"href":"https:\/\/www.radiomajaguabo.icrt.cu\/index.php?rest_route=%2Fwp%2Fv2%2Fmedia&parent=4948"}],"wp:term":[{"taxonomy":"category","embeddable":true,"href":"https:\/\/www.radiomajaguabo.icrt.cu\/index.php?rest_route=%2Fwp%2Fv2%2Fcategories&post=4948"},{"taxonomy":"post_tag","embeddable":true,"href":"https:\/\/www.radiomajaguabo.icrt.cu\/index.php?rest_route=%2Fwp%2Fv2%2Ftags&post=4948"},{"taxonomy":"author","embeddable":true,"href":"https:\/\/www.radiomajaguabo.icrt.cu\/index.php?rest_route=%2Fwp%2Fv2%2Fppma_author&post=4948"}],"curies":[{"name":"wp","href":"https:\/\/api.w.org\/{rel}","templated":true}]}}