{"id":4942,"date":"2023-09-22T10:11:43","date_gmt":"2023-09-22T10:11:43","guid":{"rendered":"https:\/\/www.radiomajaguabo.icrt.cu\/?p=4942"},"modified":"2023-09-22T10:11:43","modified_gmt":"2023-09-22T10:11:43","slug":"agroecologia-marca-el-camino-hacia-la-soberania-alimentaria-en-san-luis","status":"publish","type":"post","link":"https:\/\/www.radiomajaguabo.icrt.cu\/?p=4942","title":{"rendered":"Agroecolog\u00eda marca el camino hacia la soberan\u00eda alimentaria en San Luis"},"content":{"rendered":"<div class=\"xdj266r x11i5rnm xat24cr x1mh8g0r x1vvkbs x126k92a\">\n<div dir=\"auto\"><strong>San Luis, santiago de Cuba, sept. 22, 23._<\/strong> El uso de la agroecolog\u00eda en la producci\u00f3n de alimentos marca el camino hacia la soberan\u00eda alimentaria del pa\u00eds y en tiempos de pandemia y crisis econ\u00f3mica global, adquiere una relevancia fundamental; este territorio no escapa a la situaci\u00f3n existente.<\/div>\n<\/div>\n<p><!--more--><\/p>\n<div class=\"x11i5rnm xat24cr x1mh8g0r x1vvkbs xtlvy1s x126k92a\">\n<div dir=\"auto\">Cada 21 de septiembre se celebra el D\u00eda de la Agroecolog\u00eda en el pa\u00eds y en esta localidad, desde la Asociaci\u00f3n Nacional de Agricultores Peque\u00f1os (ANAP) se trabaja con el Movimiento Agroecol\u00f3gico De Campesino a Campesino, fundamentado en el intercambio y divulgaci\u00f3n de experiencias entre agricultores, mediante procesos de comunicaci\u00f3n permanente.<\/div>\n<div dir=\"auto\"><\/div>\n<\/div>\n<div class=\"x11i5rnm xat24cr x1mh8g0r x1vvkbs xtlvy1s x126k92a\">\n<div dir=\"auto\">El movimiento agroecol\u00f3gico que hoy rectora la ANAP en el municipio est\u00e1 comprometido con el pueblo, y muestra de ello es que en las fincas del territorio se da prioridad con una agricultura sostenible a programas relevantes del pa\u00eds, como la sustituci\u00f3n de importaciones, el incremento de renglones exportables y el abastecimiento de productos agr\u00edcolas frescos y sanos de manera directa al turismo.<\/div>\n<div dir=\"auto\"><\/div>\n<div dir=\"auto\"><span class=\"x193iq5w xeuugli x13faqbe x1vvkbs x1xmvt09 x1lliihq x1s928wv xhkezso x1gmr53x x1cpjm7i x1fgarty x1943h6x xudqn12 x3x7a5m x6prxxf xvq8zen xo1l8bm xzsf02u x1yc453h\" dir=\"auto\">Idalmis S\u00e1nchez Aguilera, Agroec\u00f3loga en la sede de la ANAP de <a class=\"x1i10hfl xjbqb8w x6umtig x1b1mbwd xaqea5y xav7gou x9f619 x1ypdohk xt0psk2 xe8uvvx xdj266r x11i5rnm xat24cr x1mh8g0r xexx8yu x4uap5 x18d9i69 xkhd6sd x16tdsg8 x1hl2dhg xggy1nq x1a2a7pz xt0b8zv x1qq9wsj xo1l8bm\" tabindex=\"0\" role=\"link\" href=\"https:\/\/www.facebook.com\/hashtag\/sanluis?__eep__=6&amp;__cft__[0]=AZWClmM9IgzD7rSucSgl53xW34t0rhfj62Fji7MzQmPjQw2zQ9n2_SBfW2DKZiYmhOtv_zlfrXKPzHLAQLtPHXqOZzQCJefsqzxPF5zpSwm5_HX8K9v2LGmCxH_qKl2RcF0L8KM5rtq3bYmyDCouux3PN-ExES34Lm9MXDJOs9S3lw&amp;__tn__=*NK-R\" target=\"_blank\" rel=\"noopener\">#SanLuis<\/a> reconoci\u00f3 que aqu\u00ed avanza en el movimiento, hay m\u00e1s de 1800 fincas, la mayor\u00eda en transformaci\u00f3n, tenemos cerca de 20 ya declaradas como Agroecol\u00f3gicas y se prev\u00e9 este a\u00f1o tener 10 m\u00e1s. Vital para el movimiento es contar con m\u00e1s de 400 promotores, facilitadores en 32 cooperativas y otro personal que se dedica a ense\u00f1ar y promover el uso de estas pr\u00e1cticas sustentables. <\/span><\/div>\n<div dir=\"auto\"><\/div>\n<div dir=\"auto\"><img loading=\"lazy\" decoding=\"async\" class=\" wp-image-4943 aligncenter\" src=\"https:\/\/www.radiomajaguabo.icrt.cu\/wp-content\/uploads\/2023\/09\/agroecologia1-300x225.jpg\" alt=\"\" width=\"543\" height=\"407\" srcset=\"https:\/\/www.radiomajaguabo.icrt.cu\/wp-content\/uploads\/2023\/09\/agroecologia1-300x225.jpg 300w, https:\/\/www.radiomajaguabo.icrt.cu\/wp-content\/uploads\/2023\/09\/agroecologia1.jpg 640w\" sizes=\"auto, (max-width: 543px) 100vw, 543px\" \/><\/div>\n<div dir=\"auto\"><span class=\"x193iq5w xeuugli x13faqbe x1vvkbs x1xmvt09 x1lliihq x1s928wv xhkezso x1gmr53x x1cpjm7i x1fgarty x1943h6x xudqn12 x3x7a5m x6prxxf xvq8zen xo1l8bm xzsf02u x1yc453h\" dir=\"auto\"><a class=\"x1i10hfl xjbqb8w x6umtig x1b1mbwd xaqea5y xav7gou x9f619 x1ypdohk xt0psk2 xe8uvvx xdj266r x11i5rnm xat24cr x1mh8g0r xexx8yu x4uap5 x18d9i69 xkhd6sd x16tdsg8 x1hl2dhg xggy1nq x1a2a7pz xt0b8zv x1qq9wsj xo1l8bm\" tabindex=\"0\" role=\"link\" href=\"https:\/\/www.facebook.com\/hashtag\/loscampesinosunidosproduciendoparaelpueblo?__eep__=6&amp;__cft__[0]=AZWClmM9IgzD7rSucSgl53xW34t0rhfj62Fji7MzQmPjQw2zQ9n2_SBfW2DKZiYmhOtv_zlfrXKPzHLAQLtPHXqOZzQCJefsqzxPF5zpSwm5_HX8K9v2LGmCxH_qKl2RcF0L8KM5rtq3bYmyDCouux3PN-ExES34Lm9MXDJOs9S3lw&amp;__tn__=*NK-R\" target=\"_blank\" rel=\"noopener\">#loscampesinosunidosproduciendoparaelpueblo<\/a> <a class=\"x1i10hfl xjbqb8w x6umtig x1b1mbwd xaqea5y xav7gou x9f619 x1ypdohk xt0psk2 xe8uvvx xdj266r x11i5rnm xat24cr x1mh8g0r xexx8yu x4uap5 x18d9i69 xkhd6sd x16tdsg8 x1hl2dhg xggy1nq x1a2a7pz xt0b8zv x1qq9wsj xo1l8bm\" tabindex=\"0\" role=\"link\" href=\"https:\/\/www.facebook.com\/hashtag\/tierradelosmaceo?__eep__=6&amp;__cft__[0]=AZWClmM9IgzD7rSucSgl53xW34t0rhfj62Fji7MzQmPjQw2zQ9n2_SBfW2DKZiYmhOtv_zlfrXKPzHLAQLtPHXqOZzQCJefsqzxPF5zpSwm5_HX8K9v2LGmCxH_qKl2RcF0L8KM5rtq3bYmyDCouux3PN-ExES34Lm9MXDJOs9S3lw&amp;__tn__=*NK-R\" target=\"_blank\" rel=\"noopener\">#tierradelosmaceo<\/a><\/span><\/div>\n<\/div>\n","protected":false},"excerpt":{"rendered":"<p>San Luis, santiago de Cuba, sept. 22, 23._ El uso de la agroecolog\u00eda en la producci\u00f3n de alimentos marca el<\/p>\n<div class='heateor_sss_sharing_container heateor_sss_vertical_sharing heateor_sss_bottom_sharing' style='width:44px;left: -10px;top: 100px;-webkit-box-shadow:none;box-shadow:none;' ><div class=\"heateor_sss_sharing_ul\"><a class=\"heateor_sss_amp heateor_sss_amp_facebook\" href=\"https:\/\/www.facebook.com\/sharer\/sharer.php?u=https%3A%2F%2Fwww.radiomajaguabo.icrt.cu%2Findex.php%3Frest_route%3D%252Fwp%252Fv2%252Fposts%252F4942\" title=\"Facebook\" rel=\"nofollow noopener\" target=\"_blank\"><amp-img src=\"https:\/\/www.radiomajaguabo.icrt.cu\/wp-content\/plugins\/sassy-social-share\/public\/..\/images\/amp\/facebook.svg\" width=\"40\" height=\"40\" alt=\"Facebook\" class=\"amp-wp-enforced-sizes\" style=\"width: 40px;\"><\/amp-img><\/a><a class=\"heateor_sss_amp heateor_sss_amp_linkedin\" href=\"https:\/\/www.linkedin.com\/sharing\/share-offsite\/?url=https%3A%2F%2Fwww.radiomajaguabo.icrt.cu%2Findex.php%3Frest_route%3D%252Fwp%252Fv2%252Fposts%252F4942\" title=\"Linkedin\" rel=\"nofollow noopener\" target=\"_blank\"><amp-img src=\"https:\/\/www.radiomajaguabo.icrt.cu\/wp-content\/plugins\/sassy-social-share\/public\/..\/images\/amp\/linkedin.svg\" width=\"40\" height=\"40\" alt=\"Linkedin\" class=\"amp-wp-enforced-sizes\" style=\"width: 40px;\"><\/amp-img><\/a><a class=\"heateor_sss_amp heateor_sss_amp_whatsapp\" href=\"https:\/\/api.whatsapp.com\/send?text=Radio%20Majaguabo%20-%20Emisora%20Radio%20Majaguabo%2C%20San%20Luis%2C%20Santiago%20de%20Cuba%2C%20Cuba%20https%3A%2F%2Fwww.radiomajaguabo.icrt.cu%2Findex.php%3Frest_route%3D%252Fwp%252Fv2%252Fposts%252F4942\" title=\"Whatsapp\" rel=\"nofollow noopener\" target=\"_blank\"><amp-img src=\"https:\/\/www.radiomajaguabo.icrt.cu\/wp-content\/plugins\/sassy-social-share\/public\/..\/images\/amp\/whatsapp.svg\" width=\"40\" height=\"40\" alt=\"Whatsapp\" class=\"amp-wp-enforced-sizes\" style=\"width: 40px;\"><\/amp-img><\/a><a class=\"heateor_sss_amp heateor_sss_amp_instagram\" href=\"https:\/\/www.instagram.com\/\" title=\"Instagram\" rel=\"nofollow noopener\" target=\"_blank\"><amp-img src=\"https:\/\/www.radiomajaguabo.icrt.cu\/wp-content\/plugins\/sassy-social-share\/public\/..\/images\/amp\/instagram.svg\" width=\"40\" height=\"40\" alt=\"Instagram\" class=\"amp-wp-enforced-sizes\" style=\"width: 40px;\"><\/amp-img><\/a><a class=\"heateor_sss_amp heateor_sss_amp_x\" href=\"https:\/\/twitter.com\/intent\/tweet?text=Radio%20Majaguabo%20-%20Emisora%20Radio%20Majaguabo%2C%20San%20Luis%2C%20Santiago%20de%20Cuba%2C%20Cuba&url=https%3A%2F%2Fwww.radiomajaguabo.icrt.cu%2Findex.php%3Frest_route%3D%252Fwp%252Fv2%252Fposts%252F4942\" title=\"X\" rel=\"nofollow noopener\" target=\"_blank\"><amp-img src=\"https:\/\/www.radiomajaguabo.icrt.cu\/wp-content\/plugins\/sassy-social-share\/public\/..\/images\/amp\/x.svg\" width=\"40\" height=\"40\" alt=\"X\" class=\"amp-wp-enforced-sizes\" style=\"width:40px;\"><\/amp-img><\/a><\/div><div class=\"heateorSssClear\"><\/div><\/div>","protected":false},"author":1,"featured_media":4944,"comment_status":"open","ping_status":"open","sticky":false,"template":"","format":"standard","meta":{"colormag_page_layout":"default_layout","footnotes":""},"categories":[9,10],"tags":[1498,429,550,453,576],"ppma_author":[37,299],"class_list":["post-4942","post","type-post","status-publish","format-standard","has-post-thumbnail","hentry","category-historia","category-san-luis","tag-agroecologia","tag-alimentos","tag-anap","tag-produccion","tag-soberania-alimentaria"],"authors":[{"term_id":37,"user_id":1,"is_guest":0,"slug":"alberterie","display_name":"Administrador","avatar_url":"https:\/\/secure.gravatar.com\/avatar\/c7c20c93c5f4c81e7a7dc9b02a42095ae8875c9af446129683aaa06faf7fd1f3?s=96&d=mm&r=g","author_category":"","user_url":"https:\/\/www.radiomajaguabo.icrt.cu","last_name":"Alberterie Rivero","first_name":"Pedro","job_title":"","description":""},{"term_id":299,"user_id":6,"is_guest":0,"slug":"yaniuska","display_name":"Yaniuska P\u00e9rez Verdecia","avatar_url":"https:\/\/secure.gravatar.com\/avatar\/a6d7e51e5ccf0210b8c939b21a0b37dca410372954868b8ff5b8e51c07cf1a6e?s=96&d=mm&r=g","author_category":"","user_url":"","last_name":"P\u00e9rez Verdecia","first_name":"Yaniuska","job_title":"","description":""}],"amp_enabled":true,"_links":{"self":[{"href":"https:\/\/www.radiomajaguabo.icrt.cu\/index.php?rest_route=\/wp\/v2\/posts\/4942","targetHints":{"allow":["GET"]}}],"collection":[{"href":"https:\/\/www.radiomajaguabo.icrt.cu\/index.php?rest_route=\/wp\/v2\/posts"}],"about":[{"href":"https:\/\/www.radiomajaguabo.icrt.cu\/index.php?rest_route=\/wp\/v2\/types\/post"}],"author":[{"embeddable":true,"href":"https:\/\/www.radiomajaguabo.icrt.cu\/index.php?rest_route=\/wp\/v2\/users\/1"}],"replies":[{"embeddable":true,"href":"https:\/\/www.radiomajaguabo.icrt.cu\/index.php?rest_route=%2Fwp%2Fv2%2Fcomments&post=4942"}],"version-history":[{"count":1,"href":"https:\/\/www.radiomajaguabo.icrt.cu\/index.php?rest_route=\/wp\/v2\/posts\/4942\/revisions"}],"predecessor-version":[{"id":4945,"href":"https:\/\/www.radiomajaguabo.icrt.cu\/index.php?rest_route=\/wp\/v2\/posts\/4942\/revisions\/4945"}],"wp:featuredmedia":[{"embeddable":true,"href":"https:\/\/www.radiomajaguabo.icrt.cu\/index.php?rest_route=\/wp\/v2\/media\/4944"}],"wp:attachment":[{"href":"https:\/\/www.radiomajaguabo.icrt.cu\/index.php?rest_route=%2Fwp%2Fv2%2Fmedia&parent=4942"}],"wp:term":[{"taxonomy":"category","embeddable":true,"href":"https:\/\/www.radiomajaguabo.icrt.cu\/index.php?rest_route=%2Fwp%2Fv2%2Fcategories&post=4942"},{"taxonomy":"post_tag","embeddable":true,"href":"https:\/\/www.radiomajaguabo.icrt.cu\/index.php?rest_route=%2Fwp%2Fv2%2Ftags&post=4942"},{"taxonomy":"author","embeddable":true,"href":"https:\/\/www.radiomajaguabo.icrt.cu\/index.php?rest_route=%2Fwp%2Fv2%2Fppma_author&post=4942"}],"curies":[{"name":"wp","href":"https:\/\/api.w.org\/{rel}","templated":true}]}}