{"id":4932,"date":"2023-09-22T09:46:11","date_gmt":"2023-09-22T09:46:11","guid":{"rendered":"https:\/\/www.radiomajaguabo.icrt.cu\/?p=4932"},"modified":"2023-09-22T09:46:11","modified_gmt":"2023-09-22T09:46:11","slug":"cuando-se-sello-para-siempre-el-apoyo-del-campesinado-a-la-revolucion-video","status":"publish","type":"post","link":"https:\/\/www.radiomajaguabo.icrt.cu\/?p=4932","title":{"rendered":"Cuando se sell\u00f3 para siempre el apoyo del campesinado a la Revoluci\u00f3n (+ Video)"},"content":{"rendered":"<p>Santiago de Cuba.\u2013El aniversario 65 del Congreso Campesino en Armas, convocado y dirigido en Soledad de Mayar\u00ed por el entonces Comandante Ra\u00fal Castro Ruz, fue conmemorado en las hist\u00f3ricas monta\u00f1as de la Sierra Cristal, en acto presidido por el miembro del Secretariado del Comit\u00e9 Central del Partido y jefe de de su Departamento Agroalimentario, F\u00e9lix Duarte Ortega; Jorge Luis Tapia Fonseca, vice primer ministro, y Rafael Santiesteban Pozo, presidente de la Asociaci\u00f3n Nacional de Agricultores Peque\u00f1os (ANAP).<!--more--><\/p>\n<p>Notoria fue la presencia de tres campesinos que participaron en el Congreso: Amalio Matos Gonz\u00e1lez, Amador Cuenca Osorio y Hugo Fern\u00e1ndez Consuegra; as\u00ed como la entrega de un reconocimiento especial al L\u00edder de la Revoluci\u00f3n, recibido por Duarte Ortega.<\/p>\n<p>Sandra Calunga expres\u00f3, en nombre de las nuevas generaciones, el \u00abagradecimiento, como joven y mujer hija de campesinos, devenida maestra, a Ra\u00fal y a todos los que forjaron la Revoluci\u00f3n que hoy continuamos y defendemos\u00bb, al tiempo que las d\u00e9cimas, improvisaciones y la m\u00fasica signaron la celebraci\u00f3n.<\/p>\n<p>El Presidente de la ANAP, al hacer uso de la palabra, dijo que el 21 de septiembre de 1958 \u00absell\u00f3 para siempre el tradicional apoyo del campesinado a la Revoluci\u00f3n, que desterr\u00f3 para siempre el terrible desalojo del que era v\u00edctima. Hoy se impone sacar el fruto de la tierra en pos de la soberan\u00eda y seguridad alimentaria\u00bb.<\/p>\n<p>En el acto tambi\u00e9n participaron asociados destacados, siete campesinos H\u00e9roes del Trabajo, los presidentes de la ANAP de todas las provincias, y las principales autoridades pol\u00edticas y gubernamentales de Santiago de Cuba.<\/p>\n","protected":false},"excerpt":{"rendered":"<p>Santiago de Cuba.\u2013El aniversario 65 del Congreso Campesino en Armas, convocado y dirigido en Soledad de Mayar\u00ed por el entonces<\/p>\n<div class='heateor_sss_sharing_container heateor_sss_vertical_sharing heateor_sss_bottom_sharing' style='width:44px;left: -10px;top: 100px;-webkit-box-shadow:none;box-shadow:none;' ><div class=\"heateor_sss_sharing_ul\"><a class=\"heateor_sss_amp heateor_sss_amp_facebook\" href=\"https:\/\/www.facebook.com\/sharer\/sharer.php?u=https%3A%2F%2Fwww.radiomajaguabo.icrt.cu%2Findex.php%3Frest_route%3D%252Fwp%252Fv2%252Fposts%252F4932\" title=\"Facebook\" rel=\"nofollow noopener\" target=\"_blank\"><amp-img src=\"https:\/\/www.radiomajaguabo.icrt.cu\/wp-content\/plugins\/sassy-social-share\/public\/..\/images\/amp\/facebook.svg\" width=\"40\" height=\"40\" alt=\"Facebook\" class=\"amp-wp-enforced-sizes\" style=\"width: 40px;\"><\/amp-img><\/a><a class=\"heateor_sss_amp heateor_sss_amp_linkedin\" href=\"https:\/\/www.linkedin.com\/sharing\/share-offsite\/?url=https%3A%2F%2Fwww.radiomajaguabo.icrt.cu%2Findex.php%3Frest_route%3D%252Fwp%252Fv2%252Fposts%252F4932\" title=\"Linkedin\" rel=\"nofollow noopener\" target=\"_blank\"><amp-img src=\"https:\/\/www.radiomajaguabo.icrt.cu\/wp-content\/plugins\/sassy-social-share\/public\/..\/images\/amp\/linkedin.svg\" width=\"40\" height=\"40\" alt=\"Linkedin\" class=\"amp-wp-enforced-sizes\" style=\"width: 40px;\"><\/amp-img><\/a><a class=\"heateor_sss_amp heateor_sss_amp_whatsapp\" href=\"https:\/\/api.whatsapp.com\/send?text=Radio%20Majaguabo%20-%20Emisora%20Radio%20Majaguabo%2C%20San%20Luis%2C%20Santiago%20de%20Cuba%2C%20Cuba%20https%3A%2F%2Fwww.radiomajaguabo.icrt.cu%2Findex.php%3Frest_route%3D%252Fwp%252Fv2%252Fposts%252F4932\" title=\"Whatsapp\" rel=\"nofollow noopener\" target=\"_blank\"><amp-img src=\"https:\/\/www.radiomajaguabo.icrt.cu\/wp-content\/plugins\/sassy-social-share\/public\/..\/images\/amp\/whatsapp.svg\" width=\"40\" height=\"40\" alt=\"Whatsapp\" class=\"amp-wp-enforced-sizes\" style=\"width: 40px;\"><\/amp-img><\/a><a class=\"heateor_sss_amp heateor_sss_amp_instagram\" href=\"https:\/\/www.instagram.com\/\" title=\"Instagram\" rel=\"nofollow noopener\" target=\"_blank\"><amp-img src=\"https:\/\/www.radiomajaguabo.icrt.cu\/wp-content\/plugins\/sassy-social-share\/public\/..\/images\/amp\/instagram.svg\" width=\"40\" height=\"40\" alt=\"Instagram\" class=\"amp-wp-enforced-sizes\" style=\"width: 40px;\"><\/amp-img><\/a><a class=\"heateor_sss_amp heateor_sss_amp_x\" href=\"https:\/\/twitter.com\/intent\/tweet?text=Radio%20Majaguabo%20-%20Emisora%20Radio%20Majaguabo%2C%20San%20Luis%2C%20Santiago%20de%20Cuba%2C%20Cuba&url=https%3A%2F%2Fwww.radiomajaguabo.icrt.cu%2Findex.php%3Frest_route%3D%252Fwp%252Fv2%252Fposts%252F4932\" title=\"X\" rel=\"nofollow noopener\" target=\"_blank\"><amp-img src=\"https:\/\/www.radiomajaguabo.icrt.cu\/wp-content\/plugins\/sassy-social-share\/public\/..\/images\/amp\/x.svg\" width=\"40\" height=\"40\" alt=\"X\" class=\"amp-wp-enforced-sizes\" style=\"width:40px;\"><\/amp-img><\/a><\/div><div class=\"heateorSssClear\"><\/div><\/div>","protected":false},"author":1,"featured_media":4936,"comment_status":"open","ping_status":"open","sticky":false,"template":"","format":"standard","meta":{"colormag_page_layout":"default_layout","footnotes":""},"categories":[9,8],"tags":[578,1133,1493,13,1494,1492],"ppma_author":[37,40],"class_list":["post-4932","post","type-post","status-publish","format-standard","has-post-thumbnail","hentry","category-historia","category-nacionales","tag-aniversario","tag-campos","tag-conmemoracion","tag-cuba","tag-obrero-campesina","tag-soledad-de-mayari"],"authors":[{"term_id":37,"user_id":1,"is_guest":0,"slug":"alberterie","display_name":"Administrador","avatar_url":"https:\/\/secure.gravatar.com\/avatar\/c7c20c93c5f4c81e7a7dc9b02a42095ae8875c9af446129683aaa06faf7fd1f3?s=96&d=mm&r=g","author_category":"","user_url":"https:\/\/www.radiomajaguabo.icrt.cu","last_name":"Alberterie Rivero","first_name":"Pedro","job_title":"","description":""},{"term_id":40,"user_id":9,"is_guest":0,"slug":"luis-alberto","display_name":"Luis Alberto Portuondo Ortega","avatar_url":"https:\/\/secure.gravatar.com\/avatar\/e2bd34d9f3cf4d8c04e278788df56509bf2a4ad20477f81184f4d3096933eedc?s=96&d=mm&r=g","author_category":"","user_url":"","last_name":"Portuondo Ortega","first_name":"Luis Alberto","job_title":"","description":""}],"amp_enabled":true,"_links":{"self":[{"href":"https:\/\/www.radiomajaguabo.icrt.cu\/index.php?rest_route=\/wp\/v2\/posts\/4932","targetHints":{"allow":["GET"]}}],"collection":[{"href":"https:\/\/www.radiomajaguabo.icrt.cu\/index.php?rest_route=\/wp\/v2\/posts"}],"about":[{"href":"https:\/\/www.radiomajaguabo.icrt.cu\/index.php?rest_route=\/wp\/v2\/types\/post"}],"author":[{"embeddable":true,"href":"https:\/\/www.radiomajaguabo.icrt.cu\/index.php?rest_route=\/wp\/v2\/users\/1"}],"replies":[{"embeddable":true,"href":"https:\/\/www.radiomajaguabo.icrt.cu\/index.php?rest_route=%2Fwp%2Fv2%2Fcomments&post=4932"}],"version-history":[{"count":1,"href":"https:\/\/www.radiomajaguabo.icrt.cu\/index.php?rest_route=\/wp\/v2\/posts\/4932\/revisions"}],"predecessor-version":[{"id":4937,"href":"https:\/\/www.radiomajaguabo.icrt.cu\/index.php?rest_route=\/wp\/v2\/posts\/4932\/revisions\/4937"}],"wp:featuredmedia":[{"embeddable":true,"href":"https:\/\/www.radiomajaguabo.icrt.cu\/index.php?rest_route=\/wp\/v2\/media\/4936"}],"wp:attachment":[{"href":"https:\/\/www.radiomajaguabo.icrt.cu\/index.php?rest_route=%2Fwp%2Fv2%2Fmedia&parent=4932"}],"wp:term":[{"taxonomy":"category","embeddable":true,"href":"https:\/\/www.radiomajaguabo.icrt.cu\/index.php?rest_route=%2Fwp%2Fv2%2Fcategories&post=4932"},{"taxonomy":"post_tag","embeddable":true,"href":"https:\/\/www.radiomajaguabo.icrt.cu\/index.php?rest_route=%2Fwp%2Fv2%2Ftags&post=4932"},{"taxonomy":"author","embeddable":true,"href":"https:\/\/www.radiomajaguabo.icrt.cu\/index.php?rest_route=%2Fwp%2Fv2%2Fppma_author&post=4932"}],"curies":[{"name":"wp","href":"https:\/\/api.w.org\/{rel}","templated":true}]}}