{"id":4931,"date":"2023-09-22T09:41:14","date_gmt":"2023-09-22T09:41:14","guid":{"rendered":"https:\/\/www.radiomajaguabo.icrt.cu\/?p=4931"},"modified":"2023-09-22T09:41:46","modified_gmt":"2023-09-22T09:41:46","slug":"cuba-querida-en-estados-unidos-video","status":"publish","type":"post","link":"https:\/\/www.radiomajaguabo.icrt.cu\/?p=4931","title":{"rendered":"Cuba, querida en Estados Unidos (+Video)"},"content":{"rendered":"<div class=\"story-body-textt story-content\">\n<p>Nueva York.\u2013Cient\u00edficos cubanos y estadounidenses han demostrado, a trav\u00e9s de los a\u00f1os, cu\u00e1nto pueden lograr cuando unen esfuerzos y conocimientos en beneficio de ambos pueblos.<\/p>\n<p>Tomado de Granma<\/p>\n<p>Las experiencias compartidas en esta ciudad, durante un encuentro del Primer Secretario del Comit\u00e9 Central del Partido Comunista y Presidente de la Rep\u00fablica de Cuba, Miguel D\u00edaz-Canel Berm\u00fadez, con profesionales norteamericanos vinculados a la ciencia y las tecnolog\u00edas as\u00ed lo ratifica.<\/p>\n<p>La de ayer fue una jornada muy emotiva, pues al reconocimiento mutuo de los \u00e1mbitos cient\u00edficos de los dos pa\u00edses, y las experiencias de sus v\u00ednculos, se uni\u00f3 el di\u00e1logo sensible y hondo en las ra\u00edces de los pueblos, en la voz de diversas denominaciones religiosas, cristianas, de Estados Unidos, y en la de los artistas, acad\u00e9micos e intelectuales de ese pa\u00eds.<\/p>\n<div class=\"twitter-tweet twitter-tweet-rendered\"><iframe id=\"twitter-widget-2\" class=\"\" title=\"Twitter Tweet\" src=\"https:\/\/platform.twitter.com\/embed\/Tweet.html?dnt=false&amp;embedId=twitter-widget-2&amp;features=eyJ0ZndfdGltZWxpbmVfbGlzdCI6eyJidWNrZXQiOltdLCJ2ZXJzaW9uIjpudWxsfSwidGZ3X2ZvbGxvd2VyX2NvdW50X3N1bnNldCI6eyJidWNrZXQiOnRydWUsInZlcnNpb24iOm51bGx9LCJ0ZndfdHdlZXRfZWRpdF9iYWNrZW5kIjp7ImJ1Y2tldCI6Im9uIiwidmVyc2lvbiI6bnVsbH0sInRmd19yZWZzcmNfc2Vzc2lvbiI6eyJidWNrZXQiOiJvbiIsInZlcnNpb24iOm51bGx9LCJ0ZndfZm9zbnJfc29mdF9pbnRlcnZlbnRpb25zX2VuYWJsZWQiOnsiYnVja2V0Ijoib24iLCJ2ZXJzaW9uIjpudWxsfSwidGZ3X21peGVkX21lZGlhXzE1ODk3Ijp7ImJ1Y2tldCI6InRyZWF0bWVudCIsInZlcnNpb24iOm51bGx9LCJ0ZndfZXhwZXJpbWVudHNfY29va2llX2V4cGlyYXRpb24iOnsiYnVja2V0IjoxMjA5NjAwLCJ2ZXJzaW9uIjpudWxsfSwidGZ3X3Nob3dfYmlyZHdhdGNoX3Bpdm90c19lbmFibGVkIjp7ImJ1Y2tldCI6Im9uIiwidmVyc2lvbiI6bnVsbH0sInRmd19kdXBsaWNhdGVfc2NyaWJlc190b19zZXR0aW5ncyI6eyJidWNrZXQiOiJvbiIsInZlcnNpb24iOm51bGx9LCJ0ZndfdXNlX3Byb2ZpbGVfaW1hZ2Vfc2hhcGVfZW5hYmxlZCI6eyJidWNrZXQiOiJvbiIsInZlcnNpb24iOm51bGx9LCJ0ZndfdmlkZW9faGxzX2R5bmFtaWNfbWFuaWZlc3RzXzE1MDgyIjp7ImJ1Y2tldCI6InRydWVfYml0cmF0ZSIsInZlcnNpb24iOm51bGx9LCJ0ZndfbGVnYWN5X3RpbWVsaW5lX3N1bnNldCI6eyJidWNrZXQiOnRydWUsInZlcnNpb24iOm51bGx9LCJ0ZndfdHdlZXRfZWRpdF9mcm9udGVuZCI6eyJidWNrZXQiOiJvbiIsInZlcnNpb24iOm51bGx9fQ%3D%3D&amp;frame=false&amp;hideCard=false&amp;hideThread=false&amp;id=1705051594683724095&amp;lang=es&amp;origin=https%3A%2F%2Fwww.granma.cu%2F&amp;sessionId=04150d450f7769777e54042b96d42b9bee38b7f8&amp;siteScreenName=Granma_Digital&amp;theme=light&amp;widgetsVersion=aaf4084522e3a%3A1674595607486&amp;width=550px\" frameborder=\"0\" scrolling=\"no\" allowfullscreen=\"allowfullscreen\" data-tweet-id=\"1705051594683724095\" data-mce-fragment=\"1\"><\/iframe><\/div>\n<p>Esos encuentros, que forman parte de otros, que en el contexto de las actividades de la Asamblea General de las Naciones Unidas ha llevado a cabo el Jefe de Estado cubano, fueron propicios, adem\u00e1s, para compartir con los presentes acerca de varios temas que son hoy parte de la actualidad nacional.<\/p>\n<p>Record\u00f3 la reci\u00e9n concluida Cumbre de Jefes de Estado y de Gobierno del Grupo de los 77 y China, cuyo tema central estuvo dedicado a la ciencia, la tecnolog\u00eda y la innovaci\u00f3n, y les coment\u00f3 de la voluntad cient\u00edfica de Cuba y el protagonismo que en ella han tenido y tienen las ideas de Fidel. El desarrollo de estas permiti\u00f3 a la Mayor de las Antillas, dijo D\u00edaz-Canel, enfrentar con \u00e9xito la pandemia de la COVID-19 en el pa\u00eds, y lograr nuestras propias vacunas. De aquellos aciagos d\u00edas, rememor\u00f3, tambi\u00e9n, los momentos vividos por nuestro pueblo durante la crisis de suministro de ox\u00edgeno.<\/p>\n<p>Ciencia e innovaci\u00f3n, detall\u00f3 D\u00edaz-Canel, son pilares de la gesti\u00f3n del Gobierno, a partir del cual se han gestado numerosos caminos para el avance en el pa\u00eds.<\/p>\n<p>A los presentes agradeci\u00f3 el dignatario por el apoyo a \u00abCuba en estos tiempos\u00bb, y c\u00f3mo, a pesar de ello, se han mantenido las investigaciones conjuntas.<\/p>\n<p>Mark J. Spalding, presidente de la Ocean Fundation, asegur\u00f3 que ha sido muy interesante intercambiar con personas de diferentes disciplinas y escuchar lo que est\u00e1 haciendo cada una de ellas desde sus sectores, as\u00ed como conocer sobre todo lo que est\u00e1 logrando el pueblo de Cuba, a pesar del bloqueo.<\/p>\n<p>\u00abNosotros hemos apoyado este trabajo desde hace mucho tiempo, y desde nuestra fundaci\u00f3n hemos trabajado con diferentes instituciones como la Universidad de La Habana y el Centro de Investigaci\u00f3n Marina\u00bb, detall\u00f3. Son acuerdos, refiri\u00f3, que se han mantenido a pesar de las dif\u00edciles situaciones y que continuar\u00e1n en el futuro.<\/p>\n<p>Valerie Miller, directora del Programa de Oc\u00e9anos, con colaboraciones con Cuba, expres\u00f3 que \u00abes un honor compartir con tantos grupos que tienen colaboraciones cient\u00edficas con Cuba, y aprender de los compromisos que tiene el pa\u00eds en cuanto a la ciencia y la educaci\u00f3n\u00bb. Destac\u00f3 las muchas pol\u00edticas ambientales y de ciencia ambiental que existen en Cuba, no solo en beneficio propio, sino tambi\u00e9n de otros en la regi\u00f3n, y agreg\u00f3 que los cient\u00edficos de Estados Unidos y de Cuba pueden seguir colaborando como hasta ahora: \u00absiento que hay muchas oportunidades, y s\u00ed es posible, aunque no es f\u00e1cil\u00bb.<\/p>\n<p><strong>EL MUNDO NECESITA PAZ HOY, NO LA SEMANA NI EL MES QUE VIENE<\/strong><\/p>\n<p>Cuba mirada sin filtros, sin distorsiones medi\u00e1ticas, contada en la voz de su Presidente, fue una de las oportunidades que han agradecido quienes, en la ma\u00f1ana de ayer, tomaron parte en la cordial reuni\u00f3n que el Jefe de Estado sostuvo con l\u00edderes de diversas denominaciones religiosas, cristianas, de Estados Unidos.<\/p>\n<p>Desde su cuenta en la red social X (que hemos conocido como Twitter), el dignatario expres\u00f3: \u00abAgradecimos, en nombre de nuestro pueblo, las m\u00faltiples muestras de solidaridad, las iniciativas a favor del cambio de pol\u00edtica hacia Cuba, y el llamado al Gobierno de EE. UU. a poner fin al bloqueo\u00bb.<\/p>\n<p>En marzo del presente a\u00f1o, una veintena de organizaciones religiosas, estadounidenses, instaron al presidente Biden a eliminar a Cuba de la lista de Estados patrocinadores del terrorismo, y a levantar las restricciones que afectan la labor humanitaria que desarrolla la Iglesia en favor de ambos pueblos.<\/p>\n<p>\u00abNuestro objetivo principal \u2013dijo\u2013 es que nuestras iglesias puedan tener una conexi\u00f3n, un v\u00ednculo, y puedan relacionarse entre s\u00ed. Nosotros, en el Consejo Internacional de Iglesias, tenemos iglesias en Cuba, y lo que queremos principalmente es poder ayudarlas, permitir que se desarrollen al m\u00e1ximo\u00bb.<\/p>\n<p>Fue esa la expresi\u00f3n de Vashti Murphy McKenzie, secretaria general del Consejo Nacional de Iglesias de Cristo en Estados Unidos, tras finalizar el intercambio con el mandatario cubano, quien, en lo concerniente a las relaciones entre los pueblos de Cuba y de Estados Unidos, valor\u00f3 que ambos pa\u00edses deber\u00edan ser mejores vecinos, \u00aby as\u00ed podernos ayudar, y mejorar la situaci\u00f3n econ\u00f3mica y el desarrollo de toda la regi\u00f3n\u00bb.<\/p>\n<p>El mundo necesita paz hoy, no la semana que viene ni el mes que viene, afirm\u00f3, \u00aby debemos encontrar la manera de reunirnos para debatir sobre c\u00f3mo podemos, cu\u00e1les son las mejores maneras para unirnos y enfrentar los problemas que tenemos actualmente, y as\u00ed conseguir esa paz\u00bb.<\/p>\n<p>Ryan D. Smith, representante ante Naciones Unidas del Consejo Mundial de Iglesias, revel\u00f3 que \u00abla comunidad de la fe siente mucho aprecio por el Presidente de Cuba\u00bb, y a\u00f1adi\u00f3 que cuando Cuba \u00abse re\u00fane con nosotros, es uno de los pocos pa\u00edses dentro de las actividades de las Naciones Unidas que ha accedido a reunirse con la Comunidad de Iglesias, y siempre nos ha profesado mucho amor y mucho respeto\u00bb.<\/p>\n<p>En tanto, Vilmaris Sintrol Olivieri, enlace regional para el Caribe, de la Iglesia Presbiteriana de los Estados Unidos, manifest\u00f3: \u00abAgradecemos la oportunidad de estar aqu\u00ed; de escuchar, de primera mano, la informaci\u00f3n que nos ha provisto el se\u00f1or Presidente\u00bb. Mientras, el Reverendo Jos\u00e9 Manuel Capella Prats dijo que hay que hacer todo lo que est\u00e9 en nuestras manos \u00abpara afirmar la fraternidad, la coexistencia pac\u00edfica, el di\u00e1logo respetuoso, y buscar juntos soluciones a problemas que todos tenemos\u00bb.<\/p>\n<p>Un encuentro inolvidable La cultura tiene alcances insospechados; es un lenguaje que enaltece, que tumba muros, que cataliza procesos de acercamiento y de emancipaci\u00f3n. Por eso D\u00edaz-Canel, ante un grupo nutrido de directivos, representantes, artistas y promotores culturales estadounidenses, asegur\u00f3 que \u00abeste encuentro con ustedes va a ser inolvidable\u00bb.<\/p>\n<p>Intelectuales, fil\u00e1ntropos, empresarios y abogados que confluyeron en la Misi\u00f3n Permanente de Cuba ante las Naciones Unidas. A ellos, el Presidente cubano les dijo que \u00abestoy seguro de que vamos a conseguir lo que nos hemos propuesto, y que nuestros pueblos se van a seguir uniendo\u00bb.<\/p>\n<p>Enfatiz\u00f3 en que \u00abnuestros pueblos se van a seguir comunicando; nuestros pueblos van a seguir compartiendo lo mejor que tienen de sus tradiciones, de sus esencias, de sus ra\u00edces, de sus historias, y tambi\u00e9n de sus culturas; y as\u00ed nuestros pueblos van a ser m\u00e1s felices\u00bb.<\/p>\n<p>En la medida en que eso lo construyamos, dijo, al tiempo de que se vayan socavando as\u00ed las estructuras del bloqueo, el acercamiento a trav\u00e9s de la creaci\u00f3n \u00abtendr\u00e1 m\u00e1s m\u00e9rito, porque ser\u00e1 el empe\u00f1o de superar la adversidad, el empe\u00f1o de \u2013con sentimientos, con cari\u00f1o, con espiritualidad\u2013 ir rompiendo un cerco que ha sido y es perverso\u00bb.<\/p>\n<p>Les convoc\u00f3 a que \u00absigan pensando en proyectos, sigan proponiendo proyectos, sigan trabajando con nuestras instituciones, y, adem\u00e1s, cu\u00eddense mucho, porque sabemos que hacer eso aqu\u00ed, en Estados Unidos, es tambi\u00e9n un gesto de valent\u00eda\u00bb.<\/p>\n<p>Emocionaba ver a los creadores hacer una fila para llegar al micr\u00f3fono y, desde all\u00ed, compartir sus sentimientos con el Jefe de Estado: se habl\u00f3 de anteponer la fuerza del arte al bloqueo, de tender puentes, de defender proyectos culturales que tanto han hecho por las cercan\u00edas, del discurso pronunciado por el Presidente D\u00edaz-Canel en Naciones Unidas, calificado por los intelectuales como una intervenci\u00f3n valiente. El bloqueo fue un tema abordado en la reuni\u00f3n por m\u00e1s de un creador: \u00abVamos a seguir luchando, se alz\u00f3 una voz, hasta que ese maldito bloqueo sea levantado\u00bb.<\/p>\n<p>En el fraternal encuentro se produjo un hermoso di\u00e1logo entre Danny Glover y el Presidente cubano. Entre otros temas \u2013como el del liderazgo de la Isla en el \u00e1rea del Caribe\u2013, el mandatario agradeci\u00f3 al actor por haber sido una inspiraci\u00f3n, para \u00e9l, en eso de dar la batalla contra el racismo.<\/p>\n<p>El Jefe de Estado cont\u00f3 al amigo estadounidense sobre el programa que la direcci\u00f3n del pa\u00eds chequea con frecuencia, cuyo prop\u00f3sito esencial es la lucha contra el racismo en la sociedad cubana.<\/p>\n<p><iframe loading=\"lazy\" src=\"https:\/\/www.youtube.com\/embed\/TVeZA5gkrCA\" width=\"560\" height=\"314\" allowfullscreen=\"allowfullscreen\" data-mce-fragment=\"1\"><\/iframe><\/p>\n<\/div>\n<p>&nbsp;<\/p>\n<div class=\"span8 trivia\"><\/div>\n<div class=\"span8\"><\/div>\n<div class=\"span8\"><\/div>\n<div class=\"story-body-textt story-content\"><\/div>\n<aside>\n<h5><\/h5>\n<\/aside>\n","protected":false},"excerpt":{"rendered":"<p>Nueva York.\u2013Cient\u00edficos cubanos y estadounidenses han demostrado, a trav\u00e9s de los a\u00f1os, cu\u00e1nto pueden lograr cuando unen esfuerzos y conocimientos<\/p>\n<div class='heateor_sss_sharing_container heateor_sss_vertical_sharing heateor_sss_bottom_sharing' style='width:44px;left: -10px;top: 100px;-webkit-box-shadow:none;box-shadow:none;' ><div class=\"heateor_sss_sharing_ul\"><a class=\"heateor_sss_amp heateor_sss_amp_facebook\" href=\"https:\/\/www.facebook.com\/sharer\/sharer.php?u=https%3A%2F%2Fwww.radiomajaguabo.icrt.cu%2Findex.php%3Frest_route%3D%252Fwp%252Fv2%252Fposts%252F4931\" title=\"Facebook\" rel=\"nofollow noopener\" target=\"_blank\"><amp-img src=\"https:\/\/www.radiomajaguabo.icrt.cu\/wp-content\/plugins\/sassy-social-share\/public\/..\/images\/amp\/facebook.svg\" width=\"40\" height=\"40\" alt=\"Facebook\" class=\"amp-wp-enforced-sizes\" style=\"width: 40px;\"><\/amp-img><\/a><a class=\"heateor_sss_amp heateor_sss_amp_linkedin\" href=\"https:\/\/www.linkedin.com\/sharing\/share-offsite\/?url=https%3A%2F%2Fwww.radiomajaguabo.icrt.cu%2Findex.php%3Frest_route%3D%252Fwp%252Fv2%252Fposts%252F4931\" title=\"Linkedin\" rel=\"nofollow noopener\" target=\"_blank\"><amp-img src=\"https:\/\/www.radiomajaguabo.icrt.cu\/wp-content\/plugins\/sassy-social-share\/public\/..\/images\/amp\/linkedin.svg\" width=\"40\" height=\"40\" alt=\"Linkedin\" class=\"amp-wp-enforced-sizes\" style=\"width: 40px;\"><\/amp-img><\/a><a class=\"heateor_sss_amp heateor_sss_amp_whatsapp\" href=\"https:\/\/api.whatsapp.com\/send?text=Radio%20Majaguabo%20-%20Emisora%20Radio%20Majaguabo%2C%20San%20Luis%2C%20Santiago%20de%20Cuba%2C%20Cuba%20https%3A%2F%2Fwww.radiomajaguabo.icrt.cu%2Findex.php%3Frest_route%3D%252Fwp%252Fv2%252Fposts%252F4931\" title=\"Whatsapp\" rel=\"nofollow noopener\" target=\"_blank\"><amp-img src=\"https:\/\/www.radiomajaguabo.icrt.cu\/wp-content\/plugins\/sassy-social-share\/public\/..\/images\/amp\/whatsapp.svg\" width=\"40\" height=\"40\" alt=\"Whatsapp\" class=\"amp-wp-enforced-sizes\" style=\"width: 40px;\"><\/amp-img><\/a><a class=\"heateor_sss_amp heateor_sss_amp_instagram\" href=\"https:\/\/www.instagram.com\/\" title=\"Instagram\" rel=\"nofollow noopener\" target=\"_blank\"><amp-img src=\"https:\/\/www.radiomajaguabo.icrt.cu\/wp-content\/plugins\/sassy-social-share\/public\/..\/images\/amp\/instagram.svg\" width=\"40\" height=\"40\" alt=\"Instagram\" class=\"amp-wp-enforced-sizes\" style=\"width: 40px;\"><\/amp-img><\/a><a class=\"heateor_sss_amp heateor_sss_amp_x\" href=\"https:\/\/twitter.com\/intent\/tweet?text=Radio%20Majaguabo%20-%20Emisora%20Radio%20Majaguabo%2C%20San%20Luis%2C%20Santiago%20de%20Cuba%2C%20Cuba&url=https%3A%2F%2Fwww.radiomajaguabo.icrt.cu%2Findex.php%3Frest_route%3D%252Fwp%252Fv2%252Fposts%252F4931\" title=\"X\" rel=\"nofollow noopener\" target=\"_blank\"><amp-img src=\"https:\/\/www.radiomajaguabo.icrt.cu\/wp-content\/plugins\/sassy-social-share\/public\/..\/images\/amp\/x.svg\" width=\"40\" height=\"40\" alt=\"X\" class=\"amp-wp-enforced-sizes\" style=\"width:40px;\"><\/amp-img><\/a><\/div><div class=\"heateorSssClear\"><\/div><\/div>","protected":false},"author":1,"featured_media":4933,"comment_status":"open","ping_status":"open","sticky":false,"template":"","format":"standard","meta":{"colormag_page_layout":"default_layout","footnotes":""},"categories":[7,8],"tags":[1491,1135,559,47,1470,1490,1489,1487,1488],"ppma_author":[37],"class_list":["post-4931","post","type-post","status-publish","format-standard","has-post-thumbnail","hentry","category-internacionales","category-nacionales","tag-academicos","tag-artistas","tag-ciencia","tag-diaz-canel","tag-encuentro","tag-intelectuales","tag-lideres-religiosos","tag-profesionales-estadounidenses","tag-tecnologias"],"authors":[{"term_id":37,"user_id":1,"is_guest":0,"slug":"alberterie","display_name":"Administrador","avatar_url":"https:\/\/secure.gravatar.com\/avatar\/c7c20c93c5f4c81e7a7dc9b02a42095ae8875c9af446129683aaa06faf7fd1f3?s=96&d=mm&r=g","author_category":"","user_url":"https:\/\/www.radiomajaguabo.icrt.cu","last_name":"Alberterie Rivero","first_name":"Pedro","job_title":"","description":""}],"amp_enabled":true,"_links":{"self":[{"href":"https:\/\/www.radiomajaguabo.icrt.cu\/index.php?rest_route=\/wp\/v2\/posts\/4931","targetHints":{"allow":["GET"]}}],"collection":[{"href":"https:\/\/www.radiomajaguabo.icrt.cu\/index.php?rest_route=\/wp\/v2\/posts"}],"about":[{"href":"https:\/\/www.radiomajaguabo.icrt.cu\/index.php?rest_route=\/wp\/v2\/types\/post"}],"author":[{"embeddable":true,"href":"https:\/\/www.radiomajaguabo.icrt.cu\/index.php?rest_route=\/wp\/v2\/users\/1"}],"replies":[{"embeddable":true,"href":"https:\/\/www.radiomajaguabo.icrt.cu\/index.php?rest_route=%2Fwp%2Fv2%2Fcomments&post=4931"}],"version-history":[{"count":2,"href":"https:\/\/www.radiomajaguabo.icrt.cu\/index.php?rest_route=\/wp\/v2\/posts\/4931\/revisions"}],"predecessor-version":[{"id":4935,"href":"https:\/\/www.radiomajaguabo.icrt.cu\/index.php?rest_route=\/wp\/v2\/posts\/4931\/revisions\/4935"}],"wp:featuredmedia":[{"embeddable":true,"href":"https:\/\/www.radiomajaguabo.icrt.cu\/index.php?rest_route=\/wp\/v2\/media\/4933"}],"wp:attachment":[{"href":"https:\/\/www.radiomajaguabo.icrt.cu\/index.php?rest_route=%2Fwp%2Fv2%2Fmedia&parent=4931"}],"wp:term":[{"taxonomy":"category","embeddable":true,"href":"https:\/\/www.radiomajaguabo.icrt.cu\/index.php?rest_route=%2Fwp%2Fv2%2Fcategories&post=4931"},{"taxonomy":"post_tag","embeddable":true,"href":"https:\/\/www.radiomajaguabo.icrt.cu\/index.php?rest_route=%2Fwp%2Fv2%2Ftags&post=4931"},{"taxonomy":"author","embeddable":true,"href":"https:\/\/www.radiomajaguabo.icrt.cu\/index.php?rest_route=%2Fwp%2Fv2%2Fppma_author&post=4931"}],"curies":[{"name":"wp","href":"https:\/\/api.w.org\/{rel}","templated":true}]}}