{"id":4924,"date":"2023-09-21T12:16:48","date_gmt":"2023-09-21T12:16:48","guid":{"rendered":"https:\/\/www.radiomajaguabo.icrt.cu\/?p=4924"},"modified":"2023-09-21T12:16:48","modified_gmt":"2023-09-21T12:16:48","slug":"hace-70-anos-en-un-juicio-se-revelo-el-programa-de-la-revolucion","status":"publish","type":"post","link":"https:\/\/www.radiomajaguabo.icrt.cu\/?p=4924","title":{"rendered":"Hace 70 a\u00f1os, en un juicio, se revel\u00f3 el programa de la Revoluci\u00f3n"},"content":{"rendered":"<p>El alegato de autodefensa del doctor Fidel Castro Ruz, conocido como <em>La historia me absolver\u00e1<\/em>, convirti\u00f3, hace 70 a\u00f1os, de acusados en acusadores a los prisioneros juzgados por el asalto al cuartel Moncada, en el juicio que comenz\u00f3 el 21 de septiembre de 1953.<!--more--><\/p>\n<p>Tomado de Granma<\/p>\n<p>Demostr\u00f3, a Cuba y al mundo, que la acci\u00f3n contra la segunda fortaleza militar del pa\u00eds, el 26 de julio de 1953, no era solo para destituir a un Gobierno fraudulento. Respond\u00eda a un programa pol\u00edtico revolucionario, a fin de remover las estructuras de la naci\u00f3n, vulneradas por el golpe militar de Fulgencio Batista, el 10 de marzo de 1952.<\/p>\n<p>Al fallar el factor sorpresa, no se alcanz\u00f3 el objetivo. Fidel fue hecho prisionero despu\u00e9s del rev\u00e9s, y estuvo incomunicado numerosos d\u00edas. Fue sometido a juicio y condenado a 15 a\u00f1os de prisi\u00f3n.<\/p>\n<p>La instrucci\u00f3n de la Causa 37 comenz\u00f3 por la Sala de Vacaciones del Tribunal de Urgencia de Santiago de Cuba, y el juicio se efectu\u00f3 en tres escenarios: el Palacio de Justicia, entre el 21 de septiembre y el 6 de diciembre de 1953; en el Hospital Saturnino Lora, donde juzgaron a Fidel el 16 de octubre, separado, arbitrariamente, de la sala del Pleno; y el Centro Ben\u00e9fico de la Colonia Espa\u00f1ola, el 23 de octubre.<\/p>\n<p>Fidel, en su condici\u00f3n de acusado, afirm\u00f3: \u00abNadie debe preocuparse de que lo acusen de ser autor intelectual de la Revoluci\u00f3n, porque el \u00fanico autor intelectual del asalto al Moncada es Jos\u00e9 Mart\u00ed, Ap\u00f3stol de la independencia cubana\u00bb, testimonio conocido por la presencia all\u00ed de la periodista Marta Rojas.<\/p>\n<p>Fidel se declar\u00f3 jefe del movimiento y de los asaltantes a los cuarteles Moncada y Carlos Manuel de C\u00e9spedes, en Bayamo.<\/p>\n<p>Como abogado, asumi\u00f3 su propia defensa. Denunci\u00f3 los cr\u00edmenes atroces del Ej\u00e9rcito y la Polic\u00eda de la tiran\u00eda contra sus compa\u00f1eros, torturados y masacrados; expuso los lineamientos pol\u00edticos que sosten\u00edan la acci\u00f3n; reivindic\u00f3 la memoria de Mart\u00ed, y mencion\u00f3 elementos de su programa, contenidos en el Manifiesto del Moncada a la Naci\u00f3n.<\/p>\n<p>Hab\u00eda revelado el programa de la futura Revoluci\u00f3n,\u00a0 y concluy\u00f3 con la tajante frase: \u00abCondenadme, no importa, la historia me absolver\u00e1\u00bb.<\/p>\n","protected":false},"excerpt":{"rendered":"<p>El alegato de autodefensa del doctor Fidel Castro Ruz, conocido como La historia me absolver\u00e1, convirti\u00f3, hace 70 a\u00f1os, de<\/p>\n<div class='heateor_sss_sharing_container heateor_sss_vertical_sharing heateor_sss_bottom_sharing' style='width:44px;left: -10px;top: 100px;-webkit-box-shadow:none;box-shadow:none;' ><div class=\"heateor_sss_sharing_ul\"><a class=\"heateor_sss_amp heateor_sss_amp_facebook\" href=\"https:\/\/www.facebook.com\/sharer\/sharer.php?u=https%3A%2F%2Fwww.radiomajaguabo.icrt.cu%2Findex.php%3Frest_route%3D%252Fwp%252Fv2%252Fposts%252F4924\" title=\"Facebook\" rel=\"nofollow noopener\" target=\"_blank\"><amp-img src=\"https:\/\/www.radiomajaguabo.icrt.cu\/wp-content\/plugins\/sassy-social-share\/public\/..\/images\/amp\/facebook.svg\" width=\"40\" height=\"40\" alt=\"Facebook\" class=\"amp-wp-enforced-sizes\" style=\"width: 40px;\"><\/amp-img><\/a><a class=\"heateor_sss_amp heateor_sss_amp_linkedin\" href=\"https:\/\/www.linkedin.com\/sharing\/share-offsite\/?url=https%3A%2F%2Fwww.radiomajaguabo.icrt.cu%2Findex.php%3Frest_route%3D%252Fwp%252Fv2%252Fposts%252F4924\" title=\"Linkedin\" rel=\"nofollow noopener\" target=\"_blank\"><amp-img src=\"https:\/\/www.radiomajaguabo.icrt.cu\/wp-content\/plugins\/sassy-social-share\/public\/..\/images\/amp\/linkedin.svg\" width=\"40\" height=\"40\" alt=\"Linkedin\" class=\"amp-wp-enforced-sizes\" style=\"width: 40px;\"><\/amp-img><\/a><a class=\"heateor_sss_amp heateor_sss_amp_whatsapp\" href=\"https:\/\/api.whatsapp.com\/send?text=Radio%20Majaguabo%20-%20Emisora%20Radio%20Majaguabo%2C%20San%20Luis%2C%20Santiago%20de%20Cuba%2C%20Cuba%20https%3A%2F%2Fwww.radiomajaguabo.icrt.cu%2Findex.php%3Frest_route%3D%252Fwp%252Fv2%252Fposts%252F4924\" title=\"Whatsapp\" rel=\"nofollow noopener\" target=\"_blank\"><amp-img src=\"https:\/\/www.radiomajaguabo.icrt.cu\/wp-content\/plugins\/sassy-social-share\/public\/..\/images\/amp\/whatsapp.svg\" width=\"40\" height=\"40\" alt=\"Whatsapp\" class=\"amp-wp-enforced-sizes\" style=\"width: 40px;\"><\/amp-img><\/a><a class=\"heateor_sss_amp heateor_sss_amp_instagram\" href=\"https:\/\/www.instagram.com\/\" title=\"Instagram\" rel=\"nofollow noopener\" target=\"_blank\"><amp-img src=\"https:\/\/www.radiomajaguabo.icrt.cu\/wp-content\/plugins\/sassy-social-share\/public\/..\/images\/amp\/instagram.svg\" width=\"40\" height=\"40\" alt=\"Instagram\" class=\"amp-wp-enforced-sizes\" style=\"width: 40px;\"><\/amp-img><\/a><a class=\"heateor_sss_amp heateor_sss_amp_x\" href=\"https:\/\/twitter.com\/intent\/tweet?text=Radio%20Majaguabo%20-%20Emisora%20Radio%20Majaguabo%2C%20San%20Luis%2C%20Santiago%20de%20Cuba%2C%20Cuba&url=https%3A%2F%2Fwww.radiomajaguabo.icrt.cu%2Findex.php%3Frest_route%3D%252Fwp%252Fv2%252Fposts%252F4924\" title=\"X\" rel=\"nofollow noopener\" target=\"_blank\"><amp-img src=\"https:\/\/www.radiomajaguabo.icrt.cu\/wp-content\/plugins\/sassy-social-share\/public\/..\/images\/amp\/x.svg\" width=\"40\" height=\"40\" alt=\"X\" class=\"amp-wp-enforced-sizes\" style=\"width:40px;\"><\/amp-img><\/a><\/div><div class=\"heateorSssClear\"><\/div><\/div>","protected":false},"author":1,"featured_media":4927,"comment_status":"open","ping_status":"open","sticky":false,"template":"","format":"standard","meta":{"colormag_page_layout":"default_layout","footnotes":""},"categories":[8],"tags":[1485,990,1486,679,321,1207],"ppma_author":[37],"class_list":["post-4924","post","type-post","status-publish","format-standard","has-post-thumbnail","hentry","category-nacionales","tag-alegato","tag-asalto","tag-autodefensa","tag-cuartel-moncada","tag-fidel-castro-ruz","tag-la-historia-me-absolvera"],"authors":[{"term_id":37,"user_id":1,"is_guest":0,"slug":"alberterie","display_name":"Administrador","avatar_url":"https:\/\/secure.gravatar.com\/avatar\/c7c20c93c5f4c81e7a7dc9b02a42095ae8875c9af446129683aaa06faf7fd1f3?s=96&d=mm&r=g","author_category":"","user_url":"https:\/\/www.radiomajaguabo.icrt.cu","last_name":"Alberterie Rivero","first_name":"Pedro","job_title":"","description":""}],"amp_enabled":true,"_links":{"self":[{"href":"https:\/\/www.radiomajaguabo.icrt.cu\/index.php?rest_route=\/wp\/v2\/posts\/4924","targetHints":{"allow":["GET"]}}],"collection":[{"href":"https:\/\/www.radiomajaguabo.icrt.cu\/index.php?rest_route=\/wp\/v2\/posts"}],"about":[{"href":"https:\/\/www.radiomajaguabo.icrt.cu\/index.php?rest_route=\/wp\/v2\/types\/post"}],"author":[{"embeddable":true,"href":"https:\/\/www.radiomajaguabo.icrt.cu\/index.php?rest_route=\/wp\/v2\/users\/1"}],"replies":[{"embeddable":true,"href":"https:\/\/www.radiomajaguabo.icrt.cu\/index.php?rest_route=%2Fwp%2Fv2%2Fcomments&post=4924"}],"version-history":[{"count":1,"href":"https:\/\/www.radiomajaguabo.icrt.cu\/index.php?rest_route=\/wp\/v2\/posts\/4924\/revisions"}],"predecessor-version":[{"id":4928,"href":"https:\/\/www.radiomajaguabo.icrt.cu\/index.php?rest_route=\/wp\/v2\/posts\/4924\/revisions\/4928"}],"wp:featuredmedia":[{"embeddable":true,"href":"https:\/\/www.radiomajaguabo.icrt.cu\/index.php?rest_route=\/wp\/v2\/media\/4927"}],"wp:attachment":[{"href":"https:\/\/www.radiomajaguabo.icrt.cu\/index.php?rest_route=%2Fwp%2Fv2%2Fmedia&parent=4924"}],"wp:term":[{"taxonomy":"category","embeddable":true,"href":"https:\/\/www.radiomajaguabo.icrt.cu\/index.php?rest_route=%2Fwp%2Fv2%2Fcategories&post=4924"},{"taxonomy":"post_tag","embeddable":true,"href":"https:\/\/www.radiomajaguabo.icrt.cu\/index.php?rest_route=%2Fwp%2Fv2%2Ftags&post=4924"},{"taxonomy":"author","embeddable":true,"href":"https:\/\/www.radiomajaguabo.icrt.cu\/index.php?rest_route=%2Fwp%2Fv2%2Fppma_author&post=4924"}],"curies":[{"name":"wp","href":"https:\/\/api.w.org\/{rel}","templated":true}]}}