{"id":4921,"date":"2023-09-20T18:01:55","date_gmt":"2023-09-20T18:01:55","guid":{"rendered":"https:\/\/www.radiomajaguabo.icrt.cu\/?p=4921"},"modified":"2023-09-20T18:01:55","modified_gmt":"2023-09-20T18:01:55","slug":"urge-nueva-arquitectura-financiera-para-el-sur","status":"publish","type":"post","link":"https:\/\/www.radiomajaguabo.icrt.cu\/?p=4921","title":{"rendered":"Urge nueva arquitectura financiera para el Sur"},"content":{"rendered":"<p>NUEVA YORK.-De la voluntad pol\u00edtica como rampa de lanzamiento para superar \u00abuna de las crisis m\u00e1s complejas de las que ha sido testigo la humanidad en la historia moderna\u00bb habl\u00f3 en la ma\u00f1ana de este mi\u00e9rcoles, desde las Naciones Unidos, el Presidente de la Rep\u00fablica de Cuba, Miguel D\u00edaz-Canel Berm\u00fadez.<\/p>\n<p>A nombre del Grupo de los 77 y China -porque Cuba es en este 2023 presidente pro-t\u00e9mpore de ese organismo integrador- intervino el Jefe de Estado. Lo hizo en el contexto del Di\u00e1logo de Alto Nivel sobre Financiamiento para el Desarrollo, y como parte del 78 periodo ordinario de sesiones de la Asamblea General de las Naciones Unidas.<\/p>\n<p>A prop\u00f3sito de la mesa redonda interactiva que vers\u00f3 sobre la necesidad de reformar la arquitectura financiera internacional para lograr los Objetivos de Desarrollo Sostenible, el mandatario del pa\u00eds caribe\u00f1o comenz\u00f3 as\u00ed sus palabras: \u00abEs para m\u00ed un honor pronunciar esta Declaraci\u00f3n en nombre del Grupo de los 77 y China\u00bb.<\/p>\n<p>El Primer Secretario del Comit\u00e9 Central del Partido Comunista de Cuba expres\u00f3 que \u00abel Di\u00e1logo de Alto Nivel presenta una valiosa oportunidad para el intercambio abierto, para reflexionar sobre el progreso alcanzado en la implementaci\u00f3n del Plan de Acci\u00f3n de Addis Ababa, y para evaluar las maneras m\u00e1s eficientes de cerrar la creciente brecha, movilizando la voluntad pol\u00edtica y los recursos necesarios para lograr los Objetivos de Desarrollo Sostenible para 2030\u00bb.<\/p>\n<p>La arquitectura financiera actual -reflexion\u00f3- no est\u00e1 dise\u00f1ada para proveer las respuestas que necesitan los pa\u00edses del Sur: \u00abLa reforma inclusiva de esta arquitectura es una demanda de larga data con el objetivo de cumplir con los principios y prop\u00f3sitos de la Carta de la Naciones Unidas y el derecho internacional\u00bb.<\/p>\n<p>Por lo anterior, el Presidente cubano enunci\u00f3 que \u00abun paso en esa direcci\u00f3n ser\u00eda redise\u00f1ar y recapitalizar los Bancos Multilaterales de Desarrollo, para que estos puedan asistir eficazmente a los pa\u00edses en desarrollo como un todo\u00bb.<\/p>\n<p>El mandatario fue m\u00e1s all\u00e1 en el an\u00e1lisis: El refinanciamiento de los Bancos Multilaterales de Desarrollo por s\u00ed solo no ser\u00eda suficiente para cubrir las necesidades del 80% de la poblaci\u00f3n mundial, que vive en el Sur Global.<\/p>\n<p>\u00abSe necesitan -alert\u00f3- acciones inmediatas para enfrentar con urgencia la deuda externa insostenible, que arrastra a la mayor\u00eda de las naciones en desarrollo hacia un abismo econ\u00f3mico. Se necesita inmediatamente una soluci\u00f3n inclusiva y efectiva, con la participaci\u00f3n de todos los acreedores, para que los pa\u00edses del Sur, particularmente los pa\u00edses de ingreso medio con miles de millones de d\u00f3lares de sus propios ahorros dom\u00e9sticos, inviertan en su desarrollo\u00bb.<\/p>\n<p>\u00abAdem\u00e1s, no puede continuar demor\u00e1ndose la recanalizaci\u00f3n de Derechos Especiales de Giro no utilizados hacia pa\u00edses en desarrollo y una nueva asignaci\u00f3n de estos Derechos\u00bb.<\/p>\n<p>\u00abEn tercer lugar, la reforma del sistema de gobernanza actual, creado hace casi un siglo, no refleja la realidad de las estructuras multilaterales de hoy\u00bb.<\/p>\n<p>Este \u00faltimo concepto, seg\u00fan explic\u00f3 el mandatario, implica proceder a reformar la estructura de gobernanza de las Instituciones Financieras Internacionales -especialmente el Fondo Monetario Internacional-, ya que el sistema de votaciones basado en poder econ\u00f3mico o financiero no es ya sostenible.<\/p>\n<p>Las otras premisas -dijo el dignatario- tienen que ver con \u00abuna arquitectura mejorada de deuda soberana global con participaci\u00f3n significativa de los pa\u00edses en desarrollo\u00bb; as\u00ed como con plataformas inclusivas y eficaces para dise\u00f1ar y debatir normas y regulaciones impositivas internacionales en las Naciones Unidas.<\/p>\n<p>El sistema de comercio internacional -enfatiz\u00f3 el Presidente D\u00edaz-Canel Berm\u00fadez- necesita tambi\u00e9n con urgencia de una acci\u00f3n decisiva que haga posible necesarias reformas: \u00abEsto debe incluir, explicit\u00f3, que los pa\u00edses desarrollados cesen de incrementar artificialmente la carga de exportaci\u00f3n a aquellos mercados para pa\u00edses en desarrollo a trav\u00e9s de tarifas injustificables y discriminatorias, permitiendo as\u00ed un espacio para que los pa\u00edses en desarrollo creen industrias modernas que a\u00f1adan valor a sus facilidades extractivas y agr\u00edcolas\u00bb.<\/p>\n","protected":false},"excerpt":{"rendered":"<p>NUEVA YORK.-De la voluntad pol\u00edtica como rampa de lanzamiento para superar \u00abuna de las crisis m\u00e1s complejas de las que<\/p>\n<div class='heateor_sss_sharing_container heateor_sss_vertical_sharing heateor_sss_bottom_sharing' style='width:44px;left: -10px;top: 100px;-webkit-box-shadow:none;box-shadow:none;' ><div class=\"heateor_sss_sharing_ul\"><a class=\"heateor_sss_amp heateor_sss_amp_facebook\" href=\"https:\/\/www.facebook.com\/sharer\/sharer.php?u=https%3A%2F%2Fwww.radiomajaguabo.icrt.cu%2Findex.php%3Frest_route%3D%252Fwp%252Fv2%252Fposts%252F4921\" title=\"Facebook\" rel=\"nofollow noopener\" target=\"_blank\"><amp-img src=\"https:\/\/www.radiomajaguabo.icrt.cu\/wp-content\/plugins\/sassy-social-share\/public\/..\/images\/amp\/facebook.svg\" width=\"40\" height=\"40\" alt=\"Facebook\" class=\"amp-wp-enforced-sizes\" style=\"width: 40px;\"><\/amp-img><\/a><a class=\"heateor_sss_amp heateor_sss_amp_linkedin\" href=\"https:\/\/www.linkedin.com\/sharing\/share-offsite\/?url=https%3A%2F%2Fwww.radiomajaguabo.icrt.cu%2Findex.php%3Frest_route%3D%252Fwp%252Fv2%252Fposts%252F4921\" title=\"Linkedin\" rel=\"nofollow noopener\" target=\"_blank\"><amp-img src=\"https:\/\/www.radiomajaguabo.icrt.cu\/wp-content\/plugins\/sassy-social-share\/public\/..\/images\/amp\/linkedin.svg\" width=\"40\" height=\"40\" alt=\"Linkedin\" class=\"amp-wp-enforced-sizes\" style=\"width: 40px;\"><\/amp-img><\/a><a class=\"heateor_sss_amp heateor_sss_amp_whatsapp\" href=\"https:\/\/api.whatsapp.com\/send?text=Radio%20Majaguabo%20-%20Emisora%20Radio%20Majaguabo%2C%20San%20Luis%2C%20Santiago%20de%20Cuba%2C%20Cuba%20https%3A%2F%2Fwww.radiomajaguabo.icrt.cu%2Findex.php%3Frest_route%3D%252Fwp%252Fv2%252Fposts%252F4921\" title=\"Whatsapp\" rel=\"nofollow noopener\" target=\"_blank\"><amp-img src=\"https:\/\/www.radiomajaguabo.icrt.cu\/wp-content\/plugins\/sassy-social-share\/public\/..\/images\/amp\/whatsapp.svg\" width=\"40\" height=\"40\" alt=\"Whatsapp\" class=\"amp-wp-enforced-sizes\" style=\"width: 40px;\"><\/amp-img><\/a><a class=\"heateor_sss_amp heateor_sss_amp_instagram\" href=\"https:\/\/www.instagram.com\/\" title=\"Instagram\" rel=\"nofollow noopener\" target=\"_blank\"><amp-img src=\"https:\/\/www.radiomajaguabo.icrt.cu\/wp-content\/plugins\/sassy-social-share\/public\/..\/images\/amp\/instagram.svg\" width=\"40\" height=\"40\" alt=\"Instagram\" class=\"amp-wp-enforced-sizes\" style=\"width: 40px;\"><\/amp-img><\/a><a class=\"heateor_sss_amp heateor_sss_amp_x\" href=\"https:\/\/twitter.com\/intent\/tweet?text=Radio%20Majaguabo%20-%20Emisora%20Radio%20Majaguabo%2C%20San%20Luis%2C%20Santiago%20de%20Cuba%2C%20Cuba&url=https%3A%2F%2Fwww.radiomajaguabo.icrt.cu%2Findex.php%3Frest_route%3D%252Fwp%252Fv2%252Fposts%252F4921\" title=\"X\" rel=\"nofollow noopener\" target=\"_blank\"><amp-img src=\"https:\/\/www.radiomajaguabo.icrt.cu\/wp-content\/plugins\/sassy-social-share\/public\/..\/images\/amp\/x.svg\" width=\"40\" height=\"40\" alt=\"X\" class=\"amp-wp-enforced-sizes\" style=\"width:40px;\"><\/amp-img><\/a><\/div><div class=\"heateorSssClear\"><\/div><\/div>","protected":false},"author":1,"featured_media":4922,"comment_status":"open","ping_status":"open","sticky":false,"template":"","format":"standard","meta":{"colormag_page_layout":"default_layout","footnotes":""},"categories":[6,9,7],"tags":[],"ppma_author":[37],"class_list":["post-4921","post","type-post","status-publish","format-standard","has-post-thumbnail","hentry","category-cultura","category-historia","category-internacionales"],"authors":[{"term_id":37,"user_id":1,"is_guest":0,"slug":"alberterie","display_name":"Administrador","avatar_url":"https:\/\/secure.gravatar.com\/avatar\/c7c20c93c5f4c81e7a7dc9b02a42095ae8875c9af446129683aaa06faf7fd1f3?s=96&d=mm&r=g","author_category":"","user_url":"https:\/\/www.radiomajaguabo.icrt.cu","last_name":"Alberterie Rivero","first_name":"Pedro","job_title":"","description":""}],"amp_enabled":true,"_links":{"self":[{"href":"https:\/\/www.radiomajaguabo.icrt.cu\/index.php?rest_route=\/wp\/v2\/posts\/4921","targetHints":{"allow":["GET"]}}],"collection":[{"href":"https:\/\/www.radiomajaguabo.icrt.cu\/index.php?rest_route=\/wp\/v2\/posts"}],"about":[{"href":"https:\/\/www.radiomajaguabo.icrt.cu\/index.php?rest_route=\/wp\/v2\/types\/post"}],"author":[{"embeddable":true,"href":"https:\/\/www.radiomajaguabo.icrt.cu\/index.php?rest_route=\/wp\/v2\/users\/1"}],"replies":[{"embeddable":true,"href":"https:\/\/www.radiomajaguabo.icrt.cu\/index.php?rest_route=%2Fwp%2Fv2%2Fcomments&post=4921"}],"version-history":[{"count":1,"href":"https:\/\/www.radiomajaguabo.icrt.cu\/index.php?rest_route=\/wp\/v2\/posts\/4921\/revisions"}],"predecessor-version":[{"id":4923,"href":"https:\/\/www.radiomajaguabo.icrt.cu\/index.php?rest_route=\/wp\/v2\/posts\/4921\/revisions\/4923"}],"wp:featuredmedia":[{"embeddable":true,"href":"https:\/\/www.radiomajaguabo.icrt.cu\/index.php?rest_route=\/wp\/v2\/media\/4922"}],"wp:attachment":[{"href":"https:\/\/www.radiomajaguabo.icrt.cu\/index.php?rest_route=%2Fwp%2Fv2%2Fmedia&parent=4921"}],"wp:term":[{"taxonomy":"category","embeddable":true,"href":"https:\/\/www.radiomajaguabo.icrt.cu\/index.php?rest_route=%2Fwp%2Fv2%2Fcategories&post=4921"},{"taxonomy":"post_tag","embeddable":true,"href":"https:\/\/www.radiomajaguabo.icrt.cu\/index.php?rest_route=%2Fwp%2Fv2%2Ftags&post=4921"},{"taxonomy":"author","embeddable":true,"href":"https:\/\/www.radiomajaguabo.icrt.cu\/index.php?rest_route=%2Fwp%2Fv2%2Fppma_author&post=4921"}],"curies":[{"name":"wp","href":"https:\/\/api.w.org\/{rel}","templated":true}]}}