{"id":4861,"date":"2023-09-14T17:42:58","date_gmt":"2023-09-14T17:42:58","guid":{"rendered":"https:\/\/www.radiomajaguabo.icrt.cu\/?p=4861"},"modified":"2023-09-14T17:42:58","modified_gmt":"2023-09-14T17:42:58","slug":"el-sur-necesita-del-sur-solo-unidos-seremos-capaces-de-hacernos-escuchar-video","status":"publish","type":"post","link":"https:\/\/www.radiomajaguabo.icrt.cu\/?p=4861","title":{"rendered":"El Sur necesita del Sur: solo unidos seremos capaces de hacernos escuchar (+ Video)"},"content":{"rendered":"<div class=\"story-body-textt story-content\">\n<p>\u00abCuba har\u00e1 un valioso aporte en la reuni\u00f3n del Grupo de los 77, primeramente, debido a que es el primer pa\u00eds de Am\u00e9rica Latina que ha roto de forma definitiva con el imperialismo; segundo, porque ha realizado una experiencia social de gran envergadura en todos los dominios; y tercero, porque sus delegados est\u00e1n habituados a definiciones claras y a enfrentar los problemas del mundo subdesarrollado con precisi\u00f3n\u00bb.<\/p>\n<p>Tomado de Granma<\/p>\n<p>Estas fueron las tres razones por las cuales, en octubre de 1971, Humberto D\u00edaz Casanueva, embajador de Chile en la Organizaci\u00f3n de las Naciones Unidas, apoy\u00f3 la necesidad de integrar a Cuba en el G77, seg\u00fan rese\u00f1\u00f3 Granma en esa fecha.<\/p>\n<p>Por otro lado, as\u00ed daba a conocer The New York Times el ingreso de la Isla a la organizaci\u00f3n multilateral: \u00abCuba ha sido aceptada como miembro nonag\u00e9simo quinto de la influyente agrupaci\u00f3n de pa\u00edses subdesarrollados \u2013actualmente en v\u00edas de desarrollo\u2013 quienes aspiran a formular una estrategia com\u00fan para proteger sus intereses econ\u00f3micos\u00bb.<\/p>\n<p>A la vez, el medio de prensa reconoc\u00eda que este ingreso no era del agrado del gobierno de Estados Unidos, quien a sus instancias hab\u00eda propiciado la expulsi\u00f3n de Cuba de la Organizaci\u00f3n de Estados Americanos en 1962.<\/p>\n<p>Esa historia, desde entonces hasta hoy, solo se ha enriquecido. La Mayor de las Antillas siempre ha mantenido una postura que potencia la integraci\u00f3n y el multilateralismo, que condena el imperialismo y las pol\u00edticas del orden econ\u00f3mico mundial, donde los muchos ricos cada d\u00eda son m\u00e1s ricos y los millones de pobres cada d\u00eda son m\u00e1s pobres.<\/p>\n<p>El pensamiento del Comandante en Jefe Fidel Castro Ruz, l\u00edder hist\u00f3rico de la Revoluci\u00f3n Cubana, ha sido esencial en ese devenir; y arroja luces sobre la Cumbre del G77 y China, que est\u00e1 a punto de comenzar en La Habana.<\/p>\n<p>En una misiva enviada el 19 de septiembre de 1999 a los participantes en la Reuni\u00f3n Ministerial del Grupo, Fidel expres\u00f3 que la organizaci\u00f3n necesitaba de una reflexi\u00f3n colectiva sobre c\u00f3mo enfrentar las nuevas realidades mundiales para tener acceso al desarrollo, erradicar la pobreza, defender las culturas y ocupar el lugar que le correspond\u00eda en la toma de decisiones globales que a todos afectaban<\/p>\n<p>Tambi\u00e9n en esa carta, el Comandante en Jefe expres\u00f3 que, desde su constituci\u00f3n en 1963, este Grupo hab\u00eda desempe\u00f1ado una relevante funci\u00f3n como representante del Sur y defensor de sus intereses en m\u00faltiples negociaciones. Formaban un conjunto de pa\u00edses caracterizados por la diversidad en cuanto a la geograf\u00eda, las culturas y los niveles de desarrollo econ\u00f3mico. \u00abEsa diversidad no debe ser debilidad, sino fuerza\u00bb.<\/p>\n<p>A\u00f1adi\u00f3 que, por encima de la diversidad y como factor de unidad y cohesi\u00f3n, compart\u00edamos la condici\u00f3n de grupo de pa\u00edses al que muy poco, y en muchas ocasiones pr\u00e1cticamente nada, alcanzaban los beneficios del orden mundial con sus brillantes tecnolog\u00edas, expansi\u00f3n de mercados y burbujas financieras.<\/p>\n<p>Fidel alert\u00f3 que la globalizaci\u00f3n era el proceso hist\u00f3rico que iba definiendo el escenario mundial, y que los impresionantes logros tecnol\u00f3gicos representaban un enorme potencial para el desarrollo, la erradicaci\u00f3n de la pobreza y el fomento del bienestar en condiciones de equidad social para toda la humanidad. Nunca antes contamos con tan formidables recursos tecnol\u00f3gicos como los que hoy existen, valor\u00f3.<\/p>\n<p>La raz\u00f3n le asiste al Comandante incluso ahora, cuando, con mayores \u00edndices de tecnolog\u00eda, con avances deslumbrantes,\u00a0 todav\u00eda no encuentran soluciones esos problemas que aquejan a la humanidad hace muchos a\u00f1os.<\/p>\n<p>En aquella ocasi\u00f3n agreg\u00f3: \u00abpero muy lejos se encuentra el mundo de ver realizadas esas posibilidades que la globalizaci\u00f3n encierra. Ella transcurre hoy bajo el dominio de la pol\u00edtica neoliberal, que impone un mercado sin regulaci\u00f3n y una privatizaci\u00f3n a ultranza\u00bb.<\/p>\n<p>Apunt\u00f3 que, lejos de hacer realidad la difusi\u00f3n del desarrollo en un mundo cada vez m\u00e1s interdependiente y, por tanto, m\u00e1s necesitado de compartir el progreso, la globalizaci\u00f3n neoliberal hab\u00eda agravado las desigualdades y elevado a niveles extremos la falta de equidad social y los m\u00e1s irritantes contrastes entre opulencia y extrema pobreza.<\/p>\n<p>El di\u00e1logo, expres\u00f3 el L\u00edder de la Revoluci\u00f3n Cubana, tiene que ser entre partes con igualdad de derechos, y no un mon\u00f3logo en el que al Tercer Mundo le corresponda el papel de escuchar el discurso sobre lo que debe hacer para merecer certificados de buena conducta.<\/p>\n<p>Resalt\u00f3 que son muchos los puntos para incluir en la agenda de ese di\u00e1logo; nuevos conflictos y crecientes desigualdades requieren de una negociaci\u00f3n en la cual la capacidad de concertaci\u00f3n como Grupo de los 77 y una conducta negociadora inteligente, flexible y con firmeza en los principios, son condici\u00f3n imprescindible para lograr un di\u00e1logo Norte-Sur renovado y capaz de estar a la altura de los inmensos desaf\u00edos globales que enfrenta la humanidad; en especial el de la necesidad de globalizar el desarrollo sobre bases sostenibles de preservaci\u00f3n del medioambiente y equidad social.<\/p>\n<p>El Sur necesita del Sur, la promoci\u00f3n de esta cooperaci\u00f3n es nuestra v\u00eda para compartir las experiencias y capacidades que poseemos, acot\u00f3.<\/p>\n<p>\u00abSolo unidos seremos capaces de hacernos escuchar, de luchar por nuestros intereses, de defender nuestro derecho a la vida, al desarrollo y a la cultura\u00bb, afirm\u00f3.<\/p>\n<p><iframe loading=\"lazy\" src=\"https:\/\/www.youtube.com\/embed\/O3I058OsR74\" width=\"560\" height=\"314\" allowfullscreen=\"allowfullscreen\" data-mce-fragment=\"1\"><\/iframe><\/p>\n<\/div>\n<p>&nbsp;<\/p>\n<div class=\"span8 trivia\"><\/div>\n<div class=\"span8\"><\/div>\n<div class=\"span8\"><\/div>\n<div class=\"story-body-textt story-content\"><\/div>\n<aside><\/aside>\n","protected":false},"excerpt":{"rendered":"<p>\u00abCuba har\u00e1 un valioso aporte en la reuni\u00f3n del Grupo de los 77, primeramente, debido a que es el primer<\/p>\n<div class='heateor_sss_sharing_container heateor_sss_vertical_sharing heateor_sss_bottom_sharing' style='width:44px;left: -10px;top: 100px;-webkit-box-shadow:none;box-shadow:none;' ><div class=\"heateor_sss_sharing_ul\"><a class=\"heateor_sss_amp heateor_sss_amp_facebook\" href=\"https:\/\/www.facebook.com\/sharer\/sharer.php?u=https%3A%2F%2Fwww.radiomajaguabo.icrt.cu%2Findex.php%3Frest_route%3D%252Fwp%252Fv2%252Fposts%252F4861\" title=\"Facebook\" rel=\"nofollow noopener\" target=\"_blank\"><amp-img src=\"https:\/\/www.radiomajaguabo.icrt.cu\/wp-content\/plugins\/sassy-social-share\/public\/..\/images\/amp\/facebook.svg\" width=\"40\" height=\"40\" alt=\"Facebook\" class=\"amp-wp-enforced-sizes\" style=\"width: 40px;\"><\/amp-img><\/a><a class=\"heateor_sss_amp heateor_sss_amp_linkedin\" href=\"https:\/\/www.linkedin.com\/sharing\/share-offsite\/?url=https%3A%2F%2Fwww.radiomajaguabo.icrt.cu%2Findex.php%3Frest_route%3D%252Fwp%252Fv2%252Fposts%252F4861\" title=\"Linkedin\" rel=\"nofollow noopener\" target=\"_blank\"><amp-img src=\"https:\/\/www.radiomajaguabo.icrt.cu\/wp-content\/plugins\/sassy-social-share\/public\/..\/images\/amp\/linkedin.svg\" width=\"40\" height=\"40\" alt=\"Linkedin\" class=\"amp-wp-enforced-sizes\" style=\"width: 40px;\"><\/amp-img><\/a><a class=\"heateor_sss_amp heateor_sss_amp_whatsapp\" href=\"https:\/\/api.whatsapp.com\/send?text=Radio%20Majaguabo%20-%20Emisora%20Radio%20Majaguabo%2C%20San%20Luis%2C%20Santiago%20de%20Cuba%2C%20Cuba%20https%3A%2F%2Fwww.radiomajaguabo.icrt.cu%2Findex.php%3Frest_route%3D%252Fwp%252Fv2%252Fposts%252F4861\" title=\"Whatsapp\" rel=\"nofollow noopener\" target=\"_blank\"><amp-img src=\"https:\/\/www.radiomajaguabo.icrt.cu\/wp-content\/plugins\/sassy-social-share\/public\/..\/images\/amp\/whatsapp.svg\" width=\"40\" height=\"40\" alt=\"Whatsapp\" class=\"amp-wp-enforced-sizes\" style=\"width: 40px;\"><\/amp-img><\/a><a class=\"heateor_sss_amp heateor_sss_amp_instagram\" href=\"https:\/\/www.instagram.com\/\" title=\"Instagram\" rel=\"nofollow noopener\" target=\"_blank\"><amp-img src=\"https:\/\/www.radiomajaguabo.icrt.cu\/wp-content\/plugins\/sassy-social-share\/public\/..\/images\/amp\/instagram.svg\" width=\"40\" height=\"40\" alt=\"Instagram\" class=\"amp-wp-enforced-sizes\" style=\"width: 40px;\"><\/amp-img><\/a><a class=\"heateor_sss_amp heateor_sss_amp_x\" href=\"https:\/\/twitter.com\/intent\/tweet?text=Radio%20Majaguabo%20-%20Emisora%20Radio%20Majaguabo%2C%20San%20Luis%2C%20Santiago%20de%20Cuba%2C%20Cuba&url=https%3A%2F%2Fwww.radiomajaguabo.icrt.cu%2Findex.php%3Frest_route%3D%252Fwp%252Fv2%252Fposts%252F4861\" title=\"X\" rel=\"nofollow noopener\" target=\"_blank\"><amp-img src=\"https:\/\/www.radiomajaguabo.icrt.cu\/wp-content\/plugins\/sassy-social-share\/public\/..\/images\/amp\/x.svg\" width=\"40\" height=\"40\" alt=\"X\" class=\"amp-wp-enforced-sizes\" style=\"width:40px;\"><\/amp-img><\/a><\/div><div class=\"heateorSssClear\"><\/div><\/div>","protected":false},"author":1,"featured_media":4862,"comment_status":"open","ping_status":"open","sticky":false,"template":"","format":"standard","meta":{"colormag_page_layout":"default_layout","footnotes":""},"categories":[7,8],"tags":[13,151,552,1467,21,1466],"ppma_author":[37],"class_list":["post-4861","post","type-post","status-publish","format-standard","has-post-thumbnail","hentry","category-internacionales","category-nacionales","tag-cuba","tag-fidel-castro","tag-grupo-77china","tag-reunion","tag-revolucion","tag-sur"],"authors":[{"term_id":37,"user_id":1,"is_guest":0,"slug":"alberterie","display_name":"Administrador","avatar_url":"https:\/\/secure.gravatar.com\/avatar\/c7c20c93c5f4c81e7a7dc9b02a42095ae8875c9af446129683aaa06faf7fd1f3?s=96&d=mm&r=g","author_category":"","user_url":"https:\/\/www.radiomajaguabo.icrt.cu","last_name":"Alberterie Rivero","first_name":"Pedro","job_title":"","description":""}],"amp_enabled":true,"_links":{"self":[{"href":"https:\/\/www.radiomajaguabo.icrt.cu\/index.php?rest_route=\/wp\/v2\/posts\/4861","targetHints":{"allow":["GET"]}}],"collection":[{"href":"https:\/\/www.radiomajaguabo.icrt.cu\/index.php?rest_route=\/wp\/v2\/posts"}],"about":[{"href":"https:\/\/www.radiomajaguabo.icrt.cu\/index.php?rest_route=\/wp\/v2\/types\/post"}],"author":[{"embeddable":true,"href":"https:\/\/www.radiomajaguabo.icrt.cu\/index.php?rest_route=\/wp\/v2\/users\/1"}],"replies":[{"embeddable":true,"href":"https:\/\/www.radiomajaguabo.icrt.cu\/index.php?rest_route=%2Fwp%2Fv2%2Fcomments&post=4861"}],"version-history":[{"count":1,"href":"https:\/\/www.radiomajaguabo.icrt.cu\/index.php?rest_route=\/wp\/v2\/posts\/4861\/revisions"}],"predecessor-version":[{"id":4863,"href":"https:\/\/www.radiomajaguabo.icrt.cu\/index.php?rest_route=\/wp\/v2\/posts\/4861\/revisions\/4863"}],"wp:featuredmedia":[{"embeddable":true,"href":"https:\/\/www.radiomajaguabo.icrt.cu\/index.php?rest_route=\/wp\/v2\/media\/4862"}],"wp:attachment":[{"href":"https:\/\/www.radiomajaguabo.icrt.cu\/index.php?rest_route=%2Fwp%2Fv2%2Fmedia&parent=4861"}],"wp:term":[{"taxonomy":"category","embeddable":true,"href":"https:\/\/www.radiomajaguabo.icrt.cu\/index.php?rest_route=%2Fwp%2Fv2%2Fcategories&post=4861"},{"taxonomy":"post_tag","embeddable":true,"href":"https:\/\/www.radiomajaguabo.icrt.cu\/index.php?rest_route=%2Fwp%2Fv2%2Ftags&post=4861"},{"taxonomy":"author","embeddable":true,"href":"https:\/\/www.radiomajaguabo.icrt.cu\/index.php?rest_route=%2Fwp%2Fv2%2Fppma_author&post=4861"}],"curies":[{"name":"wp","href":"https:\/\/api.w.org\/{rel}","templated":true}]}}