{"id":4860,"date":"2023-09-14T17:45:57","date_gmt":"2023-09-14T17:45:57","guid":{"rendered":"https:\/\/www.radiomajaguabo.icrt.cu\/?p=4860"},"modified":"2023-09-14T17:45:57","modified_gmt":"2023-09-14T17:45:57","slug":"un-encuentro-entre-hermanos-video","status":"publish","type":"post","link":"https:\/\/www.radiomajaguabo.icrt.cu\/?p=4860","title":{"rendered":"Un encuentro entre hermanos (+ Video)"},"content":{"rendered":"<p>Los acordes de combate se hicieron sentir en el Sal\u00f3n Portocarrero del Palacio de la Revoluci\u00f3n, donde, este mi\u00e9rcoles, el Primer Secretario del Comit\u00e9 Central del Partido Comunista y Presidente de la Rep\u00fablica de Cuba, Miguel D\u00edaz-Canel Berm\u00fadez, recibi\u00f3 a Thongloun Sisoulith, presidente de la Rep\u00fablica Democr\u00e1tica Popular Lao.<!--more--><\/p>\n<p>El dignatario cubano afirm\u00f3 que la visita \u00abes una expresi\u00f3n de los lazos de amistad, hermandad y solidaridad que nos unen, que son lazos indestructibles, entre pa\u00edses hermanos; y en particular, que hayan accedido a venir a esta Cumbre del Grupo de los 77 y China tambi\u00e9n refleja \u2013adem\u00e1s del compromiso de Laos con la causa del Grupo de los 77\u2013 el apoyo a Cuba en la presidencia pro tempore; y eso, lo agradecemos de coraz\u00f3n\u00bb.<\/p>\n<p>El Presidente cubano valor\u00f3 esta visita como el inicio de la celebraci\u00f3n del aniversario 50 del establecimiento de relaciones entre ambas naciones, que tendr\u00e1 lugar en 2024.<\/p>\n<p>\u00abGuardo \u2013dijo\u2013 gratos recuerdos de las visitas que he realizado a Laos, y en particular de la \u00faltima que hicimos en 2018. Y vemos esta como la posibilidad de continuar los di\u00e1logos que tuvimos en aquella ocasi\u00f3n. Es muy significativo que sean ustedes la segunda delegaci\u00f3n que recibimos, de manera oficial, de las que est\u00e1n participando en la Cumbre del Grupo de los 77 y China\u00bb.<\/p>\n<p>Cuando hace cinco a\u00f1os D\u00edaz-Canel \u2013en calidad de Presidente de los Consejos de Estado y de Ministros\u2013, lleg\u00f3 a Laos, fue la primera vez en la historia que un dignatario del pa\u00eds caribe\u00f1o visitaba la naci\u00f3n asi\u00e1tica.<\/p>\n<p>Aquella agenda incluy\u00f3 un encuentro con Thongloun Sisoulith, entonces Primer Ministro, quien en ese di\u00e1logo dijo: \u00abTengo confianza en que los lazos de amistad entre nosotros se van a incrementar. Su visita es un est\u00edmulo para seguir luchando, trabajando, y para seguir fortaleciendo las relaciones\u00bb.<\/p>\n<p>Integran la delegaci\u00f3n laosiana, Saleumxay Kommasith, vice primer ministro y ministro de Asuntos Exteriores, as\u00ed como otros funcionarios.<\/p>\n<p>Por la parte cubana, asistieron el miembro del Bur\u00f3 Pol\u00edtico y ministro de Relaciones Exteriores (Minrex), Bruno Rodr\u00edguez; el jefe del Departamento de Relaciones Internacionales del Comit\u00e9 Central del Partido, Emilio Lozada; la viceministra del Minrex, Anayansi Rodr\u00edguez, entre otros dirigentes.<\/p>\n","protected":false},"excerpt":{"rendered":"<p>Los acordes de combate se hicieron sentir en el Sal\u00f3n Portocarrero del Palacio de la Revoluci\u00f3n, donde, este mi\u00e9rcoles, el<\/p>\n<div class='heateor_sss_sharing_container heateor_sss_vertical_sharing heateor_sss_bottom_sharing' style='width:44px;left: -10px;top: 100px;-webkit-box-shadow:none;box-shadow:none;' ><div class=\"heateor_sss_sharing_ul\"><a class=\"heateor_sss_amp heateor_sss_amp_facebook\" href=\"https:\/\/www.facebook.com\/sharer\/sharer.php?u=https%3A%2F%2Fwww.radiomajaguabo.icrt.cu%2Findex.php%3Frest_route%3D%252Fwp%252Fv2%252Fposts%252F4860\" title=\"Facebook\" rel=\"nofollow noopener\" target=\"_blank\"><amp-img src=\"https:\/\/www.radiomajaguabo.icrt.cu\/wp-content\/plugins\/sassy-social-share\/public\/..\/images\/amp\/facebook.svg\" width=\"40\" height=\"40\" alt=\"Facebook\" class=\"amp-wp-enforced-sizes\" style=\"width: 40px;\"><\/amp-img><\/a><a class=\"heateor_sss_amp heateor_sss_amp_linkedin\" href=\"https:\/\/www.linkedin.com\/sharing\/share-offsite\/?url=https%3A%2F%2Fwww.radiomajaguabo.icrt.cu%2Findex.php%3Frest_route%3D%252Fwp%252Fv2%252Fposts%252F4860\" title=\"Linkedin\" rel=\"nofollow noopener\" target=\"_blank\"><amp-img src=\"https:\/\/www.radiomajaguabo.icrt.cu\/wp-content\/plugins\/sassy-social-share\/public\/..\/images\/amp\/linkedin.svg\" width=\"40\" height=\"40\" alt=\"Linkedin\" class=\"amp-wp-enforced-sizes\" style=\"width: 40px;\"><\/amp-img><\/a><a class=\"heateor_sss_amp heateor_sss_amp_whatsapp\" href=\"https:\/\/api.whatsapp.com\/send?text=Radio%20Majaguabo%20-%20Emisora%20Radio%20Majaguabo%2C%20San%20Luis%2C%20Santiago%20de%20Cuba%2C%20Cuba%20https%3A%2F%2Fwww.radiomajaguabo.icrt.cu%2Findex.php%3Frest_route%3D%252Fwp%252Fv2%252Fposts%252F4860\" title=\"Whatsapp\" rel=\"nofollow noopener\" target=\"_blank\"><amp-img src=\"https:\/\/www.radiomajaguabo.icrt.cu\/wp-content\/plugins\/sassy-social-share\/public\/..\/images\/amp\/whatsapp.svg\" width=\"40\" height=\"40\" alt=\"Whatsapp\" class=\"amp-wp-enforced-sizes\" style=\"width: 40px;\"><\/amp-img><\/a><a class=\"heateor_sss_amp heateor_sss_amp_instagram\" href=\"https:\/\/www.instagram.com\/\" title=\"Instagram\" rel=\"nofollow noopener\" target=\"_blank\"><amp-img src=\"https:\/\/www.radiomajaguabo.icrt.cu\/wp-content\/plugins\/sassy-social-share\/public\/..\/images\/amp\/instagram.svg\" width=\"40\" height=\"40\" alt=\"Instagram\" class=\"amp-wp-enforced-sizes\" style=\"width: 40px;\"><\/amp-img><\/a><a class=\"heateor_sss_amp heateor_sss_amp_x\" href=\"https:\/\/twitter.com\/intent\/tweet?text=Radio%20Majaguabo%20-%20Emisora%20Radio%20Majaguabo%2C%20San%20Luis%2C%20Santiago%20de%20Cuba%2C%20Cuba&url=https%3A%2F%2Fwww.radiomajaguabo.icrt.cu%2Findex.php%3Frest_route%3D%252Fwp%252Fv2%252Fposts%252F4860\" title=\"X\" rel=\"nofollow noopener\" target=\"_blank\"><amp-img src=\"https:\/\/www.radiomajaguabo.icrt.cu\/wp-content\/plugins\/sassy-social-share\/public\/..\/images\/amp\/x.svg\" width=\"40\" height=\"40\" alt=\"X\" class=\"amp-wp-enforced-sizes\" style=\"width:40px;\"><\/amp-img><\/a><\/div><div class=\"heateorSssClear\"><\/div><\/div>","protected":false},"author":1,"featured_media":4864,"comment_status":"open","ping_status":"open","sticky":false,"template":"","format":"standard","meta":{"colormag_page_layout":"default_layout","footnotes":""},"categories":[7,8],"tags":[13,1433,1470,320,1469,1468],"ppma_author":[37],"class_list":["post-4860","post","type-post","status-publish","format-standard","has-post-thumbnail","hentry","category-internacionales","category-nacionales","tag-cuba","tag-cumbre","tag-encuentro","tag-miguel-diaz-canel-bermudez","tag-republica-democratica-popular-lao","tag-thongloun-sisoulith"],"authors":[{"term_id":37,"user_id":1,"is_guest":0,"slug":"alberterie","display_name":"Administrador","avatar_url":"https:\/\/secure.gravatar.com\/avatar\/c7c20c93c5f4c81e7a7dc9b02a42095ae8875c9af446129683aaa06faf7fd1f3?s=96&d=mm&r=g","author_category":"","user_url":"https:\/\/www.radiomajaguabo.icrt.cu","last_name":"Alberterie Rivero","first_name":"Pedro","job_title":"","description":""}],"amp_enabled":true,"_links":{"self":[{"href":"https:\/\/www.radiomajaguabo.icrt.cu\/index.php?rest_route=\/wp\/v2\/posts\/4860","targetHints":{"allow":["GET"]}}],"collection":[{"href":"https:\/\/www.radiomajaguabo.icrt.cu\/index.php?rest_route=\/wp\/v2\/posts"}],"about":[{"href":"https:\/\/www.radiomajaguabo.icrt.cu\/index.php?rest_route=\/wp\/v2\/types\/post"}],"author":[{"embeddable":true,"href":"https:\/\/www.radiomajaguabo.icrt.cu\/index.php?rest_route=\/wp\/v2\/users\/1"}],"replies":[{"embeddable":true,"href":"https:\/\/www.radiomajaguabo.icrt.cu\/index.php?rest_route=%2Fwp%2Fv2%2Fcomments&post=4860"}],"version-history":[{"count":1,"href":"https:\/\/www.radiomajaguabo.icrt.cu\/index.php?rest_route=\/wp\/v2\/posts\/4860\/revisions"}],"predecessor-version":[{"id":4865,"href":"https:\/\/www.radiomajaguabo.icrt.cu\/index.php?rest_route=\/wp\/v2\/posts\/4860\/revisions\/4865"}],"wp:featuredmedia":[{"embeddable":true,"href":"https:\/\/www.radiomajaguabo.icrt.cu\/index.php?rest_route=\/wp\/v2\/media\/4864"}],"wp:attachment":[{"href":"https:\/\/www.radiomajaguabo.icrt.cu\/index.php?rest_route=%2Fwp%2Fv2%2Fmedia&parent=4860"}],"wp:term":[{"taxonomy":"category","embeddable":true,"href":"https:\/\/www.radiomajaguabo.icrt.cu\/index.php?rest_route=%2Fwp%2Fv2%2Fcategories&post=4860"},{"taxonomy":"post_tag","embeddable":true,"href":"https:\/\/www.radiomajaguabo.icrt.cu\/index.php?rest_route=%2Fwp%2Fv2%2Ftags&post=4860"},{"taxonomy":"author","embeddable":true,"href":"https:\/\/www.radiomajaguabo.icrt.cu\/index.php?rest_route=%2Fwp%2Fv2%2Fppma_author&post=4860"}],"curies":[{"name":"wp","href":"https:\/\/api.w.org\/{rel}","templated":true}]}}