{"id":4820,"date":"2023-09-11T11:00:18","date_gmt":"2023-09-11T11:00:18","guid":{"rendered":"https:\/\/www.radiomajaguabo.icrt.cu\/?p=4820"},"modified":"2023-09-11T11:00:18","modified_gmt":"2023-09-11T11:00:18","slug":"almeida-vivo-en-el-canto-energico-de-vencer-o-morir","status":"publish","type":"post","link":"https:\/\/www.radiomajaguabo.icrt.cu\/?p=4820","title":{"rendered":"Almeida, vivo en el canto en\u00e9rgico de \u00abvencer o morir\u00bb"},"content":{"rendered":"<div class=\"story-body-textt story-content\">\n<p>Una sonrisa amplia y una mirada limpia, un car\u00e1cter curtido entre la rectitud y el carisma, mucho de humildad y nada de presunci\u00f3n; un uniforme verde olivo, el arte en sus venas y la Revoluci\u00f3n en el pecho conforman el recuerdo entra\u00f1able del Comandante Juan Almeida Bosque.<\/p>\n<p>Tomado de Granma<\/p>\n<p>No podr\u00eda ser de otra manera porque, salido del pueblo, Almeida se convirti\u00f3, por m\u00e9rito propio, en un combatiente admirado y muy querido por ese mismo pueblo, cuyas penas y sometimientos lo llevaron al Moncada, a soportar estoico las vejaciones del presidio pol\u00edtico, a cruzar los mares de su tierra para vivir en el exilio y regresar luego como un expedicionario del yate Granma, antes de subir a la Sierra a conquistar la libertad trunca de su gente.<\/p>\n<p>Justo all\u00ed, bajo la metralla incesante y el riesgo real de dejar la vida en la contienda, el hijo de Juan Almeida y Rosario comenz\u00f3 a hacerse indispensable para la futura Revoluci\u00f3n.<\/p>\n<p>Una an\u00e9cdota de los d\u00edas iniciales tras el triunfo de enero de 1959 lo confirmar\u00eda. Un amigo de juventud, llamado Ventura Manguela, le pregunt\u00f3 al entonces Comandante del Ej\u00e9rcito Rebelde c\u00f3mo \u00e9l, sin ser una \u00abgente de escuela\u00bb, ocupaba tan alta responsabilidad en el ej\u00e9rcito victorioso.<\/p>\n<p>Su respuesta fue contundente: \u00abVentura, es que yo nunca llegu\u00e9 segundo a un combate y jam\u00e1s me fui primero\u00bb.<\/p>\n<p>Esa era la esencia del joven sencillo y sacrificado que, antes de ser rebelde y revolucionario, se desempe\u00f1\u00f3 como taquillero, mozo de limpieza y alba\u00f1il, para ayudar a su familia a sobrevivir en medio de la miseria y la barbarie impuestas por la tiran\u00eda.<\/p>\n<p>M\u00e1s tarde, cuando la Cuba socialista requiri\u00f3 de sus esfuerzos como integrante del Comit\u00e9 Central y del Bur\u00f3 Pol\u00edtico del Partido, o como diputado a la Asamblea Nacional, vicepresidente del Consejo de Estado, o al frente de la Asociaci\u00f3n de Combatientes, Almeida sigui\u00f3 siendo el mismo, hecho de raigal nobleza, lealtad inquebrantable a Fidel y a Ra\u00fal, y derroche de carisma.<\/p>\n<p>Y es que, sencillo y modesto como pocos, nunca los grados militares ni los cargos pol\u00edticos mellaron el esp\u00edritu sensible del dirigente que sol\u00eda andar en su carro con la ventanilla baja, o que prefer\u00eda escuchar de cerca las inquietudes del pueblo, antes que leerse un informe \u00abedulcorado\u00bb. El mismo Comandante que disfrutaba del mar y de la naturaleza, del canto y la literatura.<\/p>\n<p>Precisamente, m\u00e1s de 300 canciones y una docena de obras literarias forman parte de ese otro legado ineludible del tambi\u00e9n H\u00e9roe de la Rep\u00fablica de Cuba, en quien confluyeron, en perfecta armon\u00eda, el arte y las responsabilidades de la Revoluci\u00f3n, tal como lo expresara en su emblem\u00e1tica canci\u00f3n<em> La Lupe: \u00abY ahora que me alejo\/ para el deber cumplir,\/ que mi tierra me llama a vencer o a morir,\/ no me olvides, Lupita; ay, acu\u00e9rdate de m\u00ed\u00bb<\/em>.<\/p>\n<p>En esa suerte de ser poeta y m\u00fasico, combatiente y amigo, Cuba honra su memoria \u2013a 14 a\u00f1os de su partida f\u00edsica\u2013 con su propia convicci\u00f3n en\u00e9rgica de que \u00a1Aqu\u00ed no se rinde nadie!<\/p>\n<\/div>\n<p>&nbsp;<\/p>\n","protected":false},"excerpt":{"rendered":"<p>Una sonrisa amplia y una mirada limpia, un car\u00e1cter curtido entre la rectitud y el carisma, mucho de humildad y<\/p>\n<div class='heateor_sss_sharing_container heateor_sss_vertical_sharing heateor_sss_bottom_sharing' style='width:44px;left: -10px;top: 100px;-webkit-box-shadow:none;box-shadow:none;' ><div class=\"heateor_sss_sharing_ul\"><a class=\"heateor_sss_amp heateor_sss_amp_facebook\" href=\"https:\/\/www.facebook.com\/sharer\/sharer.php?u=https%3A%2F%2Fwww.radiomajaguabo.icrt.cu%2Findex.php%3Frest_route%3D%252Fwp%252Fv2%252Fposts%252F4820\" title=\"Facebook\" rel=\"nofollow noopener\" target=\"_blank\"><amp-img src=\"https:\/\/www.radiomajaguabo.icrt.cu\/wp-content\/plugins\/sassy-social-share\/public\/..\/images\/amp\/facebook.svg\" width=\"40\" height=\"40\" alt=\"Facebook\" class=\"amp-wp-enforced-sizes\" style=\"width: 40px;\"><\/amp-img><\/a><a class=\"heateor_sss_amp heateor_sss_amp_linkedin\" href=\"https:\/\/www.linkedin.com\/sharing\/share-offsite\/?url=https%3A%2F%2Fwww.radiomajaguabo.icrt.cu%2Findex.php%3Frest_route%3D%252Fwp%252Fv2%252Fposts%252F4820\" title=\"Linkedin\" rel=\"nofollow noopener\" target=\"_blank\"><amp-img src=\"https:\/\/www.radiomajaguabo.icrt.cu\/wp-content\/plugins\/sassy-social-share\/public\/..\/images\/amp\/linkedin.svg\" width=\"40\" height=\"40\" alt=\"Linkedin\" class=\"amp-wp-enforced-sizes\" style=\"width: 40px;\"><\/amp-img><\/a><a class=\"heateor_sss_amp heateor_sss_amp_whatsapp\" href=\"https:\/\/api.whatsapp.com\/send?text=Radio%20Majaguabo%20-%20Emisora%20Radio%20Majaguabo%2C%20San%20Luis%2C%20Santiago%20de%20Cuba%2C%20Cuba%20https%3A%2F%2Fwww.radiomajaguabo.icrt.cu%2Findex.php%3Frest_route%3D%252Fwp%252Fv2%252Fposts%252F4820\" title=\"Whatsapp\" rel=\"nofollow noopener\" target=\"_blank\"><amp-img src=\"https:\/\/www.radiomajaguabo.icrt.cu\/wp-content\/plugins\/sassy-social-share\/public\/..\/images\/amp\/whatsapp.svg\" width=\"40\" height=\"40\" alt=\"Whatsapp\" class=\"amp-wp-enforced-sizes\" style=\"width: 40px;\"><\/amp-img><\/a><a class=\"heateor_sss_amp heateor_sss_amp_instagram\" href=\"https:\/\/www.instagram.com\/\" title=\"Instagram\" rel=\"nofollow noopener\" target=\"_blank\"><amp-img src=\"https:\/\/www.radiomajaguabo.icrt.cu\/wp-content\/plugins\/sassy-social-share\/public\/..\/images\/amp\/instagram.svg\" width=\"40\" height=\"40\" alt=\"Instagram\" class=\"amp-wp-enforced-sizes\" style=\"width: 40px;\"><\/amp-img><\/a><a class=\"heateor_sss_amp heateor_sss_amp_x\" href=\"https:\/\/twitter.com\/intent\/tweet?text=Radio%20Majaguabo%20-%20Emisora%20Radio%20Majaguabo%2C%20San%20Luis%2C%20Santiago%20de%20Cuba%2C%20Cuba&url=https%3A%2F%2Fwww.radiomajaguabo.icrt.cu%2Findex.php%3Frest_route%3D%252Fwp%252Fv2%252Fposts%252F4820\" title=\"X\" rel=\"nofollow noopener\" target=\"_blank\"><amp-img src=\"https:\/\/www.radiomajaguabo.icrt.cu\/wp-content\/plugins\/sassy-social-share\/public\/..\/images\/amp\/x.svg\" width=\"40\" height=\"40\" alt=\"X\" class=\"amp-wp-enforced-sizes\" style=\"width:40px;\"><\/amp-img><\/a><\/div><div class=\"heateorSssClear\"><\/div><\/div>","protected":false},"author":1,"featured_media":4826,"comment_status":"open","ping_status":"open","sticky":false,"template":"","format":"standard","meta":{"colormag_page_layout":"default_layout","footnotes":""},"categories":[6,9,8],"tags":[787,151,1455,61,21,1456],"ppma_author":[37],"class_list":["post-4820","post","type-post","status-publish","format-standard","has-post-thumbnail","hentry","category-cultura","category-historia","category-nacionales","tag-comandante","tag-fidel-castro","tag-juan-almeida-bosque","tag-raul-castro","tag-revolucion","tag-sierra"],"authors":[{"term_id":37,"user_id":1,"is_guest":0,"slug":"alberterie","display_name":"Administrador","avatar_url":"https:\/\/secure.gravatar.com\/avatar\/c7c20c93c5f4c81e7a7dc9b02a42095ae8875c9af446129683aaa06faf7fd1f3?s=96&d=mm&r=g","author_category":"","user_url":"https:\/\/www.radiomajaguabo.icrt.cu","last_name":"Alberterie Rivero","first_name":"Pedro","job_title":"","description":""}],"amp_enabled":true,"_links":{"self":[{"href":"https:\/\/www.radiomajaguabo.icrt.cu\/index.php?rest_route=\/wp\/v2\/posts\/4820","targetHints":{"allow":["GET"]}}],"collection":[{"href":"https:\/\/www.radiomajaguabo.icrt.cu\/index.php?rest_route=\/wp\/v2\/posts"}],"about":[{"href":"https:\/\/www.radiomajaguabo.icrt.cu\/index.php?rest_route=\/wp\/v2\/types\/post"}],"author":[{"embeddable":true,"href":"https:\/\/www.radiomajaguabo.icrt.cu\/index.php?rest_route=\/wp\/v2\/users\/1"}],"replies":[{"embeddable":true,"href":"https:\/\/www.radiomajaguabo.icrt.cu\/index.php?rest_route=%2Fwp%2Fv2%2Fcomments&post=4820"}],"version-history":[{"count":1,"href":"https:\/\/www.radiomajaguabo.icrt.cu\/index.php?rest_route=\/wp\/v2\/posts\/4820\/revisions"}],"predecessor-version":[{"id":4827,"href":"https:\/\/www.radiomajaguabo.icrt.cu\/index.php?rest_route=\/wp\/v2\/posts\/4820\/revisions\/4827"}],"wp:featuredmedia":[{"embeddable":true,"href":"https:\/\/www.radiomajaguabo.icrt.cu\/index.php?rest_route=\/wp\/v2\/media\/4826"}],"wp:attachment":[{"href":"https:\/\/www.radiomajaguabo.icrt.cu\/index.php?rest_route=%2Fwp%2Fv2%2Fmedia&parent=4820"}],"wp:term":[{"taxonomy":"category","embeddable":true,"href":"https:\/\/www.radiomajaguabo.icrt.cu\/index.php?rest_route=%2Fwp%2Fv2%2Fcategories&post=4820"},{"taxonomy":"post_tag","embeddable":true,"href":"https:\/\/www.radiomajaguabo.icrt.cu\/index.php?rest_route=%2Fwp%2Fv2%2Ftags&post=4820"},{"taxonomy":"author","embeddable":true,"href":"https:\/\/www.radiomajaguabo.icrt.cu\/index.php?rest_route=%2Fwp%2Fv2%2Fppma_author&post=4820"}],"curies":[{"name":"wp","href":"https:\/\/api.w.org\/{rel}","templated":true}]}}