{"id":4819,"date":"2023-09-11T10:56:01","date_gmt":"2023-09-11T10:56:01","guid":{"rendered":"https:\/\/www.radiomajaguabo.icrt.cu\/?p=4819"},"modified":"2023-09-11T10:56:01","modified_gmt":"2023-09-11T10:56:01","slug":"homenaje-al-comandante-almeida-en-santiago-de-cuba","status":"publish","type":"post","link":"https:\/\/www.radiomajaguabo.icrt.cu\/?p=4819","title":{"rendered":"Homenaje al Comandante Almeida en Santiago de Cuba"},"content":{"rendered":"<div class=\"itemIntroText\">\n<p>Una marcha de la poblaci\u00f3n del Tercer Frente abrir\u00e1 la jornada del serrano municipio este once de septiembre, para rendir homenaje al Comandante de la Revoluci\u00f3n Juan Almeida Bosque, al conmemorarse el d\u00e9cimo cuarto Aniversario de su desaparici\u00f3n f\u00edsica.<\/p>\n<\/div>\n<p><!--more--><\/p>\n<div class=\"itemFullText\">\n<p>La peregrinaci\u00f3n saldr\u00e1 desde la calle central del poblado de Cruce de Los Ba\u00f1os, capital de sus 30 mil habitantes, hasta la cima de la Loma la Esperanza donde se levanta el Mausoleo a los M\u00e1rtires del Tercer Frente guerrillero y reposan los restos del relevante combatiente.<\/p>\n<p>En su memoria ser\u00e1n dedicadas ofrendas florales y alumnos de la Escuela Militar \u201cCamilo Cienfuegos\u201d, del vecino municipio de Contramaestre, rendir\u00e1n guardia de honor durante todo el d\u00eda ante la tumba que guarda los restos del Comandante fundador del Tercer Frente Rebelde \u201cMario Mu\u00f1oz Monroy\u201d.<\/p>\n<p>Las principales autoridades de la provincia de Santiago de Cuba y del monta\u00f1oso municipio, junto a combatientes de las Fuerzas Armadas Revolucionarias y el Ministerio del Interior, acompa\u00f1ar\u00e1n al pueblo del Tercer Frente, para recordar solemnemente al hombre sencillo, fiel y gran luchador revolucionario que siempre fue.<\/p>\n<p>Nacido en La Habana el 17 de febrero de 1927, el Comandante Juan Almeida fue desde su juventud un fiel luchador y un patriota de talla excepcional, que acompa\u00f1o al l\u00edder revolucionario Fidel Castro en las acciones del asalto al cuartel Moncada, guard\u00f3 prisi\u00f3n junto a \u00e9l, se fue al exilio, regres\u00f3 en el Granma, ascendi\u00f3 a la Sierra y gan\u00f3 los grados de Comandante.<\/p>\n<p>Almeida fue h\u00e9roe no s\u00f3lo en la guerra, sino tambi\u00e9n en la paz\u2026 Su desempe\u00f1o en las Fuerzas Armadas Revolucionarias, en el Partido, el Gobierno y la Asociaci\u00f3n de Combatientes de la Revoluci\u00f3n Cubana, dejo huellas de consagraci\u00f3n, lealtad y eficiencia que lo distinguen como un verdadero h\u00e9roe del pueblo.<\/p>\n<p>Al cumplirse este 11 de septiembre el d\u00e9cimo cuarto aniversario de su desaparici\u00f3n f\u00edsica, Cuba rendir\u00e1 al legendario Juan Almeida Bosque el homenaje perpetuo a su obra, a su honor, a su vida de guerrillero, de Comandante, de constructor, de gu\u00eda y autor de m\u00e1s de 300 canciones y una docena de libros.<\/p>\n<\/div>\n","protected":false},"excerpt":{"rendered":"<p>Una marcha de la poblaci\u00f3n del Tercer Frente abrir\u00e1 la jornada del serrano municipio este once de septiembre, para rendir<\/p>\n<div class='heateor_sss_sharing_container heateor_sss_vertical_sharing heateor_sss_bottom_sharing' style='width:44px;left: -10px;top: 100px;-webkit-box-shadow:none;box-shadow:none;' ><div class=\"heateor_sss_sharing_ul\"><a class=\"heateor_sss_amp heateor_sss_amp_facebook\" href=\"https:\/\/www.facebook.com\/sharer\/sharer.php?u=https%3A%2F%2Fwww.radiomajaguabo.icrt.cu%2Findex.php%3Frest_route%3D%252Fwp%252Fv2%252Fposts%252F4819\" title=\"Facebook\" rel=\"nofollow noopener\" target=\"_blank\"><amp-img src=\"https:\/\/www.radiomajaguabo.icrt.cu\/wp-content\/plugins\/sassy-social-share\/public\/..\/images\/amp\/facebook.svg\" width=\"40\" height=\"40\" alt=\"Facebook\" class=\"amp-wp-enforced-sizes\" style=\"width: 40px;\"><\/amp-img><\/a><a class=\"heateor_sss_amp heateor_sss_amp_linkedin\" href=\"https:\/\/www.linkedin.com\/sharing\/share-offsite\/?url=https%3A%2F%2Fwww.radiomajaguabo.icrt.cu%2Findex.php%3Frest_route%3D%252Fwp%252Fv2%252Fposts%252F4819\" title=\"Linkedin\" rel=\"nofollow noopener\" target=\"_blank\"><amp-img src=\"https:\/\/www.radiomajaguabo.icrt.cu\/wp-content\/plugins\/sassy-social-share\/public\/..\/images\/amp\/linkedin.svg\" width=\"40\" height=\"40\" alt=\"Linkedin\" class=\"amp-wp-enforced-sizes\" style=\"width: 40px;\"><\/amp-img><\/a><a class=\"heateor_sss_amp heateor_sss_amp_whatsapp\" href=\"https:\/\/api.whatsapp.com\/send?text=Radio%20Majaguabo%20-%20Emisora%20Radio%20Majaguabo%2C%20San%20Luis%2C%20Santiago%20de%20Cuba%2C%20Cuba%20https%3A%2F%2Fwww.radiomajaguabo.icrt.cu%2Findex.php%3Frest_route%3D%252Fwp%252Fv2%252Fposts%252F4819\" title=\"Whatsapp\" rel=\"nofollow noopener\" target=\"_blank\"><amp-img src=\"https:\/\/www.radiomajaguabo.icrt.cu\/wp-content\/plugins\/sassy-social-share\/public\/..\/images\/amp\/whatsapp.svg\" width=\"40\" height=\"40\" alt=\"Whatsapp\" class=\"amp-wp-enforced-sizes\" style=\"width: 40px;\"><\/amp-img><\/a><a class=\"heateor_sss_amp heateor_sss_amp_instagram\" href=\"https:\/\/www.instagram.com\/\" title=\"Instagram\" rel=\"nofollow noopener\" target=\"_blank\"><amp-img src=\"https:\/\/www.radiomajaguabo.icrt.cu\/wp-content\/plugins\/sassy-social-share\/public\/..\/images\/amp\/instagram.svg\" width=\"40\" height=\"40\" alt=\"Instagram\" class=\"amp-wp-enforced-sizes\" style=\"width: 40px;\"><\/amp-img><\/a><a class=\"heateor_sss_amp heateor_sss_amp_x\" href=\"https:\/\/twitter.com\/intent\/tweet?text=Radio%20Majaguabo%20-%20Emisora%20Radio%20Majaguabo%2C%20San%20Luis%2C%20Santiago%20de%20Cuba%2C%20Cuba&url=https%3A%2F%2Fwww.radiomajaguabo.icrt.cu%2Findex.php%3Frest_route%3D%252Fwp%252Fv2%252Fposts%252F4819\" title=\"X\" rel=\"nofollow noopener\" target=\"_blank\"><amp-img src=\"https:\/\/www.radiomajaguabo.icrt.cu\/wp-content\/plugins\/sassy-social-share\/public\/..\/images\/amp\/x.svg\" width=\"40\" height=\"40\" alt=\"X\" class=\"amp-wp-enforced-sizes\" style=\"width:40px;\"><\/amp-img><\/a><\/div><div class=\"heateorSssClear\"><\/div><\/div>","protected":false},"author":1,"featured_media":4824,"comment_status":"open","ping_status":"open","sticky":false,"template":"","format":"standard","meta":{"colormag_page_layout":"default_layout","footnotes":""},"categories":[6,9,8],"tags":[786,468,577,1454],"ppma_author":[37,59],"class_list":["post-4819","post","type-post","status-publish","format-standard","has-post-thumbnail","hentry","category-cultura","category-historia","category-nacionales","tag-almeida","tag-comandante-de-la-revolucion","tag-homenaje","tag-tercer-frente"],"authors":[{"term_id":37,"user_id":1,"is_guest":0,"slug":"alberterie","display_name":"Administrador","avatar_url":"https:\/\/secure.gravatar.com\/avatar\/c7c20c93c5f4c81e7a7dc9b02a42095ae8875c9af446129683aaa06faf7fd1f3?s=96&d=mm&r=g","author_category":"","user_url":"https:\/\/www.radiomajaguabo.icrt.cu","last_name":"Alberterie Rivero","first_name":"Pedro","job_title":"","description":""},{"term_id":59,"user_id":11,"is_guest":0,"slug":"sierra-maestra","display_name":"Sierra Maestra","avatar_url":"https:\/\/secure.gravatar.com\/avatar\/0217edbe7a74a5a02df7274e385176d742f752deac341364166018addf22dffc?s=96&d=mm&r=g","author_category":"","user_url":"http:\/\/www.sierramaestra.cu","last_name":"","first_name":"Sierra Maestra","job_title":"","description":""}],"amp_enabled":true,"_links":{"self":[{"href":"https:\/\/www.radiomajaguabo.icrt.cu\/index.php?rest_route=\/wp\/v2\/posts\/4819","targetHints":{"allow":["GET"]}}],"collection":[{"href":"https:\/\/www.radiomajaguabo.icrt.cu\/index.php?rest_route=\/wp\/v2\/posts"}],"about":[{"href":"https:\/\/www.radiomajaguabo.icrt.cu\/index.php?rest_route=\/wp\/v2\/types\/post"}],"author":[{"embeddable":true,"href":"https:\/\/www.radiomajaguabo.icrt.cu\/index.php?rest_route=\/wp\/v2\/users\/1"}],"replies":[{"embeddable":true,"href":"https:\/\/www.radiomajaguabo.icrt.cu\/index.php?rest_route=%2Fwp%2Fv2%2Fcomments&post=4819"}],"version-history":[{"count":1,"href":"https:\/\/www.radiomajaguabo.icrt.cu\/index.php?rest_route=\/wp\/v2\/posts\/4819\/revisions"}],"predecessor-version":[{"id":4825,"href":"https:\/\/www.radiomajaguabo.icrt.cu\/index.php?rest_route=\/wp\/v2\/posts\/4819\/revisions\/4825"}],"wp:featuredmedia":[{"embeddable":true,"href":"https:\/\/www.radiomajaguabo.icrt.cu\/index.php?rest_route=\/wp\/v2\/media\/4824"}],"wp:attachment":[{"href":"https:\/\/www.radiomajaguabo.icrt.cu\/index.php?rest_route=%2Fwp%2Fv2%2Fmedia&parent=4819"}],"wp:term":[{"taxonomy":"category","embeddable":true,"href":"https:\/\/www.radiomajaguabo.icrt.cu\/index.php?rest_route=%2Fwp%2Fv2%2Fcategories&post=4819"},{"taxonomy":"post_tag","embeddable":true,"href":"https:\/\/www.radiomajaguabo.icrt.cu\/index.php?rest_route=%2Fwp%2Fv2%2Ftags&post=4819"},{"taxonomy":"author","embeddable":true,"href":"https:\/\/www.radiomajaguabo.icrt.cu\/index.php?rest_route=%2Fwp%2Fv2%2Fppma_author&post=4819"}],"curies":[{"name":"wp","href":"https:\/\/api.w.org\/{rel}","templated":true}]}}