{"id":4801,"date":"2023-09-09T12:44:52","date_gmt":"2023-09-09T12:44:52","guid":{"rendered":"https:\/\/www.radiomajaguabo.icrt.cu\/?p=4801"},"modified":"2023-09-09T12:44:52","modified_gmt":"2023-09-09T12:44:52","slug":"salvador-allende-en-la-memoria","status":"publish","type":"post","link":"https:\/\/www.radiomajaguabo.icrt.cu\/?p=4801","title":{"rendered":"Salvador Allende en la memoria"},"content":{"rendered":"<div class=\"margin-b-20\">\n<div class=\"article-featured-image box-shadow\">\n<div class=\"img-caption img-rounded-buttom\">\n<p class=\"small help-block\">La Habana, Cuba. \u2013 \u00abGracias al pueblo cubano por estar acompa\u00f1ando siempre al pueblo de Chile\u00bb, expres\u00f3 la trovadora Cecilia Concha Laborde, en nombre de su pueblo y los exiliados que recibieron abrigo en la Isla tras el golpe fascista contra el presidente Salvador Allende, el 11 de septiembre de 1973.<\/p>\n<\/div>\n<\/div>\n<\/div>\n<p><!--more--><\/p>\n<div class=\"text-justify\">\n<p>Como \u201cun deber hist\u00f3rico y moral\u201d, fue calificado el Acto conmemorativo por el 50 aniversario del golpe de Estado contra el gobierno del Presidente Salvador Allende, al que asistieron el Primer Secretario del Comit\u00e9 Central del Partido Comunista y Presidente de la Rep\u00fablica, Miguel D\u00edaz-Canel Berm\u00fadez, y el miembro del Bur\u00f3 Pol\u00edtico y Secretario de Organizaci\u00f3n del Comit\u00e9 Central, Roberto Morales Ojeda.<\/p>\n<p>El mandatario cubano inaugur\u00f3 previ\u00f3 a la conmemoraci\u00f3n, realizada en Casa de las Am\u00e9ricas, la muestra Chile en Carteles: memoria y resistencia, considerada por sus organizadores \u00abcomo un ejercicio de memoria sobre la historia de lucha y resistencia del pueblo chileno\u00bb.<\/p>\n<p>La exposici\u00f3n aborda \u00abcinco d\u00e9cadas de la cartel\u00edstica de este pa\u00eds y la producci\u00f3n de creadores gr\u00e1ficos que ofrecieron sus voces para visibilizar la lucha de los hombres y mujeres de Chile contra el fascismo y el imperialismo\u00bb.<\/p>\n<p>El en el acto conmemorativo, la excelent\u00edsima se\u00f1ora Patricia Esquenazi Mar\u00edn, Embajadora Extraordinaria y Plenipotenciaria de la Rep\u00fablica de Chile en Cuba, agradeci\u00f3 a Cuba y su pueblo<\/p>\n<p>\u00abMil gracias por toda la solidaridad y entrega a los chilenos desde los primeros momentos del golpe de Estado\u00bb, subray\u00f3. Tambi\u00e9n agradeci\u00f3 por el abrigo a tantas familias chilenas que en medio del dolor por la p\u00e9rdida de madres, padres, hijos, se exiliaron en Cuba tras el golpe.<\/p>\n<p>Esquenazi Mar\u00edn rindi\u00f3 tributo a Salvador Allende. Ha transcurrido medio siglo y su imagen sigue presente en todo el mundo, expuso.<\/p>\n<p>Tambi\u00e9n denunci\u00f3 c\u00f3mo los recientes documentos desclasificados por el gobierno de Estados Unidos, confirman, una vez m\u00e1s, que el quebrantamiento de la democracia chilena en 1973, con el golpe de Estado contra el presidente electo soberana y leg\u00edtimamente en 1970, estaba decidido antes de la toma de posesi\u00f3n de este.<\/p>\n<p>La embajadora chilena en Cuba tambi\u00e9n resalt\u00f3 las palabras del\u00a0\u00a0presidente Gabriel Boric, para quien \u00abla democracia es memoria y futuro\u00bb, lema que guiar\u00e1 en ese pa\u00eds las conmemoraciones por los 50 a\u00f1os del golpe de Estado.<\/p>\n<p>\u00abCuba \u2013dijo m\u00e1s adelante- nos acompa\u00f1\u00f3 ayer, y nosotros la acompa\u00f1amos hoy. Cuba no est\u00e1 sola\u00bb, enfatiz\u00f3.<\/p>\n<p>El miembro del Secretariado del Comit\u00e9 Central del Partido y jefe del Departamento Ideol\u00f3gico, Rogelio Polanco Fuentes, expres\u00f3 por su parte que el golpe de Estado en Chile, el 11 de septiembre de 1973 contra el gobierno leg\u00edtimo de Salvador Allende, fue uno de los acontecimientos m\u00e1s dram\u00e1ticos y dolorosos de la historia de Am\u00e9rica Latina y el Caribe.<\/p>\n<p>Rindi\u00f3 homenaje en nombre de Cuba a la heroica resistencia de Salvador Allende y sus compa\u00f1eros frente a los arteros bombardeos contra el Palacio de la Moneda, y la represi\u00f3n desatada tras el golpe, que provoc\u00f3 que miles de chilenos fueran detenidos, torturados, asesinados, desaparecidos, condenados al exilio.<\/p>\n<p>Era un deber hist\u00f3rico y moral conmemorar en Cuba el 50 aniversario de aquellos atroces acontecimientos, se\u00f1al\u00f3.<\/p>\n<p>Record\u00f3 la digna posici\u00f3n de diplom\u00e1ticos y otros trabajadores cubanos que fueron v\u00edctimas de los golpistas, algunos de los cuales estaban presente en el acto de recordaci\u00f3n celebrado este viernes en la Casa de las Am\u00e9ricas.<\/p>\n<p>Tambi\u00e9n homenaje\u00f3 a los tripulantes del barco mercante Playa Larga, anclado durante los hechos en puerto chileno y que fue perseguido y da\u00f1ado por la metralla de los golpistas. Aquellos tripulantes, record\u00f3, resistieron la envestida con honor y valent\u00eda.<\/p>\n<p>Polanco reiter\u00f3 la denuncia de Cuba, hecha desde los primeros momentos del golpe por el l\u00edder hist\u00f3rico de la Revoluci\u00f3n, Comandante en Jefe Fidel Castro Ruz, y ahora vueltas a demostrar en los documentos desclasificados por Washington, sobre que aquella atroz arremetida fascista fue orquestada por el gobierno de EE.UU. y la oligarqu\u00eda local.<\/p>\n<p>En 1973 en Chile se demostr\u00f3 que la Doctrina Monroe est\u00e1 vigente como plataforma de pol\u00edtica exterior de EE.UU. hacia Am\u00e9rica, dijo.<\/p>\n<p>En el Acto conmemorativo por el 50 aniversario del golpe de Estado contra el Gobierno de Salvador Allende participaron autoridades del Partido, el Estado y el Gobierno, representantes de la comunidad de chilenos residentes, de la cultura cubana y de la solidaridad con otros pueblos.<\/p>\n<figure><\/figure>\n<p>Rindi\u00f3 homenaje en nombre de Cuba a la heroica resistencia de Salvador Allende y sus compa\u00f1eros frente a los arteros bombardeos contra el Palacio de la Moneda, y la represi\u00f3n desatada tras el golpe, que provoc\u00f3 que miles de chilenos fueran detenidos, torturados, asesinados, desaparecidos, condenados al exilio.<\/p>\n<p>Era un deber hist\u00f3rico y moral conmemorar en Cuba el 50 aniversario de aquellos atroces acontecimientos, se\u00f1al\u00f3.<\/p>\n<p>Record\u00f3 la digna posici\u00f3n de diplom\u00e1ticos y otros trabajadores cubanos que fueron v\u00edctimas de los golpistas, algunos de los cuales estaban presente en el acto de recordaci\u00f3n celebrado este viernes en la Casa de las Am\u00e9ricas.<\/p>\n<p>Tambi\u00e9n homenaje\u00f3 a los tripulantes del barco mercante Playa Larga, anclado durante los hechos en puerto chileno y que fue perseguido y da\u00f1ado por la metralla de los golpistas. Aquellos tripulantes, record\u00f3, resistieron la envestida con honor y valent\u00eda.<\/p>\n<p>Polanco reiter\u00f3 la denuncia de Cuba, hecha desde los primeros momentos del golpe por el l\u00edder hist\u00f3rico de la Revoluci\u00f3n, Comandante en Jefe Fidel Castro Ruz, y ahora vueltas a demostrar en los documentos desclasificados por Washington, sobre que aquella atroz arremetida fascista fue orquestada por el gobierno de EE.UU. y la oligarqu\u00eda local.<\/p>\n<p>En 1973 en Chile se demostr\u00f3 que la Doctrina Monroe est\u00e1 vigente como plataforma de pol\u00edtica exterior de EE.UU. hacia Am\u00e9rica, dijo.<\/p>\n<p>En el Acto conmemorativo por el 50 aniversario del golpe de Estado contra el Gobierno de Salvador Allende participaron autoridades del Partido, el Estado y el Gobierno, representantes de la comunidad de chilenos residentes, de la cultura cubana y de la solidaridad con otros pueblos.<\/p>\n<h6><strong>Tomado del Sitio de la Presidencia de Cuba<\/strong><\/h6>\n<h6><strong>Por: Ren\u00e9 Tamayo Le\u00f3n<\/strong><\/h6>\n<\/div>\n","protected":false},"excerpt":{"rendered":"<p>La Habana, Cuba. \u2013 \u00abGracias al pueblo cubano por estar acompa\u00f1ando siempre al pueblo de Chile\u00bb, expres\u00f3 la trovadora Cecilia<\/p>\n<div class='heateor_sss_sharing_container heateor_sss_vertical_sharing heateor_sss_bottom_sharing' style='width:44px;left: -10px;top: 100px;-webkit-box-shadow:none;box-shadow:none;' ><div class=\"heateor_sss_sharing_ul\"><a class=\"heateor_sss_amp heateor_sss_amp_facebook\" href=\"https:\/\/www.facebook.com\/sharer\/sharer.php?u=https%3A%2F%2Fwww.radiomajaguabo.icrt.cu%2Findex.php%3Frest_route%3D%252Fwp%252Fv2%252Fposts%252F4801\" title=\"Facebook\" rel=\"nofollow noopener\" target=\"_blank\"><amp-img src=\"https:\/\/www.radiomajaguabo.icrt.cu\/wp-content\/plugins\/sassy-social-share\/public\/..\/images\/amp\/facebook.svg\" width=\"40\" height=\"40\" alt=\"Facebook\" class=\"amp-wp-enforced-sizes\" style=\"width: 40px;\"><\/amp-img><\/a><a class=\"heateor_sss_amp heateor_sss_amp_linkedin\" href=\"https:\/\/www.linkedin.com\/sharing\/share-offsite\/?url=https%3A%2F%2Fwww.radiomajaguabo.icrt.cu%2Findex.php%3Frest_route%3D%252Fwp%252Fv2%252Fposts%252F4801\" title=\"Linkedin\" rel=\"nofollow noopener\" target=\"_blank\"><amp-img src=\"https:\/\/www.radiomajaguabo.icrt.cu\/wp-content\/plugins\/sassy-social-share\/public\/..\/images\/amp\/linkedin.svg\" width=\"40\" height=\"40\" alt=\"Linkedin\" class=\"amp-wp-enforced-sizes\" style=\"width: 40px;\"><\/amp-img><\/a><a class=\"heateor_sss_amp heateor_sss_amp_whatsapp\" href=\"https:\/\/api.whatsapp.com\/send?text=Radio%20Majaguabo%20-%20Emisora%20Radio%20Majaguabo%2C%20San%20Luis%2C%20Santiago%20de%20Cuba%2C%20Cuba%20https%3A%2F%2Fwww.radiomajaguabo.icrt.cu%2Findex.php%3Frest_route%3D%252Fwp%252Fv2%252Fposts%252F4801\" title=\"Whatsapp\" rel=\"nofollow noopener\" target=\"_blank\"><amp-img src=\"https:\/\/www.radiomajaguabo.icrt.cu\/wp-content\/plugins\/sassy-social-share\/public\/..\/images\/amp\/whatsapp.svg\" width=\"40\" height=\"40\" alt=\"Whatsapp\" class=\"amp-wp-enforced-sizes\" style=\"width: 40px;\"><\/amp-img><\/a><a class=\"heateor_sss_amp heateor_sss_amp_instagram\" href=\"https:\/\/www.instagram.com\/\" title=\"Instagram\" rel=\"nofollow noopener\" target=\"_blank\"><amp-img src=\"https:\/\/www.radiomajaguabo.icrt.cu\/wp-content\/plugins\/sassy-social-share\/public\/..\/images\/amp\/instagram.svg\" width=\"40\" height=\"40\" alt=\"Instagram\" class=\"amp-wp-enforced-sizes\" style=\"width: 40px;\"><\/amp-img><\/a><a class=\"heateor_sss_amp heateor_sss_amp_x\" href=\"https:\/\/twitter.com\/intent\/tweet?text=Radio%20Majaguabo%20-%20Emisora%20Radio%20Majaguabo%2C%20San%20Luis%2C%20Santiago%20de%20Cuba%2C%20Cuba&url=https%3A%2F%2Fwww.radiomajaguabo.icrt.cu%2Findex.php%3Frest_route%3D%252Fwp%252Fv2%252Fposts%252F4801\" title=\"X\" rel=\"nofollow noopener\" target=\"_blank\"><amp-img src=\"https:\/\/www.radiomajaguabo.icrt.cu\/wp-content\/plugins\/sassy-social-share\/public\/..\/images\/amp\/x.svg\" width=\"40\" height=\"40\" alt=\"X\" class=\"amp-wp-enforced-sizes\" style=\"width:40px;\"><\/amp-img><\/a><\/div><div class=\"heateorSssClear\"><\/div><\/div>","protected":false},"author":1,"featured_media":4802,"comment_status":"open","ping_status":"open","sticky":false,"template":"","format":"standard","meta":{"colormag_page_layout":"default_layout","footnotes":""},"categories":[7,8],"tags":[1448,1449,26,13,47,1450],"ppma_author":[37],"class_list":["post-4801","post","type-post","status-publish","format-standard","has-post-thumbnail","hentry","category-internacionales","category-nacionales","tag-acto-conmemorativo","tag-aniversario-50","tag-chile","tag-cuba","tag-diaz-canel","tag-golpe-fascista"],"authors":[{"term_id":37,"user_id":1,"is_guest":0,"slug":"alberterie","display_name":"Administrador","avatar_url":"https:\/\/secure.gravatar.com\/avatar\/c7c20c93c5f4c81e7a7dc9b02a42095ae8875c9af446129683aaa06faf7fd1f3?s=96&d=mm&r=g","author_category":"","user_url":"https:\/\/www.radiomajaguabo.icrt.cu","last_name":"Alberterie Rivero","first_name":"Pedro","job_title":"","description":""}],"amp_enabled":true,"_links":{"self":[{"href":"https:\/\/www.radiomajaguabo.icrt.cu\/index.php?rest_route=\/wp\/v2\/posts\/4801","targetHints":{"allow":["GET"]}}],"collection":[{"href":"https:\/\/www.radiomajaguabo.icrt.cu\/index.php?rest_route=\/wp\/v2\/posts"}],"about":[{"href":"https:\/\/www.radiomajaguabo.icrt.cu\/index.php?rest_route=\/wp\/v2\/types\/post"}],"author":[{"embeddable":true,"href":"https:\/\/www.radiomajaguabo.icrt.cu\/index.php?rest_route=\/wp\/v2\/users\/1"}],"replies":[{"embeddable":true,"href":"https:\/\/www.radiomajaguabo.icrt.cu\/index.php?rest_route=%2Fwp%2Fv2%2Fcomments&post=4801"}],"version-history":[{"count":2,"href":"https:\/\/www.radiomajaguabo.icrt.cu\/index.php?rest_route=\/wp\/v2\/posts\/4801\/revisions"}],"predecessor-version":[{"id":12464,"href":"https:\/\/www.radiomajaguabo.icrt.cu\/index.php?rest_route=\/wp\/v2\/posts\/4801\/revisions\/12464"}],"wp:featuredmedia":[{"embeddable":true,"href":"https:\/\/www.radiomajaguabo.icrt.cu\/index.php?rest_route=\/wp\/v2\/media\/4802"}],"wp:attachment":[{"href":"https:\/\/www.radiomajaguabo.icrt.cu\/index.php?rest_route=%2Fwp%2Fv2%2Fmedia&parent=4801"}],"wp:term":[{"taxonomy":"category","embeddable":true,"href":"https:\/\/www.radiomajaguabo.icrt.cu\/index.php?rest_route=%2Fwp%2Fv2%2Fcategories&post=4801"},{"taxonomy":"post_tag","embeddable":true,"href":"https:\/\/www.radiomajaguabo.icrt.cu\/index.php?rest_route=%2Fwp%2Fv2%2Ftags&post=4801"},{"taxonomy":"author","embeddable":true,"href":"https:\/\/www.radiomajaguabo.icrt.cu\/index.php?rest_route=%2Fwp%2Fv2%2Fppma_author&post=4801"}],"curies":[{"name":"wp","href":"https:\/\/api.w.org\/{rel}","templated":true}]}}