{"id":4800,"date":"2023-09-09T12:49:18","date_gmt":"2023-09-09T12:49:18","guid":{"rendered":"https:\/\/www.radiomajaguabo.icrt.cu\/?p=4800"},"modified":"2023-09-09T12:49:18","modified_gmt":"2023-09-09T12:49:18","slug":"la-feem-mas-firme-dura-y-revolucionaria","status":"publish","type":"post","link":"https:\/\/www.radiomajaguabo.icrt.cu\/?p=4800","title":{"rendered":"La FEEM, m\u00e1s firme, dura y revolucionaria"},"content":{"rendered":"<p>La Habana, Cuba. \u2013 Luego de amplios debates y con la alegr\u00eda que identifica a los estudiantes, sin dejar de ser profundos y optimistas, concluye hoy la segunda Asamblea Nacional de la FEEM, en la Escuela Superior del Partido <em><strong>\u00d1ico L\u00f3pez<\/strong><\/em>, en La Habana.<!--more--><\/p>\n<p>Tomado de Radio Reloj<\/p>\n<p>En la jornada anterior, a cuyos talleres asistieron los miembros del Secretariado del Comit\u00e9 Central,\u00a0 Rogelio Polanco y Jorge Luis Broche, los participantes reflexionaron sobre el estudio, el funcionamiento org\u00e1nico, la formaci\u00f3n pol\u00edtica e ideol\u00f3gica, y la comunicaci\u00f3n, entre otros temas.<\/p>\n<p>A conocer m\u00e1s y defender la FEEM, construirla y renovarla en los nuevos tiempos, con un mayor protagonismo en todos los espacios, convoc\u00f3 Polanco.<\/p>\n<p><strong><em>Como parte del gran esfuerzo para resolver nuestros problemas y enfrentarnos al bloqueo, el cual busca que Cuba no pueda existir como pa\u00eds<\/em><\/strong>, dijo, <em><strong>no hay otra alternativa que unirnos como FEEM, como patriotas y revolucionarios<\/strong><\/em>.<\/p>\n<p><strong>Espacio din\u00e1mico y aportador<br \/>\n<\/strong><\/p>\n<p><em><strong>Ante el reto de seguir siendo la vanguardia y los profesionales que continuar\u00e1n la construcci\u00f3n del socialismo, aqu\u00ed estamos, diversos, atrevidos, so\u00f1adores y con las ansias de hacer de la FEEM el espacio donde centramos nuestras inquietudes, <\/strong><\/em>expres\u00f3 en la apertura de la segunda Asamblea Nacional de esa organizaci\u00f3n su presidenta, Janny Blanco<\/p>\n<p>Enfatiz\u00f3 que prevalece la voluntad de reunirse porque es la hora de Cuba y de una generaci\u00f3n que sabr\u00e1 vencer la adversidad con inteligencia, fidelidad y confianza en el futuro.<\/p>\n<p>Nataly Curiel, de Mayabeque, convoc\u00f3 en uno de los talleres de la magna cita, a defender, sin miedo, la verdad de Cuba en las redes sociales, y\u00a0 Yumar Castro, de Sancti Sp\u00edritus, insisti\u00f3 en la importancia de perfeccionar el trabajo de la FEEM para que se parezca m\u00e1s a los tiempos actuales<\/p>\n<p><strong>La FEEM de Cuba seguir\u00e1 siendo revolucionaria<\/strong> enfatiz\u00f3 la avile\u00f1a Teresa de Jes\u00fas Rivero.<\/p>\n<p><strong>No a las drogas<\/strong><\/p>\n<p>Convocado por la Uni\u00f3n de J\u00f3venes Comunistas y el Centro de Estudios sobre la Juventud se realizar\u00e1 en el pa\u00eds, durante los meses de octubre a noviembre, el proceso de debate y reflexi\u00f3n <strong>Feliz sin drogas<\/strong> para combatir este flagelo, trascendi\u00f3 este viernes en la Segunda Asamblea Nacional de la FEEM, en La Habana.<\/p>\n<p>El miembro del Bur\u00f3 Nacional de la UJC Reudelys Salas convoc\u00f3 a los adolescentes y j\u00f3venes a participar en el proceso que se desarrollar\u00e1 en todas las organizaciones de base de la organizaci\u00f3n, las brigadas de la FEU, los grupos de la FEEM y los destacamentos de octavo y noveno grado de la OPJM.<\/p>\n<p>Dijo que tambi\u00e9n habr\u00e1 una etapa de reflexi\u00f3n con los padres para reforzar en el entorno familiar el significado de una vida sana, alejada del consumo de las drogas y sustancias nocivas.<\/p>\n<p>Para el proceso <strong>Feliz sin drogas<\/strong>, explic\u00f3, se contar\u00e1 con material audiovisual y un tabloide.<\/p>\n","protected":false},"excerpt":{"rendered":"<p>La Habana, Cuba. \u2013 Luego de amplios debates y con la alegr\u00eda que identifica a los estudiantes, sin dejar de<\/p>\n<div class='heateor_sss_sharing_container heateor_sss_vertical_sharing heateor_sss_bottom_sharing' style='width:44px;left: -10px;top: 100px;-webkit-box-shadow:none;box-shadow:none;' ><div class=\"heateor_sss_sharing_ul\"><a class=\"heateor_sss_amp heateor_sss_amp_facebook\" href=\"https:\/\/www.facebook.com\/sharer\/sharer.php?u=https%3A%2F%2Fwww.radiomajaguabo.icrt.cu%2Findex.php%3Frest_route%3D%252Fwp%252Fv2%252Fposts%252F4800\" title=\"Facebook\" rel=\"nofollow noopener\" target=\"_blank\"><amp-img src=\"https:\/\/www.radiomajaguabo.icrt.cu\/wp-content\/plugins\/sassy-social-share\/public\/..\/images\/amp\/facebook.svg\" width=\"40\" height=\"40\" alt=\"Facebook\" class=\"amp-wp-enforced-sizes\" style=\"width: 40px;\"><\/amp-img><\/a><a class=\"heateor_sss_amp heateor_sss_amp_linkedin\" href=\"https:\/\/www.linkedin.com\/sharing\/share-offsite\/?url=https%3A%2F%2Fwww.radiomajaguabo.icrt.cu%2Findex.php%3Frest_route%3D%252Fwp%252Fv2%252Fposts%252F4800\" title=\"Linkedin\" rel=\"nofollow noopener\" target=\"_blank\"><amp-img src=\"https:\/\/www.radiomajaguabo.icrt.cu\/wp-content\/plugins\/sassy-social-share\/public\/..\/images\/amp\/linkedin.svg\" width=\"40\" height=\"40\" alt=\"Linkedin\" class=\"amp-wp-enforced-sizes\" style=\"width: 40px;\"><\/amp-img><\/a><a class=\"heateor_sss_amp heateor_sss_amp_whatsapp\" href=\"https:\/\/api.whatsapp.com\/send?text=Radio%20Majaguabo%20-%20Emisora%20Radio%20Majaguabo%2C%20San%20Luis%2C%20Santiago%20de%20Cuba%2C%20Cuba%20https%3A%2F%2Fwww.radiomajaguabo.icrt.cu%2Findex.php%3Frest_route%3D%252Fwp%252Fv2%252Fposts%252F4800\" title=\"Whatsapp\" rel=\"nofollow noopener\" target=\"_blank\"><amp-img src=\"https:\/\/www.radiomajaguabo.icrt.cu\/wp-content\/plugins\/sassy-social-share\/public\/..\/images\/amp\/whatsapp.svg\" width=\"40\" height=\"40\" alt=\"Whatsapp\" class=\"amp-wp-enforced-sizes\" style=\"width: 40px;\"><\/amp-img><\/a><a class=\"heateor_sss_amp heateor_sss_amp_instagram\" href=\"https:\/\/www.instagram.com\/\" title=\"Instagram\" rel=\"nofollow noopener\" target=\"_blank\"><amp-img src=\"https:\/\/www.radiomajaguabo.icrt.cu\/wp-content\/plugins\/sassy-social-share\/public\/..\/images\/amp\/instagram.svg\" width=\"40\" height=\"40\" alt=\"Instagram\" class=\"amp-wp-enforced-sizes\" style=\"width: 40px;\"><\/amp-img><\/a><a class=\"heateor_sss_amp heateor_sss_amp_x\" href=\"https:\/\/twitter.com\/intent\/tweet?text=Radio%20Majaguabo%20-%20Emisora%20Radio%20Majaguabo%2C%20San%20Luis%2C%20Santiago%20de%20Cuba%2C%20Cuba&url=https%3A%2F%2Fwww.radiomajaguabo.icrt.cu%2Findex.php%3Frest_route%3D%252Fwp%252Fv2%252Fposts%252F4800\" title=\"X\" rel=\"nofollow noopener\" target=\"_blank\"><amp-img src=\"https:\/\/www.radiomajaguabo.icrt.cu\/wp-content\/plugins\/sassy-social-share\/public\/..\/images\/amp\/x.svg\" width=\"40\" height=\"40\" alt=\"X\" class=\"amp-wp-enforced-sizes\" style=\"width:40px;\"><\/amp-img><\/a><\/div><div class=\"heateorSssClear\"><\/div><\/div>","protected":false},"author":1,"featured_media":4804,"comment_status":"open","ping_status":"open","sticky":false,"template":"","format":"standard","meta":{"colormag_page_layout":"default_layout","footnotes":""},"categories":[9,8],"tags":[13,460,511,665],"ppma_author":[37],"class_list":["post-4800","post","type-post","status-publish","format-standard","has-post-thumbnail","hentry","category-historia","category-nacionales","tag-cuba","tag-estudiantes","tag-feem","tag-la-habana"],"authors":[{"term_id":37,"user_id":1,"is_guest":0,"slug":"alberterie","display_name":"Administrador","avatar_url":"https:\/\/secure.gravatar.com\/avatar\/c7c20c93c5f4c81e7a7dc9b02a42095ae8875c9af446129683aaa06faf7fd1f3?s=96&d=mm&r=g","author_category":"","user_url":"https:\/\/www.radiomajaguabo.icrt.cu","last_name":"Alberterie Rivero","first_name":"Pedro","job_title":"","description":""}],"amp_enabled":true,"_links":{"self":[{"href":"https:\/\/www.radiomajaguabo.icrt.cu\/index.php?rest_route=\/wp\/v2\/posts\/4800","targetHints":{"allow":["GET"]}}],"collection":[{"href":"https:\/\/www.radiomajaguabo.icrt.cu\/index.php?rest_route=\/wp\/v2\/posts"}],"about":[{"href":"https:\/\/www.radiomajaguabo.icrt.cu\/index.php?rest_route=\/wp\/v2\/types\/post"}],"author":[{"embeddable":true,"href":"https:\/\/www.radiomajaguabo.icrt.cu\/index.php?rest_route=\/wp\/v2\/users\/1"}],"replies":[{"embeddable":true,"href":"https:\/\/www.radiomajaguabo.icrt.cu\/index.php?rest_route=%2Fwp%2Fv2%2Fcomments&post=4800"}],"version-history":[{"count":1,"href":"https:\/\/www.radiomajaguabo.icrt.cu\/index.php?rest_route=\/wp\/v2\/posts\/4800\/revisions"}],"predecessor-version":[{"id":4805,"href":"https:\/\/www.radiomajaguabo.icrt.cu\/index.php?rest_route=\/wp\/v2\/posts\/4800\/revisions\/4805"}],"wp:featuredmedia":[{"embeddable":true,"href":"https:\/\/www.radiomajaguabo.icrt.cu\/index.php?rest_route=\/wp\/v2\/media\/4804"}],"wp:attachment":[{"href":"https:\/\/www.radiomajaguabo.icrt.cu\/index.php?rest_route=%2Fwp%2Fv2%2Fmedia&parent=4800"}],"wp:term":[{"taxonomy":"category","embeddable":true,"href":"https:\/\/www.radiomajaguabo.icrt.cu\/index.php?rest_route=%2Fwp%2Fv2%2Fcategories&post=4800"},{"taxonomy":"post_tag","embeddable":true,"href":"https:\/\/www.radiomajaguabo.icrt.cu\/index.php?rest_route=%2Fwp%2Fv2%2Ftags&post=4800"},{"taxonomy":"author","embeddable":true,"href":"https:\/\/www.radiomajaguabo.icrt.cu\/index.php?rest_route=%2Fwp%2Fv2%2Fppma_author&post=4800"}],"curies":[{"name":"wp","href":"https:\/\/api.w.org\/{rel}","templated":true}]}}