{"id":4799,"date":"2023-09-08T19:21:26","date_gmt":"2023-09-08T19:21:26","guid":{"rendered":"https:\/\/www.radiomajaguabo.icrt.cu\/?p=4799"},"modified":"2023-09-09T12:55:19","modified_gmt":"2023-09-09T12:55:19","slug":"asiste-diaz-canel-acto-por-50-anos-de-golpe-contra-salvador-allende","status":"publish","type":"post","link":"https:\/\/www.radiomajaguabo.icrt.cu\/?p=4799","title":{"rendered":"Asiste D\u00edaz-Canel acto por 50 a\u00f1os de golpe contra Salvador Allende"},"content":{"rendered":"<p>La Habana, 8 sep (Prensa Latina) El presidente de Cuba, Miguel D\u00edaz-Canel, asisti\u00f3 hoy al acto por el aniversario 50 del golpe de Estado contra el gobierno constitucional de Salvador Allende en Chile, a conmemorarse el 11 de septiembre. <!--more--><\/p>\n<p>En la ceremonia estaban presentes adem\u00e1s el miembro del Bur\u00f3 Pol\u00edtico y secretario de organizaci\u00f3n del Comit\u00e9 Central del PCC, (Ccpcc) Roberto Morales, el miembro del Secretariado del Ccpcc y jefe del Departamento Ideol\u00f3gico, Rogelio Polanco, y la embajadora chilena, Patricia Esquenazi.<\/p>\n<p>En el acto se rindi\u00f3 tributo a las v\u00edctimas del artero cuartelazo que, encabezado por el general Augusto Pinochet y con el apoyo del gobierno de Estados Unidos, acab\u00f3 con la vida de Allende, derroc\u00f3 su gobierno de la Unidad Popular y asesin\u00f3 a miles de sus militantes.<\/p>\n<p>La ocasi\u00f3n puso en contexto la entra\u00f1able amistad que une a los pueblos de Cuba y de Chile, un cari\u00f1o que desde la isla caribe\u00f1a se tradujo en solidaridad con las familias que llegaron destrozadas por el dolor de tantas p\u00e9rdidas\u201d, record\u00f3 la embajadora de la naci\u00f3n sudamericana.<\/p>\n<p>La jefa de la legaci\u00f3n diplom\u00e1tica en La Habana destac\u00f3 la vigencia del pensamiento de Salvador Allende, l\u00edder comprometido con principios democr\u00e1ticos, cuya imagen sigue presente en todas las generaciones, 50 a\u00f1os despu\u00e9s de su cobarde derrocamiento, dijo.<\/p>\n<p>El apoyo del gobierno norteamericano de entonces a los sucesos del 11 de septiembre de 1973 fue un golpe planificado mucho antes de la asunci\u00f3n al poder del l\u00edder de la Unidad Popular, asever\u00f3 Esquenazi.<\/p>\n<p>Decenas de documentos desclasificados revelan que Washington no solo provoc\u00f3 una guerra econ\u00f3mica contra el gobierno de Salvador Allende, sino que instig\u00f3 y orquest\u00f3 el golpe que lo derroc\u00f3, sostuvo el jefe del Departamento Ideol\u00f3gico del Ccpcc.<\/p>\n<p>Polanco record\u00f3 adem\u00e1s \u201cla altruista e infatigable contribuci\u00f3n de muchos compatriotas que participaron en el generoso apoyo de Cuba a los cientos de exiliados chilenos que encontraron protecci\u00f3n, un destino seguro y el abrazo solidario en nuestro pa\u00eds. Era el deber de Cuba y lo cumplimos modesta y honrosamente\u201d, asever\u00f3.<\/p>\n<p>Previo al acto, a su llegada a la Casa de las Am\u00e9ricas, el mandatario cubano recorri\u00f3 la exposici\u00f3n \u00abChile en carteles: memoria y resistencia\u00bb, muestra que re\u00fane cinco d\u00e9cadas de cartel\u00edstica para visibilizar la lucha de ese pueblo contra el fascismo y el imperialismo.<\/p>\n","protected":false},"excerpt":{"rendered":"<p>La Habana, 8 sep (Prensa Latina) El presidente de Cuba, Miguel D\u00edaz-Canel, asisti\u00f3 hoy al acto por el aniversario 50<\/p>\n<div class='heateor_sss_sharing_container heateor_sss_vertical_sharing heateor_sss_bottom_sharing' style='width:44px;left: -10px;top: 100px;-webkit-box-shadow:none;box-shadow:none;' ><div class=\"heateor_sss_sharing_ul\"><a class=\"heateor_sss_amp heateor_sss_amp_facebook\" href=\"https:\/\/www.facebook.com\/sharer\/sharer.php?u=https%3A%2F%2Fwww.radiomajaguabo.icrt.cu%2Findex.php%3Frest_route%3D%252Fwp%252Fv2%252Fposts%252F4799\" title=\"Facebook\" rel=\"nofollow noopener\" target=\"_blank\"><amp-img src=\"https:\/\/www.radiomajaguabo.icrt.cu\/wp-content\/plugins\/sassy-social-share\/public\/..\/images\/amp\/facebook.svg\" width=\"40\" height=\"40\" alt=\"Facebook\" class=\"amp-wp-enforced-sizes\" style=\"width: 40px;\"><\/amp-img><\/a><a class=\"heateor_sss_amp heateor_sss_amp_linkedin\" href=\"https:\/\/www.linkedin.com\/sharing\/share-offsite\/?url=https%3A%2F%2Fwww.radiomajaguabo.icrt.cu%2Findex.php%3Frest_route%3D%252Fwp%252Fv2%252Fposts%252F4799\" title=\"Linkedin\" rel=\"nofollow noopener\" target=\"_blank\"><amp-img src=\"https:\/\/www.radiomajaguabo.icrt.cu\/wp-content\/plugins\/sassy-social-share\/public\/..\/images\/amp\/linkedin.svg\" width=\"40\" height=\"40\" alt=\"Linkedin\" class=\"amp-wp-enforced-sizes\" style=\"width: 40px;\"><\/amp-img><\/a><a class=\"heateor_sss_amp heateor_sss_amp_whatsapp\" href=\"https:\/\/api.whatsapp.com\/send?text=Radio%20Majaguabo%20-%20Emisora%20Radio%20Majaguabo%2C%20San%20Luis%2C%20Santiago%20de%20Cuba%2C%20Cuba%20https%3A%2F%2Fwww.radiomajaguabo.icrt.cu%2Findex.php%3Frest_route%3D%252Fwp%252Fv2%252Fposts%252F4799\" title=\"Whatsapp\" rel=\"nofollow noopener\" target=\"_blank\"><amp-img src=\"https:\/\/www.radiomajaguabo.icrt.cu\/wp-content\/plugins\/sassy-social-share\/public\/..\/images\/amp\/whatsapp.svg\" width=\"40\" height=\"40\" alt=\"Whatsapp\" class=\"amp-wp-enforced-sizes\" style=\"width: 40px;\"><\/amp-img><\/a><a class=\"heateor_sss_amp heateor_sss_amp_instagram\" href=\"https:\/\/www.instagram.com\/\" title=\"Instagram\" rel=\"nofollow noopener\" target=\"_blank\"><amp-img src=\"https:\/\/www.radiomajaguabo.icrt.cu\/wp-content\/plugins\/sassy-social-share\/public\/..\/images\/amp\/instagram.svg\" width=\"40\" height=\"40\" alt=\"Instagram\" class=\"amp-wp-enforced-sizes\" style=\"width: 40px;\"><\/amp-img><\/a><a class=\"heateor_sss_amp heateor_sss_amp_x\" href=\"https:\/\/twitter.com\/intent\/tweet?text=Radio%20Majaguabo%20-%20Emisora%20Radio%20Majaguabo%2C%20San%20Luis%2C%20Santiago%20de%20Cuba%2C%20Cuba&url=https%3A%2F%2Fwww.radiomajaguabo.icrt.cu%2Findex.php%3Frest_route%3D%252Fwp%252Fv2%252Fposts%252F4799\" title=\"X\" rel=\"nofollow noopener\" target=\"_blank\"><amp-img src=\"https:\/\/www.radiomajaguabo.icrt.cu\/wp-content\/plugins\/sassy-social-share\/public\/..\/images\/amp\/x.svg\" width=\"40\" height=\"40\" alt=\"X\" class=\"amp-wp-enforced-sizes\" style=\"width:40px;\"><\/amp-img><\/a><\/div><div class=\"heateorSssClear\"><\/div><\/div>","protected":false},"author":1,"featured_media":4806,"comment_status":"open","ping_status":"open","sticky":false,"template":"","format":"standard","meta":{"colormag_page_layout":"default_layout","footnotes":""},"categories":[9,8],"tags":[26,13,1451,1452,1412],"ppma_author":[37],"class_list":["post-4799","post","type-post","status-publish","format-standard","has-post-thumbnail","hentry","category-historia","category-nacionales","tag-chile","tag-cuba","tag-diazcanel","tag-golpe-de-estado","tag-salvador-allende"],"authors":[{"term_id":37,"user_id":1,"is_guest":0,"slug":"alberterie","display_name":"Administrador","avatar_url":"https:\/\/secure.gravatar.com\/avatar\/c7c20c93c5f4c81e7a7dc9b02a42095ae8875c9af446129683aaa06faf7fd1f3?s=96&d=mm&r=g","author_category":"","user_url":"https:\/\/www.radiomajaguabo.icrt.cu","last_name":"Alberterie Rivero","first_name":"Pedro","job_title":"","description":""}],"amp_enabled":true,"_links":{"self":[{"href":"https:\/\/www.radiomajaguabo.icrt.cu\/index.php?rest_route=\/wp\/v2\/posts\/4799","targetHints":{"allow":["GET"]}}],"collection":[{"href":"https:\/\/www.radiomajaguabo.icrt.cu\/index.php?rest_route=\/wp\/v2\/posts"}],"about":[{"href":"https:\/\/www.radiomajaguabo.icrt.cu\/index.php?rest_route=\/wp\/v2\/types\/post"}],"author":[{"embeddable":true,"href":"https:\/\/www.radiomajaguabo.icrt.cu\/index.php?rest_route=\/wp\/v2\/users\/1"}],"replies":[{"embeddable":true,"href":"https:\/\/www.radiomajaguabo.icrt.cu\/index.php?rest_route=%2Fwp%2Fv2%2Fcomments&post=4799"}],"version-history":[{"count":1,"href":"https:\/\/www.radiomajaguabo.icrt.cu\/index.php?rest_route=\/wp\/v2\/posts\/4799\/revisions"}],"predecessor-version":[{"id":4807,"href":"https:\/\/www.radiomajaguabo.icrt.cu\/index.php?rest_route=\/wp\/v2\/posts\/4799\/revisions\/4807"}],"wp:featuredmedia":[{"embeddable":true,"href":"https:\/\/www.radiomajaguabo.icrt.cu\/index.php?rest_route=\/wp\/v2\/media\/4806"}],"wp:attachment":[{"href":"https:\/\/www.radiomajaguabo.icrt.cu\/index.php?rest_route=%2Fwp%2Fv2%2Fmedia&parent=4799"}],"wp:term":[{"taxonomy":"category","embeddable":true,"href":"https:\/\/www.radiomajaguabo.icrt.cu\/index.php?rest_route=%2Fwp%2Fv2%2Fcategories&post=4799"},{"taxonomy":"post_tag","embeddable":true,"href":"https:\/\/www.radiomajaguabo.icrt.cu\/index.php?rest_route=%2Fwp%2Fv2%2Ftags&post=4799"},{"taxonomy":"author","embeddable":true,"href":"https:\/\/www.radiomajaguabo.icrt.cu\/index.php?rest_route=%2Fwp%2Fv2%2Fppma_author&post=4799"}],"curies":[{"name":"wp","href":"https:\/\/api.w.org\/{rel}","templated":true}]}}