{"id":4794,"date":"2023-09-09T14:03:58","date_gmt":"2023-09-09T14:03:58","guid":{"rendered":"https:\/\/www.radiomajaguabo.icrt.cu\/?p=4794"},"modified":"2023-09-09T14:05:02","modified_gmt":"2023-09-09T14:05:02","slug":"campesinos-sanluiseros-muestran-en-evento-cientifico-aplicacion-de-la-ciencia-en-el-surco","status":"publish","type":"post","link":"https:\/\/www.radiomajaguabo.icrt.cu\/?p=4794","title":{"rendered":"Campesinos sanluiseros muestran en evento cient\u00edfico aplicaci\u00f3n de la ciencia en el surco"},"content":{"rendered":"<p><strong>San Luis, Santiago de Cuba, sept. 9, 23. _<\/strong>Campesinos y cooperativistas de este territorio mostraron c\u00f3mo aplican la ciencia y la t\u00e9cnica en el surco a trav\u00e9s del F\u00f3rum Provincial de Ciencia y T\u00e9cnica de la Asociaci\u00f3n Nacional de Agricultores Peque\u00f1os (ANAP) realizado recientemente.<!--more--><\/p>\n<p>Temas como la conservaci\u00f3n de los suelos, alimentos y semillas, la explotaci\u00f3n y manejo del agua, la utilizaci\u00f3n de compost y la lombricultura, el alimento animal, la diversificaci\u00f3n de pr\u00e1cticas agroecol\u00f3gicas, as\u00ed como la recuperaci\u00f3n de piezas de repuesto y equipos para la producci\u00f3n, fueron objeto de motivaci\u00f3n para los labriegos del municipio que participaron en esta nueva edici\u00f3n del evento.<\/p>\n<p><img loading=\"lazy\" decoding=\"async\" class=\" wp-image-4810 aligncenter\" src=\"https:\/\/www.radiomajaguabo.icrt.cu\/wp-content\/uploads\/2023\/09\/campesinos_reconocimiento1-293x300.jpg\" alt=\"\" width=\"512\" height=\"524\" srcset=\"https:\/\/www.radiomajaguabo.icrt.cu\/wp-content\/uploads\/2023\/09\/campesinos_reconocimiento1-293x300.jpg 293w, https:\/\/www.radiomajaguabo.icrt.cu\/wp-content\/uploads\/2023\/09\/campesinos_reconocimiento1.jpg 480w\" sizes=\"auto, (max-width: 512px) 100vw, 512px\" \/><\/p>\n<p><img loading=\"lazy\" decoding=\"async\" class=\" wp-image-4811 aligncenter\" src=\"https:\/\/www.radiomajaguabo.icrt.cu\/wp-content\/uploads\/2023\/09\/campesinos_reconocimiento2-300x186.jpg\" alt=\"\" width=\"520\" height=\"323\" srcset=\"https:\/\/www.radiomajaguabo.icrt.cu\/wp-content\/uploads\/2023\/09\/campesinos_reconocimiento2-300x186.jpg 300w, https:\/\/www.radiomajaguabo.icrt.cu\/wp-content\/uploads\/2023\/09\/campesinos_reconocimiento2.jpg 640w\" sizes=\"auto, (max-width: 520px) 100vw, 520px\" \/><\/p>\n<p><img loading=\"lazy\" decoding=\"async\" class=\" wp-image-4813 aligncenter\" src=\"https:\/\/www.radiomajaguabo.icrt.cu\/wp-content\/uploads\/2023\/09\/campesinos_reconocimiento4-300x193.jpg\" alt=\"\" width=\"525\" height=\"338\" srcset=\"https:\/\/www.radiomajaguabo.icrt.cu\/wp-content\/uploads\/2023\/09\/campesinos_reconocimiento4-300x193.jpg 300w, https:\/\/www.radiomajaguabo.icrt.cu\/wp-content\/uploads\/2023\/09\/campesinos_reconocimiento4.jpg 640w\" sizes=\"auto, (max-width: 525px) 100vw, 525px\" \/><\/p>\n<p>La coordinadora municipal del Movimiento Agroecol\u00f3gico, Idalmis S\u00e1nchez Aguilera, agreg\u00f3 que participaron cooperativistas y campesinos de las Cooperativas de Cr\u00e9ditos y Servicios (CCS) Mario Mu\u00f1oz, Antonio Guiteras y Gustavo Moll y de las Cooperativas de Producci\u00f3n Agropecuaria (CPA) Sabino Pupo, Desembarco del Granma y Jes\u00fas Su\u00e1rez Gayol.<\/p>\n<p><img loading=\"lazy\" decoding=\"async\" class=\" wp-image-4815 aligncenter\" src=\"https:\/\/www.radiomajaguabo.icrt.cu\/wp-content\/uploads\/2023\/09\/campesinos_reconocimiento6-300x212.jpg\" alt=\"\" width=\"530\" height=\"374\" srcset=\"https:\/\/www.radiomajaguabo.icrt.cu\/wp-content\/uploads\/2023\/09\/campesinos_reconocimiento6-300x212.jpg 300w, https:\/\/www.radiomajaguabo.icrt.cu\/wp-content\/uploads\/2023\/09\/campesinos_reconocimiento6.jpg 640w\" sizes=\"auto, (max-width: 530px) 100vw, 530px\" \/><\/p>\n<p>Fueron seleccionados 2 como Menci\u00f3n, 3 trabajos en la categor\u00eda de Destacado y uno Relevante. Este ultimo presentado por Merlis P\u00e9rez de la CCS Antonio Guiteras, sobre la utilizaci\u00f3n de la vaina de algarrobo como alimento animal, en la finca del productor ganadero Roir\u00e1n Dom\u00ednguez Piorno.<\/p>\n<p><img loading=\"lazy\" decoding=\"async\" class=\" wp-image-4814 aligncenter\" src=\"https:\/\/www.radiomajaguabo.icrt.cu\/wp-content\/uploads\/2023\/09\/campesinos_reconocimiento5-300x210.jpg\" alt=\"\" width=\"525\" height=\"368\" srcset=\"https:\/\/www.radiomajaguabo.icrt.cu\/wp-content\/uploads\/2023\/09\/campesinos_reconocimiento5-300x210.jpg 300w, https:\/\/www.radiomajaguabo.icrt.cu\/wp-content\/uploads\/2023\/09\/campesinos_reconocimiento5-130x90.jpg 130w, https:\/\/www.radiomajaguabo.icrt.cu\/wp-content\/uploads\/2023\/09\/campesinos_reconocimiento5.jpg 640w\" sizes=\"auto, (max-width: 525px) 100vw, 525px\" \/><\/p>\n<p><img loading=\"lazy\" decoding=\"async\" class=\" wp-image-4812 aligncenter\" src=\"https:\/\/www.radiomajaguabo.icrt.cu\/wp-content\/uploads\/2023\/09\/campesinos_reconocimiento3-300x197.jpg\" alt=\"\" width=\"524\" height=\"344\" srcset=\"https:\/\/www.radiomajaguabo.icrt.cu\/wp-content\/uploads\/2023\/09\/campesinos_reconocimiento3-300x197.jpg 300w, https:\/\/www.radiomajaguabo.icrt.cu\/wp-content\/uploads\/2023\/09\/campesinos_reconocimiento3.jpg 640w\" sizes=\"auto, (max-width: 524px) 100vw, 524px\" \/><\/p>\n<p>Este trabajo cient\u00edfico representar\u00e1 al municipio en la cita regional del F\u00f3rum de Ciencia y T\u00e9cnica. En el encuentro se reconoci\u00f3 la capacidad y el talento de los peque\u00f1os agricultores, que dan su paso al frente ante las dificultades, en aras de centrar su atenci\u00f3n en la producci\u00f3n de alimentos, una de las prioridades del pa\u00eds, con esp\u00edritu innovador y sentido de pertenencia.<\/p>\n<p><img loading=\"lazy\" decoding=\"async\" class=\" wp-image-4816 aligncenter\" src=\"https:\/\/www.radiomajaguabo.icrt.cu\/wp-content\/uploads\/2023\/09\/campesinos_reconocimiento7-300x208.jpg\" alt=\"\" width=\"528\" height=\"366\" srcset=\"https:\/\/www.radiomajaguabo.icrt.cu\/wp-content\/uploads\/2023\/09\/campesinos_reconocimiento7-300x208.jpg 300w, https:\/\/www.radiomajaguabo.icrt.cu\/wp-content\/uploads\/2023\/09\/campesinos_reconocimiento7-392x272.jpg 392w, https:\/\/www.radiomajaguabo.icrt.cu\/wp-content\/uploads\/2023\/09\/campesinos_reconocimiento7-130x90.jpg 130w, https:\/\/www.radiomajaguabo.icrt.cu\/wp-content\/uploads\/2023\/09\/campesinos_reconocimiento7.jpg 540w\" sizes=\"auto, (max-width: 528px) 100vw, 528px\" \/><\/p>\n<p>Se debe trabajar para acercar m\u00e1s las investigaciones cient\u00edficas a los productores del territorio y que estos intercambien tambi\u00e9n con la academia.<\/p>\n<p>Este espacio de reciprocidad se realiz\u00f3 bajo la m\u00e1xima de que la coordinaci\u00f3n y cooperaci\u00f3n entre el campesinado santiaguero aporta soluciones necesarias y eleva los conocimientos para ser m\u00e1s eficientes y productivos.<\/p>\n","protected":false},"excerpt":{"rendered":"<p>San Luis, Santiago de Cuba, sept. 9, 23. _Campesinos y cooperativistas de este territorio mostraron c\u00f3mo aplican la ciencia y<\/p>\n<div class='heateor_sss_sharing_container heateor_sss_vertical_sharing heateor_sss_bottom_sharing' style='width:44px;left: -10px;top: 100px;-webkit-box-shadow:none;box-shadow:none;' ><div class=\"heateor_sss_sharing_ul\"><a class=\"heateor_sss_amp heateor_sss_amp_facebook\" href=\"https:\/\/www.facebook.com\/sharer\/sharer.php?u=https%3A%2F%2Fwww.radiomajaguabo.icrt.cu%2Findex.php%3Frest_route%3D%252Fwp%252Fv2%252Fposts%252F4794\" title=\"Facebook\" rel=\"nofollow noopener\" target=\"_blank\"><amp-img src=\"https:\/\/www.radiomajaguabo.icrt.cu\/wp-content\/plugins\/sassy-social-share\/public\/..\/images\/amp\/facebook.svg\" width=\"40\" height=\"40\" alt=\"Facebook\" class=\"amp-wp-enforced-sizes\" style=\"width: 40px;\"><\/amp-img><\/a><a class=\"heateor_sss_amp heateor_sss_amp_linkedin\" href=\"https:\/\/www.linkedin.com\/sharing\/share-offsite\/?url=https%3A%2F%2Fwww.radiomajaguabo.icrt.cu%2Findex.php%3Frest_route%3D%252Fwp%252Fv2%252Fposts%252F4794\" title=\"Linkedin\" rel=\"nofollow noopener\" target=\"_blank\"><amp-img src=\"https:\/\/www.radiomajaguabo.icrt.cu\/wp-content\/plugins\/sassy-social-share\/public\/..\/images\/amp\/linkedin.svg\" width=\"40\" height=\"40\" alt=\"Linkedin\" class=\"amp-wp-enforced-sizes\" style=\"width: 40px;\"><\/amp-img><\/a><a class=\"heateor_sss_amp heateor_sss_amp_whatsapp\" href=\"https:\/\/api.whatsapp.com\/send?text=Radio%20Majaguabo%20-%20Emisora%20Radio%20Majaguabo%2C%20San%20Luis%2C%20Santiago%20de%20Cuba%2C%20Cuba%20https%3A%2F%2Fwww.radiomajaguabo.icrt.cu%2Findex.php%3Frest_route%3D%252Fwp%252Fv2%252Fposts%252F4794\" title=\"Whatsapp\" rel=\"nofollow noopener\" target=\"_blank\"><amp-img src=\"https:\/\/www.radiomajaguabo.icrt.cu\/wp-content\/plugins\/sassy-social-share\/public\/..\/images\/amp\/whatsapp.svg\" width=\"40\" height=\"40\" alt=\"Whatsapp\" class=\"amp-wp-enforced-sizes\" style=\"width: 40px;\"><\/amp-img><\/a><a class=\"heateor_sss_amp heateor_sss_amp_instagram\" href=\"https:\/\/www.instagram.com\/\" title=\"Instagram\" rel=\"nofollow noopener\" target=\"_blank\"><amp-img src=\"https:\/\/www.radiomajaguabo.icrt.cu\/wp-content\/plugins\/sassy-social-share\/public\/..\/images\/amp\/instagram.svg\" width=\"40\" height=\"40\" alt=\"Instagram\" class=\"amp-wp-enforced-sizes\" style=\"width: 40px;\"><\/amp-img><\/a><a class=\"heateor_sss_amp heateor_sss_amp_x\" href=\"https:\/\/twitter.com\/intent\/tweet?text=Radio%20Majaguabo%20-%20Emisora%20Radio%20Majaguabo%2C%20San%20Luis%2C%20Santiago%20de%20Cuba%2C%20Cuba&url=https%3A%2F%2Fwww.radiomajaguabo.icrt.cu%2Findex.php%3Frest_route%3D%252Fwp%252Fv2%252Fposts%252F4794\" title=\"X\" rel=\"nofollow noopener\" target=\"_blank\"><amp-img src=\"https:\/\/www.radiomajaguabo.icrt.cu\/wp-content\/plugins\/sassy-social-share\/public\/..\/images\/amp\/x.svg\" width=\"40\" height=\"40\" alt=\"X\" class=\"amp-wp-enforced-sizes\" style=\"width:40px;\"><\/amp-img><\/a><\/div><div class=\"heateorSssClear\"><\/div><\/div>","protected":false},"author":1,"featured_media":4814,"comment_status":"open","ping_status":"open","sticky":false,"template":"","format":"standard","meta":{"colormag_page_layout":"default_layout","footnotes":""},"categories":[9,10],"tags":[550,373,559,1149,1453,304,560],"ppma_author":[37,299],"class_list":["post-4794","post","type-post","status-publish","format-standard","has-post-thumbnail","hentry","category-historia","category-san-luis","tag-anap","tag-campesinos","tag-ciencia","tag-evento","tag-forum","tag-san-luis","tag-tecnica"],"authors":[{"term_id":37,"user_id":1,"is_guest":0,"slug":"alberterie","display_name":"Administrador","avatar_url":"https:\/\/secure.gravatar.com\/avatar\/c7c20c93c5f4c81e7a7dc9b02a42095ae8875c9af446129683aaa06faf7fd1f3?s=96&d=mm&r=g","author_category":"","user_url":"https:\/\/www.radiomajaguabo.icrt.cu","last_name":"Alberterie Rivero","first_name":"Pedro","job_title":"","description":""},{"term_id":299,"user_id":6,"is_guest":0,"slug":"yaniuska","display_name":"Yaniuska P\u00e9rez Verdecia","avatar_url":"https:\/\/secure.gravatar.com\/avatar\/a6d7e51e5ccf0210b8c939b21a0b37dca410372954868b8ff5b8e51c07cf1a6e?s=96&d=mm&r=g","author_category":"","user_url":"","last_name":"P\u00e9rez Verdecia","first_name":"Yaniuska","job_title":"","description":""}],"amp_enabled":true,"_links":{"self":[{"href":"https:\/\/www.radiomajaguabo.icrt.cu\/index.php?rest_route=\/wp\/v2\/posts\/4794","targetHints":{"allow":["GET"]}}],"collection":[{"href":"https:\/\/www.radiomajaguabo.icrt.cu\/index.php?rest_route=\/wp\/v2\/posts"}],"about":[{"href":"https:\/\/www.radiomajaguabo.icrt.cu\/index.php?rest_route=\/wp\/v2\/types\/post"}],"author":[{"embeddable":true,"href":"https:\/\/www.radiomajaguabo.icrt.cu\/index.php?rest_route=\/wp\/v2\/users\/1"}],"replies":[{"embeddable":true,"href":"https:\/\/www.radiomajaguabo.icrt.cu\/index.php?rest_route=%2Fwp%2Fv2%2Fcomments&post=4794"}],"version-history":[{"count":2,"href":"https:\/\/www.radiomajaguabo.icrt.cu\/index.php?rest_route=\/wp\/v2\/posts\/4794\/revisions"}],"predecessor-version":[{"id":4818,"href":"https:\/\/www.radiomajaguabo.icrt.cu\/index.php?rest_route=\/wp\/v2\/posts\/4794\/revisions\/4818"}],"wp:featuredmedia":[{"embeddable":true,"href":"https:\/\/www.radiomajaguabo.icrt.cu\/index.php?rest_route=\/wp\/v2\/media\/4814"}],"wp:attachment":[{"href":"https:\/\/www.radiomajaguabo.icrt.cu\/index.php?rest_route=%2Fwp%2Fv2%2Fmedia&parent=4794"}],"wp:term":[{"taxonomy":"category","embeddable":true,"href":"https:\/\/www.radiomajaguabo.icrt.cu\/index.php?rest_route=%2Fwp%2Fv2%2Fcategories&post=4794"},{"taxonomy":"post_tag","embeddable":true,"href":"https:\/\/www.radiomajaguabo.icrt.cu\/index.php?rest_route=%2Fwp%2Fv2%2Ftags&post=4794"},{"taxonomy":"author","embeddable":true,"href":"https:\/\/www.radiomajaguabo.icrt.cu\/index.php?rest_route=%2Fwp%2Fv2%2Fppma_author&post=4794"}],"curies":[{"name":"wp","href":"https:\/\/api.w.org\/{rel}","templated":true}]}}