{"id":4781,"date":"2023-09-08T12:10:00","date_gmt":"2023-09-08T12:10:00","guid":{"rendered":"https:\/\/www.radiomajaguabo.icrt.cu\/?p=4781"},"modified":"2023-09-08T12:10:00","modified_gmt":"2023-09-08T12:10:00","slug":"g-77-mas-china-un-espacio-donde-todos-cuentan-afirman-en-etiopia","status":"publish","type":"post","link":"https:\/\/www.radiomajaguabo.icrt.cu\/?p=4781","title":{"rendered":"G-77 m\u00e1s China, un espacio donde todos cuentan, afirman en Etiop\u00eda"},"content":{"rendered":"<p>Addis Abeba, 8 sep (Prensa Latina) El Grupo G-77 m\u00e1s China es un espacio natural donde los pa\u00edses del Sur pueden defender sus propios intereses, coment\u00f3 aqu\u00ed el embajador cubano, Jorge Lefebre, a prop\u00f3sito de la venidera cumbre en La Habana, se conoci\u00f3 hoy. <!--more--><\/p>\n<p>En declaraciones a la Ethiopia News Agency, Lefebre coment\u00f3 que esa coalici\u00f3n intergubernamental de 134 pa\u00edses en desarrollo desempe\u00f1a un papel fundamental para abordar los desaf\u00edos globales pendientes. Lo hizo en el pasado y ahora estamos hablando de un nuevo orden econ\u00f3mico internacional, precis\u00f3.<\/p>\n<p>A su juicio, la presencia de China en ese grupo confiere cierto poder econ\u00f3mico, ya que es uno de los inversores m\u00e1s importantes del Sur.<\/p>\n<p>Sobre la diversidad de sus miembros, record\u00f3 que cuenta con \u201cpa\u00edses ricos, econom\u00edas ricas, y tambi\u00e9n econom\u00edas pobres. Pero lo m\u00e1s importante y maravilloso de esto es que podemos combinar los intereses de todos en un solo bloque y tenemos el poder de las Naciones Unidas como grupo de negociaci\u00f3n\u00bb, enfatiz\u00f3.<\/p>\n<p>Destac\u00f3 que este a\u00f1o Cuba es la presidenta interina del grupo y en la cumbre prevista los d\u00edas 15 y 16 de septiembre est\u00e1 prevista la discusi\u00f3n de temas econ\u00f3micos, c\u00f3mo afrontar el futuro, c\u00f3mo resolver los problemas derivados de la pandemia de Covid-19 y los conflictos, as\u00ed como la crisis econ\u00f3mica global.<\/p>\n<p>\u201cEl G-77 y China ha estado vivo y unido durante 60 a\u00f1os y es un grupo muy importante porque es un foro para negociar con las Naciones Unidas. El principal objetivo del grupo es apoyarse mutuamente y poner por delante su posici\u00f3n en la ONU\u201d, recalc\u00f3.<\/p>\n<p>La cumbre sesionar\u00e1 bajo el tema \u201cDesaf\u00edos actuales del desarrollo: papel de la ciencia, la tecnolog\u00eda y la innovaci\u00f3n\u201d.<\/p>\n","protected":false},"excerpt":{"rendered":"<p>Addis Abeba, 8 sep (Prensa Latina) El Grupo G-77 m\u00e1s China es un espacio natural donde los pa\u00edses del Sur<\/p>\n<div class='heateor_sss_sharing_container heateor_sss_vertical_sharing heateor_sss_bottom_sharing' style='width:44px;left: -10px;top: 100px;-webkit-box-shadow:none;box-shadow:none;' ><div class=\"heateor_sss_sharing_ul\"><a class=\"heateor_sss_amp heateor_sss_amp_facebook\" href=\"https:\/\/www.facebook.com\/sharer\/sharer.php?u=https%3A%2F%2Fwww.radiomajaguabo.icrt.cu%2Findex.php%3Frest_route%3D%252Fwp%252Fv2%252Fposts%252F4781\" title=\"Facebook\" rel=\"nofollow noopener\" target=\"_blank\"><amp-img src=\"https:\/\/www.radiomajaguabo.icrt.cu\/wp-content\/plugins\/sassy-social-share\/public\/..\/images\/amp\/facebook.svg\" width=\"40\" height=\"40\" alt=\"Facebook\" class=\"amp-wp-enforced-sizes\" style=\"width: 40px;\"><\/amp-img><\/a><a class=\"heateor_sss_amp heateor_sss_amp_linkedin\" href=\"https:\/\/www.linkedin.com\/sharing\/share-offsite\/?url=https%3A%2F%2Fwww.radiomajaguabo.icrt.cu%2Findex.php%3Frest_route%3D%252Fwp%252Fv2%252Fposts%252F4781\" title=\"Linkedin\" rel=\"nofollow noopener\" target=\"_blank\"><amp-img src=\"https:\/\/www.radiomajaguabo.icrt.cu\/wp-content\/plugins\/sassy-social-share\/public\/..\/images\/amp\/linkedin.svg\" width=\"40\" height=\"40\" alt=\"Linkedin\" class=\"amp-wp-enforced-sizes\" style=\"width: 40px;\"><\/amp-img><\/a><a class=\"heateor_sss_amp heateor_sss_amp_whatsapp\" href=\"https:\/\/api.whatsapp.com\/send?text=Radio%20Majaguabo%20-%20Emisora%20Radio%20Majaguabo%2C%20San%20Luis%2C%20Santiago%20de%20Cuba%2C%20Cuba%20https%3A%2F%2Fwww.radiomajaguabo.icrt.cu%2Findex.php%3Frest_route%3D%252Fwp%252Fv2%252Fposts%252F4781\" title=\"Whatsapp\" rel=\"nofollow noopener\" target=\"_blank\"><amp-img src=\"https:\/\/www.radiomajaguabo.icrt.cu\/wp-content\/plugins\/sassy-social-share\/public\/..\/images\/amp\/whatsapp.svg\" width=\"40\" height=\"40\" alt=\"Whatsapp\" class=\"amp-wp-enforced-sizes\" style=\"width: 40px;\"><\/amp-img><\/a><a class=\"heateor_sss_amp heateor_sss_amp_instagram\" href=\"https:\/\/www.instagram.com\/\" title=\"Instagram\" rel=\"nofollow noopener\" target=\"_blank\"><amp-img src=\"https:\/\/www.radiomajaguabo.icrt.cu\/wp-content\/plugins\/sassy-social-share\/public\/..\/images\/amp\/instagram.svg\" width=\"40\" height=\"40\" alt=\"Instagram\" class=\"amp-wp-enforced-sizes\" style=\"width: 40px;\"><\/amp-img><\/a><a class=\"heateor_sss_amp heateor_sss_amp_x\" href=\"https:\/\/twitter.com\/intent\/tweet?text=Radio%20Majaguabo%20-%20Emisora%20Radio%20Majaguabo%2C%20San%20Luis%2C%20Santiago%20de%20Cuba%2C%20Cuba&url=https%3A%2F%2Fwww.radiomajaguabo.icrt.cu%2Findex.php%3Frest_route%3D%252Fwp%252Fv2%252Fposts%252F4781\" title=\"X\" rel=\"nofollow noopener\" target=\"_blank\"><amp-img src=\"https:\/\/www.radiomajaguabo.icrt.cu\/wp-content\/plugins\/sassy-social-share\/public\/..\/images\/amp\/x.svg\" width=\"40\" height=\"40\" alt=\"X\" class=\"amp-wp-enforced-sizes\" style=\"width:40px;\"><\/amp-img><\/a><\/div><div class=\"heateorSssClear\"><\/div><\/div>","protected":false},"author":1,"featured_media":4784,"comment_status":"open","ping_status":"open","sticky":false,"template":"","format":"standard","meta":{"colormag_page_layout":"default_layout","footnotes":""},"categories":[7],"tags":[186,13,1441,1442,1443],"ppma_author":[37],"class_list":["post-4781","post","type-post","status-publish","format-standard","has-post-thumbnail","hentry","category-internacionales","tag-china","tag-cuba","tag-cumbre-g77","tag-desafios-globales","tag-etiopia"],"authors":[{"term_id":37,"user_id":1,"is_guest":0,"slug":"alberterie","display_name":"Administrador","avatar_url":"https:\/\/secure.gravatar.com\/avatar\/c7c20c93c5f4c81e7a7dc9b02a42095ae8875c9af446129683aaa06faf7fd1f3?s=96&d=mm&r=g","author_category":"","user_url":"https:\/\/www.radiomajaguabo.icrt.cu","last_name":"Alberterie Rivero","first_name":"Pedro","job_title":"","description":""}],"amp_enabled":true,"_links":{"self":[{"href":"https:\/\/www.radiomajaguabo.icrt.cu\/index.php?rest_route=\/wp\/v2\/posts\/4781","targetHints":{"allow":["GET"]}}],"collection":[{"href":"https:\/\/www.radiomajaguabo.icrt.cu\/index.php?rest_route=\/wp\/v2\/posts"}],"about":[{"href":"https:\/\/www.radiomajaguabo.icrt.cu\/index.php?rest_route=\/wp\/v2\/types\/post"}],"author":[{"embeddable":true,"href":"https:\/\/www.radiomajaguabo.icrt.cu\/index.php?rest_route=\/wp\/v2\/users\/1"}],"replies":[{"embeddable":true,"href":"https:\/\/www.radiomajaguabo.icrt.cu\/index.php?rest_route=%2Fwp%2Fv2%2Fcomments&post=4781"}],"version-history":[{"count":1,"href":"https:\/\/www.radiomajaguabo.icrt.cu\/index.php?rest_route=\/wp\/v2\/posts\/4781\/revisions"}],"predecessor-version":[{"id":4785,"href":"https:\/\/www.radiomajaguabo.icrt.cu\/index.php?rest_route=\/wp\/v2\/posts\/4781\/revisions\/4785"}],"wp:featuredmedia":[{"embeddable":true,"href":"https:\/\/www.radiomajaguabo.icrt.cu\/index.php?rest_route=\/wp\/v2\/media\/4784"}],"wp:attachment":[{"href":"https:\/\/www.radiomajaguabo.icrt.cu\/index.php?rest_route=%2Fwp%2Fv2%2Fmedia&parent=4781"}],"wp:term":[{"taxonomy":"category","embeddable":true,"href":"https:\/\/www.radiomajaguabo.icrt.cu\/index.php?rest_route=%2Fwp%2Fv2%2Fcategories&post=4781"},{"taxonomy":"post_tag","embeddable":true,"href":"https:\/\/www.radiomajaguabo.icrt.cu\/index.php?rest_route=%2Fwp%2Fv2%2Ftags&post=4781"},{"taxonomy":"author","embeddable":true,"href":"https:\/\/www.radiomajaguabo.icrt.cu\/index.php?rest_route=%2Fwp%2Fv2%2Fppma_author&post=4781"}],"curies":[{"name":"wp","href":"https:\/\/api.w.org\/{rel}","templated":true}]}}