{"id":4780,"date":"2023-09-08T12:17:27","date_gmt":"2023-09-08T12:17:27","guid":{"rendered":"https:\/\/www.radiomajaguabo.icrt.cu\/?p=4780"},"modified":"2023-09-08T12:17:27","modified_gmt":"2023-09-08T12:17:27","slug":"julius-fucik-valor-y-entrega-periodistica-para-todos-los-tiempos","status":"publish","type":"post","link":"https:\/\/www.radiomajaguabo.icrt.cu\/?p=4780","title":{"rendered":"Julius Fucik: valor y entrega period\u00edstica para todos los tiempos"},"content":{"rendered":"<p>Asesinado por el nazifascismo alem\u00e1n, muri\u00f3 el periodista checo de origen jud\u00edo Julius Fucik, el 8 de septiembre de 1943, v\u00edctima de la cruzada nazi que asolaba a Europa. Fue cruel la manera de librarse de aquel intelectual comunista que mantuvo una actitud firme, hasta en la clandestinidad, y que no delat\u00f3 ni con una palabra, aun sufriendo los m\u00e1s duros vej\u00e1menes en el umbral de la muerte: \u201cAhora ya puedo contar con m\u00e1s tranquilidad los golpes. El \u00fanico dolor que siento es de los labios, mordidos por mis dientes\u201d.<!--more--><\/p>\n<p>Tomado de Tiempo 21<\/p>\n<p>Solo ten\u00eda 40 a\u00f1os en esa etapa oscura de la II Guerra Mundial. Su fidelidad a la resistencia se manifest\u00f3 desde los tiempos en que el ej\u00e9rcito hitleriano ocup\u00f3 <a href=\"zim:\/\/A\/Checoslovaquia.html\">Checoslovaquia<\/a>, pues prosigui\u00f3 publicando con el seud\u00f3nimo \u201cEl profesor Hor\u00e1k\u201d, recuperando las figuras importantes de la cultura progresista de su pa\u00eds, invadido por una potencia extremista extranjera.<\/p>\n<p>Seg\u00fan publicaciones consultadas, su valiente posici\u00f3n ante el terror se evidencia en la carta abierta que escribe al ministro Doctor Goebbels, quien invitaba a la intelectualidad checa a someterse al r\u00e9gimen fascista, o a cambio, les ofrec\u00eda la contienda.<\/p>\n<p>Fue cuando Fucik, valor y dignidad de por medio, le respondi\u00f3 contundentemente que no se pondr\u00edan al lado de la Gestapo (Geheime Staatspolizei, Polic\u00eda secreta del Estado) ni destrozar\u00edan la resistencia del pueblo al cual quer\u00edan subyugar.<\/p>\n<p>A la propuesta nazi de traici\u00f3n, en relaci\u00f3n con la oferta de abrir al mercado el cine, el libro y otras producciones culturales de los intelectuales checos, el joven periodista tuvo la valent\u00eda de contestar: \u201c\u2026precisamente ustedes, quienes arrasan b\u00e1rbaramente con toda nuestra producci\u00f3n literaria confiscando y reduciendo a cenizas las mejores obras de los escritores checos.\u201d<\/p>\n<p>En una sola cosa concordaba Julius Fucik con el alto funcionario alem\u00e1n: en la resistencia checa durante a\u00f1o y medio de ocupaci\u00f3n nazi, una resistencia de la que \u00e9l mismo fuera ejemplo en prisi\u00f3n bajo las hordas fascistas; pues en ella y \u201cmolido a golpes\u201d continu\u00f3 combatiendo con la palabra y la verdad hasta el \u00faltimo momento. \u201c(\u2026) el fiel resiste, el traidor traiciona, el burgu\u00e9s desespera, el h\u00e9roe combate\u201d.<\/p>\n<p>En la c\u00e1rcel, bajo los efectos de las torturas y en la certeza de la muerte en la horca, escribi\u00f3 sobre el margen de peri\u00f3dicos, papel higi\u00e9nico o en el reverso de cajas de cigarros, su <strong>Reportaje al pie de la horca. <\/strong>En el texto, publicado despu\u00e9s de la guerra y traducido a 80 idiomas, de una manera cinematogr\u00e1fica y veraz, este periodista puso al desnudo desde la \u00f3ptica m\u00e1s objetiva, la barbarie que comet\u00edan los nazis contra sus semejantes, denunciando cada acto atroz, cada muerte lenta tras las rejas, pero a la vez, dejando un mensaje final de amor y optimismo: \u201cHombres, los he amado. \u00a1Est\u00e9n alertas!\u201d<\/p>\n<p>Cuenta la historia que mucho antes de escribir su gran reportaje, en la clandestinidad, con su pa\u00eds ocupado, Fucik enfrent\u00f3 al enemigo con la misma determinaci\u00f3n que tuvo ante la muerte; y que en su testimonio escribi\u00f3: \u201c(\u2026) por la alegr\u00eda hemos ido al combate, y por ella morimos. Que la tristeza jam\u00e1s vaya unida a nuestro nombre\u201d.<\/p>\n<p>Por su decisi\u00f3n, coraje y lealtad, a\u00fan al costo de la propia vida, este 8 de septiembre \u2013D\u00eda Internacional del Periodista- miles de personas en el mundo, incluyendo los colegas cubanos, le recuerdan y rinden honores, al igual que a consagrados progresistas de esta profesi\u00f3n, muchos, v\u00edctimas por ejercerla en pa\u00edses como M\u00e9xico, Honduras y Colombia.<\/p>\n<p>De varias maneras, y a pesar de los 78 a\u00f1os que nos separan de las m\u00e1s terribles torturas y del asesinato de aquel joven periodista, lo m\u00e1s progresista de la humanidad sigue sacando a la luz p\u00fablica a quienes defienden la vedad y las causas justas, aun enfrentando la realidad m\u00e1s adversa.<\/p>\n","protected":false},"excerpt":{"rendered":"<p>Asesinado por el nazifascismo alem\u00e1n, muri\u00f3 el periodista checo de origen jud\u00edo Julius Fucik, el 8 de septiembre de 1943,<\/p>\n<div class='heateor_sss_sharing_container heateor_sss_vertical_sharing heateor_sss_bottom_sharing' style='width:44px;left: -10px;top: 100px;-webkit-box-shadow:none;box-shadow:none;' ><div class=\"heateor_sss_sharing_ul\"><a class=\"heateor_sss_amp heateor_sss_amp_facebook\" href=\"https:\/\/www.facebook.com\/sharer\/sharer.php?u=https%3A%2F%2Fwww.radiomajaguabo.icrt.cu%2Findex.php%3Frest_route%3D%252Fwp%252Fv2%252Fposts%252F4780\" title=\"Facebook\" rel=\"nofollow noopener\" target=\"_blank\"><amp-img src=\"https:\/\/www.radiomajaguabo.icrt.cu\/wp-content\/plugins\/sassy-social-share\/public\/..\/images\/amp\/facebook.svg\" width=\"40\" height=\"40\" alt=\"Facebook\" class=\"amp-wp-enforced-sizes\" style=\"width: 40px;\"><\/amp-img><\/a><a class=\"heateor_sss_amp heateor_sss_amp_linkedin\" href=\"https:\/\/www.linkedin.com\/sharing\/share-offsite\/?url=https%3A%2F%2Fwww.radiomajaguabo.icrt.cu%2Findex.php%3Frest_route%3D%252Fwp%252Fv2%252Fposts%252F4780\" title=\"Linkedin\" rel=\"nofollow noopener\" target=\"_blank\"><amp-img src=\"https:\/\/www.radiomajaguabo.icrt.cu\/wp-content\/plugins\/sassy-social-share\/public\/..\/images\/amp\/linkedin.svg\" width=\"40\" height=\"40\" alt=\"Linkedin\" class=\"amp-wp-enforced-sizes\" style=\"width: 40px;\"><\/amp-img><\/a><a class=\"heateor_sss_amp heateor_sss_amp_whatsapp\" href=\"https:\/\/api.whatsapp.com\/send?text=Radio%20Majaguabo%20-%20Emisora%20Radio%20Majaguabo%2C%20San%20Luis%2C%20Santiago%20de%20Cuba%2C%20Cuba%20https%3A%2F%2Fwww.radiomajaguabo.icrt.cu%2Findex.php%3Frest_route%3D%252Fwp%252Fv2%252Fposts%252F4780\" title=\"Whatsapp\" rel=\"nofollow noopener\" target=\"_blank\"><amp-img src=\"https:\/\/www.radiomajaguabo.icrt.cu\/wp-content\/plugins\/sassy-social-share\/public\/..\/images\/amp\/whatsapp.svg\" width=\"40\" height=\"40\" alt=\"Whatsapp\" class=\"amp-wp-enforced-sizes\" style=\"width: 40px;\"><\/amp-img><\/a><a class=\"heateor_sss_amp heateor_sss_amp_instagram\" href=\"https:\/\/www.instagram.com\/\" title=\"Instagram\" rel=\"nofollow noopener\" target=\"_blank\"><amp-img src=\"https:\/\/www.radiomajaguabo.icrt.cu\/wp-content\/plugins\/sassy-social-share\/public\/..\/images\/amp\/instagram.svg\" width=\"40\" height=\"40\" alt=\"Instagram\" class=\"amp-wp-enforced-sizes\" style=\"width: 40px;\"><\/amp-img><\/a><a class=\"heateor_sss_amp heateor_sss_amp_x\" href=\"https:\/\/twitter.com\/intent\/tweet?text=Radio%20Majaguabo%20-%20Emisora%20Radio%20Majaguabo%2C%20San%20Luis%2C%20Santiago%20de%20Cuba%2C%20Cuba&url=https%3A%2F%2Fwww.radiomajaguabo.icrt.cu%2Findex.php%3Frest_route%3D%252Fwp%252Fv2%252Fposts%252F4780\" title=\"X\" rel=\"nofollow noopener\" target=\"_blank\"><amp-img src=\"https:\/\/www.radiomajaguabo.icrt.cu\/wp-content\/plugins\/sassy-social-share\/public\/..\/images\/amp\/x.svg\" width=\"40\" height=\"40\" alt=\"X\" class=\"amp-wp-enforced-sizes\" style=\"width:40px;\"><\/amp-img><\/a><\/div><div class=\"heateorSssClear\"><\/div><\/div>","protected":false},"author":1,"featured_media":4786,"comment_status":"open","ping_status":"open","sticky":false,"template":"","format":"standard","meta":{"colormag_page_layout":"default_layout","footnotes":""},"categories":[9,7],"tags":[1445,1429,1444,594,1446],"ppma_author":[37],"class_list":["post-4780","post","type-post","status-publish","format-standard","has-post-thumbnail","hentry","category-historia","category-internacionales","tag-ii-guerra-mundial","tag-julius-fucik","tag-nazifascismo","tag-periodista","tag-reportaje-al-pie-de-la-horca"],"authors":[{"term_id":37,"user_id":1,"is_guest":0,"slug":"alberterie","display_name":"Administrador","avatar_url":"https:\/\/secure.gravatar.com\/avatar\/c7c20c93c5f4c81e7a7dc9b02a42095ae8875c9af446129683aaa06faf7fd1f3?s=96&d=mm&r=g","author_category":"","user_url":"https:\/\/www.radiomajaguabo.icrt.cu","last_name":"Alberterie Rivero","first_name":"Pedro","job_title":"","description":""}],"amp_enabled":true,"_links":{"self":[{"href":"https:\/\/www.radiomajaguabo.icrt.cu\/index.php?rest_route=\/wp\/v2\/posts\/4780","targetHints":{"allow":["GET"]}}],"collection":[{"href":"https:\/\/www.radiomajaguabo.icrt.cu\/index.php?rest_route=\/wp\/v2\/posts"}],"about":[{"href":"https:\/\/www.radiomajaguabo.icrt.cu\/index.php?rest_route=\/wp\/v2\/types\/post"}],"author":[{"embeddable":true,"href":"https:\/\/www.radiomajaguabo.icrt.cu\/index.php?rest_route=\/wp\/v2\/users\/1"}],"replies":[{"embeddable":true,"href":"https:\/\/www.radiomajaguabo.icrt.cu\/index.php?rest_route=%2Fwp%2Fv2%2Fcomments&post=4780"}],"version-history":[{"count":1,"href":"https:\/\/www.radiomajaguabo.icrt.cu\/index.php?rest_route=\/wp\/v2\/posts\/4780\/revisions"}],"predecessor-version":[{"id":4787,"href":"https:\/\/www.radiomajaguabo.icrt.cu\/index.php?rest_route=\/wp\/v2\/posts\/4780\/revisions\/4787"}],"wp:featuredmedia":[{"embeddable":true,"href":"https:\/\/www.radiomajaguabo.icrt.cu\/index.php?rest_route=\/wp\/v2\/media\/4786"}],"wp:attachment":[{"href":"https:\/\/www.radiomajaguabo.icrt.cu\/index.php?rest_route=%2Fwp%2Fv2%2Fmedia&parent=4780"}],"wp:term":[{"taxonomy":"category","embeddable":true,"href":"https:\/\/www.radiomajaguabo.icrt.cu\/index.php?rest_route=%2Fwp%2Fv2%2Fcategories&post=4780"},{"taxonomy":"post_tag","embeddable":true,"href":"https:\/\/www.radiomajaguabo.icrt.cu\/index.php?rest_route=%2Fwp%2Fv2%2Ftags&post=4780"},{"taxonomy":"author","embeddable":true,"href":"https:\/\/www.radiomajaguabo.icrt.cu\/index.php?rest_route=%2Fwp%2Fv2%2Fppma_author&post=4780"}],"curies":[{"name":"wp","href":"https:\/\/api.w.org\/{rel}","templated":true}]}}