{"id":4766,"date":"2024-03-14T09:42:33","date_gmt":"2024-03-14T09:42:33","guid":{"rendered":"https:\/\/www.radiomajaguabo.icrt.cu\/?p=4766"},"modified":"2024-03-13T20:11:55","modified_gmt":"2024-03-13T20:11:55","slug":"julius-fucik-y-los-periodistas-cubanos-que-debemos-celebrar","status":"publish","type":"post","link":"https:\/\/www.radiomajaguabo.icrt.cu\/?p=4766","title":{"rendered":"Julius Fucik y los periodistas cubanos: \u00bfQu\u00e9 debemos celebrar?"},"content":{"rendered":"<p><em>CUBADEBATE ARCHIVOS: Reportaje al pie de la horca<\/em> no es solo una recopilaci\u00f3n de notas de extraordinario valor hist\u00f3rico, redactadas por un periodista checo en la premura \u201cdel cierre\u201d de su propia vida. Es un texto conmovedor de la literatura mundial, que al decir de Pablo Neruda \u201cno haya quiz\u00e1s una obra mayor y a la vez m\u00e1s sencilla que naciera en condiciones tan aterradoras\u201d.<!--more--><\/p>\n<p>Sometido a sesiones de interrogatorios y tormentos brutales en una c\u00e1rcel de Praga en 1942, fue trasladado a una prisi\u00f3n de Berl\u00edn al a\u00f1o siguiente y fusilado all\u00ed el 8 de septiembre de 1943. Fucik impuso a sus torturadores un \u201cjuego\u201d de afirmaciones y desinformaci\u00f3n que le permitieron salvar de la muerte a importantes intelectuales de su pa\u00eds y alargar el tiempo para concluir su testimonio, que lograba sacar al exterior en peque\u00f1as tiras de papel, gracias a la complicidad de dos guardianes.<\/p>\n<p>Tras el desplome del socialismo en Europa, una ola de demonizaci\u00f3n golpe\u00f3 a sus s\u00edmbolos m\u00e1s representativos y Julius Fucik no fue una excepci\u00f3n. La figura del periodista fue denigrada y su obra calificada de invento comunista. Un equipo de reconocidos cient\u00edficos y especialistas, tras una larga y profunda investigaci\u00f3n lograr\u00eda probar despu\u00e9s la legitimidad del <em>Reportaje\u2026<\/em> y rebatir las afirmaciones que mancillaban al luchador checo. El acuerdo de celebrar el D\u00eda Internacional del Periodista, cada 8 de septiembre, fue adoptado en Bucarest en 1958 por acuerdo de la Organizaci\u00f3n Internacional de Periodistas, desaparecida tras la restauraci\u00f3n capitalista en Europa del este.<\/p>\n<p>En Cuba no debemos olvidar la significaci\u00f3n de la vida y la obra de Fucik, sobre todo si tenemos en cuenta las similitudes con la forma en que Fidel Castro escribi\u00f3 y logr\u00f3 sacar clandestinamente de su celda, en Isla de Pinos, el manuscrito de <em>La Historia me Absolver\u00e1<\/em>, o si nos acordamos de los Cinco H\u00e9roes, que convirtieron su encierro en denuncia del terrorismo contra Cuba.<\/p>\n<p>Sin embargo, en 1992, en la base del monumento a Jos\u00e9 Mart\u00ed en La Plaza de la Revoluci\u00f3n en ocasi\u00f3n de celebrarse el centenario de la aparici\u00f3n del peri\u00f3dico Patria, se anunci\u00f3 el 14 de marzo como D\u00eda de la Prensa Cubana, teniendo en cuenta que nuestro H\u00e9roe Nacional, periodista de profesi\u00f3n, fund\u00f3 ese \u00f3rgano para luchar por la independencia de Cuba. Por razones obvias, Mart\u00ed no pudo escribir durante su cruel e injusta prisi\u00f3n siendo un adolescente, pero la primera obra que public\u00f3 tras salir desterrado, fue su estremecedora denuncia <em>El Presidio Pol\u00edtico en Cuba<\/em>.<\/p>\n<p>Por eso, cada 14 de marzo en nuestro pa\u00eds se destaca la labor de la prensa revolucionaria, y la Uni\u00f3n de Periodistas de Cuba recuerda el papel de los que participan en su proceso creador, de los laureados con los premios anuales, de los afiliados condecorados, y se rinde homenaje a los precursores del periodismo que defendemos, como al propio Jos\u00e9 Mart\u00ed, Juan Gualberto G\u00f3mez, y los que siguieron su camino, comprometidos con una prensa que siempre ha estado, con sangre de por medio, en el coraz\u00f3n mismo de las transformaciones pol\u00edticas, econ\u00f3micas y sociales en m\u00e1s de siglo y medio.<\/p>\n<p>Debemos aprovechar la fecha del 8 de septiembre para conocer m\u00e1s a Julius Fucik y a los que como \u00e9l son v\u00edctimas a diario de un sistema c\u00ednico, injusto y represor de la verdad. <em>Reportaje al pie de la horca <\/em>es un libro sagrado para toda mujer u hombre bueno, en especial si es periodista o estudiante de Periodismo, pues fue escrito desde dentro de la barbarie misma, y no esper\u00f3 la muerte con los brazos cruzados. Una obra la cual debemos atesorar y volver a ella m\u00e1s de una vez en la vida.<\/p>\n<p>TOMADO DE CUBADEBATE\u00a0\u00a0 https:\/\/www.cubaperiodistas.cu\/2020\/09\/julius-fucik-y-los-periodistas-cubanos-que-debemos-celebrar\/<\/p>\n","protected":false},"excerpt":{"rendered":"<p>CUBADEBATE ARCHIVOS: Reportaje al pie de la horca no es solo una recopilaci\u00f3n de notas de extraordinario valor hist\u00f3rico, redactadas<\/p>\n<div class='heateor_sss_sharing_container heateor_sss_vertical_sharing heateor_sss_bottom_sharing' style='width:44px;left: -10px;top: 100px;-webkit-box-shadow:none;box-shadow:none;' ><div class=\"heateor_sss_sharing_ul\"><a class=\"heateor_sss_amp heateor_sss_amp_facebook\" href=\"https:\/\/www.facebook.com\/sharer\/sharer.php?u=https%3A%2F%2Fwww.radiomajaguabo.icrt.cu%2Findex.php%3Frest_route%3D%252Fwp%252Fv2%252Fposts%252F4766\" title=\"Facebook\" rel=\"nofollow noopener\" target=\"_blank\"><amp-img src=\"https:\/\/www.radiomajaguabo.icrt.cu\/wp-content\/plugins\/sassy-social-share\/public\/..\/images\/amp\/facebook.svg\" width=\"40\" height=\"40\" alt=\"Facebook\" class=\"amp-wp-enforced-sizes\" style=\"width: 40px;\"><\/amp-img><\/a><a class=\"heateor_sss_amp heateor_sss_amp_linkedin\" href=\"https:\/\/www.linkedin.com\/sharing\/share-offsite\/?url=https%3A%2F%2Fwww.radiomajaguabo.icrt.cu%2Findex.php%3Frest_route%3D%252Fwp%252Fv2%252Fposts%252F4766\" title=\"Linkedin\" rel=\"nofollow noopener\" target=\"_blank\"><amp-img src=\"https:\/\/www.radiomajaguabo.icrt.cu\/wp-content\/plugins\/sassy-social-share\/public\/..\/images\/amp\/linkedin.svg\" width=\"40\" height=\"40\" alt=\"Linkedin\" class=\"amp-wp-enforced-sizes\" style=\"width: 40px;\"><\/amp-img><\/a><a class=\"heateor_sss_amp heateor_sss_amp_whatsapp\" href=\"https:\/\/api.whatsapp.com\/send?text=Radio%20Majaguabo%20-%20Emisora%20Radio%20Majaguabo%2C%20San%20Luis%2C%20Santiago%20de%20Cuba%2C%20Cuba%20https%3A%2F%2Fwww.radiomajaguabo.icrt.cu%2Findex.php%3Frest_route%3D%252Fwp%252Fv2%252Fposts%252F4766\" title=\"Whatsapp\" rel=\"nofollow noopener\" target=\"_blank\"><amp-img src=\"https:\/\/www.radiomajaguabo.icrt.cu\/wp-content\/plugins\/sassy-social-share\/public\/..\/images\/amp\/whatsapp.svg\" width=\"40\" height=\"40\" alt=\"Whatsapp\" class=\"amp-wp-enforced-sizes\" style=\"width: 40px;\"><\/amp-img><\/a><a class=\"heateor_sss_amp heateor_sss_amp_instagram\" href=\"https:\/\/www.instagram.com\/\" title=\"Instagram\" rel=\"nofollow noopener\" target=\"_blank\"><amp-img src=\"https:\/\/www.radiomajaguabo.icrt.cu\/wp-content\/plugins\/sassy-social-share\/public\/..\/images\/amp\/instagram.svg\" width=\"40\" height=\"40\" alt=\"Instagram\" class=\"amp-wp-enforced-sizes\" style=\"width: 40px;\"><\/amp-img><\/a><a class=\"heateor_sss_amp heateor_sss_amp_x\" href=\"https:\/\/twitter.com\/intent\/tweet?text=Radio%20Majaguabo%20-%20Emisora%20Radio%20Majaguabo%2C%20San%20Luis%2C%20Santiago%20de%20Cuba%2C%20Cuba&url=https%3A%2F%2Fwww.radiomajaguabo.icrt.cu%2Findex.php%3Frest_route%3D%252Fwp%252Fv2%252Fposts%252F4766\" title=\"X\" rel=\"nofollow noopener\" target=\"_blank\"><amp-img src=\"https:\/\/www.radiomajaguabo.icrt.cu\/wp-content\/plugins\/sassy-social-share\/public\/..\/images\/amp\/x.svg\" width=\"40\" height=\"40\" alt=\"X\" class=\"amp-wp-enforced-sizes\" style=\"width:40px;\"><\/amp-img><\/a><\/div><div class=\"heateorSssClear\"><\/div><\/div>","protected":false},"author":1,"featured_media":4767,"comment_status":"open","ping_status":"open","sticky":false,"template":"","format":"standard","meta":{"colormag_page_layout":"default_layout","footnotes":""},"categories":[6,9,10],"tags":[13,1431,1429,1430],"ppma_author":[37,361],"class_list":["post-4766","post","type-post","status-publish","format-standard","has-post-thumbnail","hentry","category-cultura","category-historia","category-san-luis","tag-cuba","tag-dia-internacional-del-periodista","tag-julius-fucik","tag-periodistas-cubanos"],"authors":[{"term_id":37,"user_id":1,"is_guest":0,"slug":"alberterie","display_name":"Administrador","avatar_url":"https:\/\/secure.gravatar.com\/avatar\/c7c20c93c5f4c81e7a7dc9b02a42095ae8875c9af446129683aaa06faf7fd1f3?s=96&d=mm&r=g","author_category":"","user_url":"https:\/\/www.radiomajaguabo.icrt.cu","last_name":"Alberterie Rivero","first_name":"Pedro","job_title":"","description":""},{"term_id":361,"user_id":15,"is_guest":0,"slug":"cubadebate","display_name":"Cubadebate","avatar_url":"https:\/\/secure.gravatar.com\/avatar\/dea41543675ed9bce0a3a1aadc84cffab8b405e1b91699c20cedb5cd80dc31b2?s=96&d=mm&r=g","author_category":"","user_url":"http:\/\/www.cubadebate.cu\/","last_name":"","first_name":"Cubadebate","job_title":"","description":""}],"amp_enabled":true,"_links":{"self":[{"href":"https:\/\/www.radiomajaguabo.icrt.cu\/index.php?rest_route=\/wp\/v2\/posts\/4766","targetHints":{"allow":["GET"]}}],"collection":[{"href":"https:\/\/www.radiomajaguabo.icrt.cu\/index.php?rest_route=\/wp\/v2\/posts"}],"about":[{"href":"https:\/\/www.radiomajaguabo.icrt.cu\/index.php?rest_route=\/wp\/v2\/types\/post"}],"author":[{"embeddable":true,"href":"https:\/\/www.radiomajaguabo.icrt.cu\/index.php?rest_route=\/wp\/v2\/users\/1"}],"replies":[{"embeddable":true,"href":"https:\/\/www.radiomajaguabo.icrt.cu\/index.php?rest_route=%2Fwp%2Fv2%2Fcomments&post=4766"}],"version-history":[{"count":1,"href":"https:\/\/www.radiomajaguabo.icrt.cu\/index.php?rest_route=\/wp\/v2\/posts\/4766\/revisions"}],"predecessor-version":[{"id":4768,"href":"https:\/\/www.radiomajaguabo.icrt.cu\/index.php?rest_route=\/wp\/v2\/posts\/4766\/revisions\/4768"}],"wp:featuredmedia":[{"embeddable":true,"href":"https:\/\/www.radiomajaguabo.icrt.cu\/index.php?rest_route=\/wp\/v2\/media\/4767"}],"wp:attachment":[{"href":"https:\/\/www.radiomajaguabo.icrt.cu\/index.php?rest_route=%2Fwp%2Fv2%2Fmedia&parent=4766"}],"wp:term":[{"taxonomy":"category","embeddable":true,"href":"https:\/\/www.radiomajaguabo.icrt.cu\/index.php?rest_route=%2Fwp%2Fv2%2Fcategories&post=4766"},{"taxonomy":"post_tag","embeddable":true,"href":"https:\/\/www.radiomajaguabo.icrt.cu\/index.php?rest_route=%2Fwp%2Fv2%2Ftags&post=4766"},{"taxonomy":"author","embeddable":true,"href":"https:\/\/www.radiomajaguabo.icrt.cu\/index.php?rest_route=%2Fwp%2Fv2%2Fppma_author&post=4766"}],"curies":[{"name":"wp","href":"https:\/\/api.w.org\/{rel}","templated":true}]}}