{"id":4752,"date":"2023-09-06T12:03:28","date_gmt":"2023-09-06T12:03:28","guid":{"rendered":"https:\/\/www.radiomajaguabo.icrt.cu\/?p=4752"},"modified":"2023-09-06T12:03:28","modified_gmt":"2023-09-06T12:03:28","slug":"cuba-y-las-estrategias-frente-a-la-covid-19-video","status":"publish","type":"post","link":"https:\/\/www.radiomajaguabo.icrt.cu\/?p=4752","title":{"rendered":"Cuba y las estrategias frente a la Covid-19 (Video)"},"content":{"rendered":"<div class=\"post-content\">\n<p>La Habana, Cuba. \u2013 Aunque la Covid-19 est\u00e1 controlada en Cuba, el pa\u00eds mantiene una vigilancia activa sobre el comportamiento de la enfermedad a partir de las recomendaciones emitidas por la Organizaci\u00f3n Mundial de la Salud (OMS), al cierre del pasado mes de Agosto.<\/p>\n<p>Al finalizar las \u00faltimas dos semanas, se reportan solo 18 casos confirmados con la enfermedad a nivel nacional, entretanto, ha transcurrido un a\u00f1o y dos semanas desde la \u00faltima persona fallecida por causa del virus.<\/p>\n<figure class=\"wp-block-image size-large\"><img loading=\"lazy\" decoding=\"async\" class=\"wp-image-24360 lazy loaded aligncenter\" src=\"https:\/\/www.radiorebelde.cu\/wp-content\/uploads\/2023\/09\/DSR_4164-1024x683.jpg\" sizes=\"auto, (max-width: 1024px) 100vw, 1024px\" srcset=\"https:\/\/www.radiorebelde.cu\/wp-content\/uploads\/2023\/09\/DSR_4164-1024x683.jpg 1024w, https:\/\/www.radiorebelde.cu\/wp-content\/uploads\/2023\/09\/DSR_4164-300x200.jpg 300w, https:\/\/www.radiorebelde.cu\/wp-content\/uploads\/2023\/09\/DSR_4164-768x512.jpg 768w, https:\/\/www.radiorebelde.cu\/wp-content\/uploads\/2023\/09\/DSR_4164-1536x1024.jpg 1536w, https:\/\/www.radiorebelde.cu\/wp-content\/uploads\/2023\/09\/DSR_4164-2048x1365.jpg 2048w\" alt=\"\" width=\"1024\" height=\"683\" data-src=\"https:\/\/www.radiorebelde.cu\/wp-content\/uploads\/2023\/09\/DSR_4164-1024x683.jpg\" data-srcset=\"https:\/\/www.radiorebelde.cu\/wp-content\/uploads\/2023\/09\/DSR_4164-1024x683.jpg 1024w, https:\/\/www.radiorebelde.cu\/wp-content\/uploads\/2023\/09\/DSR_4164-300x200.jpg 300w, https:\/\/www.radiorebelde.cu\/wp-content\/uploads\/2023\/09\/DSR_4164-768x512.jpg 768w, https:\/\/www.radiorebelde.cu\/wp-content\/uploads\/2023\/09\/DSR_4164-1536x1024.jpg 1536w, https:\/\/www.radiorebelde.cu\/wp-content\/uploads\/2023\/09\/DSR_4164-2048x1365.jpg 2048w\" data-sizes=\"(max-width: 1024px) 100vw, 1024px\" data-was-processed=\"true\" \/><\/figure>\n<p>En la reuni\u00f3n de los expertos de la Salud, celebrada en el Palacio de la Revoluci\u00f3n con la presencia del Presidente Miguel D\u00edaz-Canel Berm\u00fadez y el Primer Ministro, Manuel Marrero Cruz, la Doctora Ileana Morales, Directora de Ciencia e Innovaci\u00f3n Tecnol\u00f3gica del Ministerio de Salud P\u00fablica confirm\u00f3 que la estrategia cubana a mediano y largos plazos, para implementar las recomendaciones de la OMS, est\u00e1n bien identificadas y tiene como punto de partida las ense\u00f1anzas dejadas durante los largos meses de enfrentamiento a la COVID-19.<\/p>\n<p>Puntualiz\u00f3 sobre la necesidad de continuar produciendo tecnolog\u00edas propias de la salud e impulsar el desarrollo de las ciencias como articuladora para el desarrollo de la Salud P\u00fablica.<\/p>\n<p>Agreg\u00f3 Morales que, como parte de esa estrategia, est\u00e1 el perfeccionamiento de las especialidades m\u00e9dicas en lo cual ya se trabaja, el continuar profundizando en los determinantes sociales y su incidencia en otras enfermedades a la luz de la etapa post-covid, as\u00ed como la consolidaci\u00f3n de la intersectorialidad, entre otras prioridades.<\/p>\n<figure class=\"wp-block-image size-large\"><img loading=\"lazy\" decoding=\"async\" class=\"wp-image-24361 lazy loaded aligncenter\" src=\"https:\/\/www.radiorebelde.cu\/wp-content\/uploads\/2023\/09\/DSR_4115-1024x683.jpg\" sizes=\"auto, (max-width: 1024px) 100vw, 1024px\" srcset=\"https:\/\/www.radiorebelde.cu\/wp-content\/uploads\/2023\/09\/DSR_4115-1024x683.jpg 1024w, https:\/\/www.radiorebelde.cu\/wp-content\/uploads\/2023\/09\/DSR_4115-300x200.jpg 300w, https:\/\/www.radiorebelde.cu\/wp-content\/uploads\/2023\/09\/DSR_4115-768x512.jpg 768w, https:\/\/www.radiorebelde.cu\/wp-content\/uploads\/2023\/09\/DSR_4115-1536x1024.jpg 1536w, https:\/\/www.radiorebelde.cu\/wp-content\/uploads\/2023\/09\/DSR_4115-2048x1365.jpg 2048w\" alt=\"\" width=\"1024\" height=\"683\" data-src=\"https:\/\/www.radiorebelde.cu\/wp-content\/uploads\/2023\/09\/DSR_4115-1024x683.jpg\" data-srcset=\"https:\/\/www.radiorebelde.cu\/wp-content\/uploads\/2023\/09\/DSR_4115-1024x683.jpg 1024w, https:\/\/www.radiorebelde.cu\/wp-content\/uploads\/2023\/09\/DSR_4115-300x200.jpg 300w, https:\/\/www.radiorebelde.cu\/wp-content\/uploads\/2023\/09\/DSR_4115-768x512.jpg 768w, https:\/\/www.radiorebelde.cu\/wp-content\/uploads\/2023\/09\/DSR_4115-1536x1024.jpg 1536w, https:\/\/www.radiorebelde.cu\/wp-content\/uploads\/2023\/09\/DSR_4115-2048x1365.jpg 2048w\" data-sizes=\"(max-width: 1024px) 100vw, 1024px\" data-was-processed=\"true\" \/><\/figure>\n<p>En contraste con el favorable escenario epidemiol\u00f3gico en Cuba,- a nivel internacional-, la regi\u00f3n de las Am\u00e9ricas ha aportado el 28 por ciento del total de enfermos con la Covid-19 en el planeta.<\/p>\n<p>En el acompa\u00f1amiento de los cient\u00edficos cubanos para lograr los resultados que actualmente ostenta el pa\u00eds en el control de esta enfermedad, est\u00e1n las vacunas nacionales cuya cifra asciende a m\u00e1s de 46 millones 613 mil dosis de vacunas aplicadas en sus diferentes variantes, incluidos los ni\u00f1os mayores de dos a\u00f1os.<\/p>\n<p>El Presidente de BioCubaFarma, Eduardo Mart\u00ednez D\u00edaz ratific\u00f3 la capacidad que mantiene actualmente las vacunas para contribuir a neutralizar los efectos del virus de la Covid-19. \u00a8Primero las vacunas tienen elementos de que siguen neutralizando los virus, incluso los nuevos, de todas formas estamos trabajando por si tenemos que actualizar las vacunas con nuevos ant\u00edgenos\u00a8, acot\u00f3.<\/p>\n<figure class=\"wp-block-image size-large\"><img loading=\"lazy\" decoding=\"async\" class=\"wp-image-24362 lazy loaded aligncenter\" src=\"https:\/\/www.radiorebelde.cu\/wp-content\/uploads\/2023\/09\/DSR_4184-1024x683.jpg\" sizes=\"auto, (max-width: 1024px) 100vw, 1024px\" srcset=\"https:\/\/www.radiorebelde.cu\/wp-content\/uploads\/2023\/09\/DSR_4184-1024x683.jpg 1024w, https:\/\/www.radiorebelde.cu\/wp-content\/uploads\/2023\/09\/DSR_4184-300x200.jpg 300w, https:\/\/www.radiorebelde.cu\/wp-content\/uploads\/2023\/09\/DSR_4184-768x512.jpg 768w, https:\/\/www.radiorebelde.cu\/wp-content\/uploads\/2023\/09\/DSR_4184-1536x1024.jpg 1536w, https:\/\/www.radiorebelde.cu\/wp-content\/uploads\/2023\/09\/DSR_4184-2048x1365.jpg 2048w\" alt=\"\" width=\"1024\" height=\"683\" data-src=\"https:\/\/www.radiorebelde.cu\/wp-content\/uploads\/2023\/09\/DSR_4184-1024x683.jpg\" data-srcset=\"https:\/\/www.radiorebelde.cu\/wp-content\/uploads\/2023\/09\/DSR_4184-1024x683.jpg 1024w, https:\/\/www.radiorebelde.cu\/wp-content\/uploads\/2023\/09\/DSR_4184-300x200.jpg 300w, https:\/\/www.radiorebelde.cu\/wp-content\/uploads\/2023\/09\/DSR_4184-768x512.jpg 768w, https:\/\/www.radiorebelde.cu\/wp-content\/uploads\/2023\/09\/DSR_4184-1536x1024.jpg 1536w, https:\/\/www.radiorebelde.cu\/wp-content\/uploads\/2023\/09\/DSR_4184-2048x1365.jpg 2048w\" data-sizes=\"(max-width: 1024px) 100vw, 1024px\" data-was-processed=\"true\" \/><\/figure>\n<p>Seg\u00fan cifras globales, al cierre del d\u00eda 4 del presente mes, el planeta exist\u00edan m\u00e1s de 21 millones de casos activos mientras apenas el 70 por ciento de la poblaci\u00f3n mundial ha sido vacunada con al menos una dosis.<\/p>\n<h6><em><strong>Fotos Estudios Revoluci\u00f3n<\/strong><\/em><\/h6>\n<h6><em><strong>Tomado de Radio Rebelde<\/strong><\/em><\/h6>\n<p><iframe loading=\"lazy\" title=\"YouTube video player\" src=\"https:\/\/www.youtube.com\/embed\/6V1UphQhs5Y?si=iKjm5FhdU9tkbA0A\" width=\"560\" height=\"315\" frameborder=\"0\" allowfullscreen=\"allowfullscreen\" data-mce-fragment=\"1\"><\/iframe><\/p>\n<\/div>\n<p>&nbsp;<\/p>\n","protected":false},"excerpt":{"rendered":"<p>La Habana, Cuba. \u2013 Aunque la Covid-19 est\u00e1 controlada en Cuba, el pa\u00eds mantiene una vigilancia activa sobre el comportamiento<\/p>\n<div class='heateor_sss_sharing_container heateor_sss_vertical_sharing heateor_sss_bottom_sharing' style='width:44px;left: -10px;top: 100px;-webkit-box-shadow:none;box-shadow:none;' ><div class=\"heateor_sss_sharing_ul\"><a class=\"heateor_sss_amp heateor_sss_amp_facebook\" href=\"https:\/\/www.facebook.com\/sharer\/sharer.php?u=https%3A%2F%2Fwww.radiomajaguabo.icrt.cu%2Findex.php%3Frest_route%3D%252Fwp%252Fv2%252Fposts%252F4752\" title=\"Facebook\" rel=\"nofollow noopener\" target=\"_blank\"><amp-img src=\"https:\/\/www.radiomajaguabo.icrt.cu\/wp-content\/plugins\/sassy-social-share\/public\/..\/images\/amp\/facebook.svg\" width=\"40\" height=\"40\" alt=\"Facebook\" class=\"amp-wp-enforced-sizes\" style=\"width: 40px;\"><\/amp-img><\/a><a class=\"heateor_sss_amp heateor_sss_amp_linkedin\" href=\"https:\/\/www.linkedin.com\/sharing\/share-offsite\/?url=https%3A%2F%2Fwww.radiomajaguabo.icrt.cu%2Findex.php%3Frest_route%3D%252Fwp%252Fv2%252Fposts%252F4752\" title=\"Linkedin\" rel=\"nofollow noopener\" target=\"_blank\"><amp-img src=\"https:\/\/www.radiomajaguabo.icrt.cu\/wp-content\/plugins\/sassy-social-share\/public\/..\/images\/amp\/linkedin.svg\" width=\"40\" height=\"40\" alt=\"Linkedin\" class=\"amp-wp-enforced-sizes\" style=\"width: 40px;\"><\/amp-img><\/a><a class=\"heateor_sss_amp heateor_sss_amp_whatsapp\" href=\"https:\/\/api.whatsapp.com\/send?text=Radio%20Majaguabo%20-%20Emisora%20Radio%20Majaguabo%2C%20San%20Luis%2C%20Santiago%20de%20Cuba%2C%20Cuba%20https%3A%2F%2Fwww.radiomajaguabo.icrt.cu%2Findex.php%3Frest_route%3D%252Fwp%252Fv2%252Fposts%252F4752\" title=\"Whatsapp\" rel=\"nofollow noopener\" target=\"_blank\"><amp-img src=\"https:\/\/www.radiomajaguabo.icrt.cu\/wp-content\/plugins\/sassy-social-share\/public\/..\/images\/amp\/whatsapp.svg\" width=\"40\" height=\"40\" alt=\"Whatsapp\" class=\"amp-wp-enforced-sizes\" style=\"width: 40px;\"><\/amp-img><\/a><a class=\"heateor_sss_amp heateor_sss_amp_instagram\" href=\"https:\/\/www.instagram.com\/\" title=\"Instagram\" rel=\"nofollow noopener\" target=\"_blank\"><amp-img src=\"https:\/\/www.radiomajaguabo.icrt.cu\/wp-content\/plugins\/sassy-social-share\/public\/..\/images\/amp\/instagram.svg\" width=\"40\" height=\"40\" alt=\"Instagram\" class=\"amp-wp-enforced-sizes\" style=\"width: 40px;\"><\/amp-img><\/a><a class=\"heateor_sss_amp heateor_sss_amp_x\" href=\"https:\/\/twitter.com\/intent\/tweet?text=Radio%20Majaguabo%20-%20Emisora%20Radio%20Majaguabo%2C%20San%20Luis%2C%20Santiago%20de%20Cuba%2C%20Cuba&url=https%3A%2F%2Fwww.radiomajaguabo.icrt.cu%2Findex.php%3Frest_route%3D%252Fwp%252Fv2%252Fposts%252F4752\" title=\"X\" rel=\"nofollow noopener\" target=\"_blank\"><amp-img src=\"https:\/\/www.radiomajaguabo.icrt.cu\/wp-content\/plugins\/sassy-social-share\/public\/..\/images\/amp\/x.svg\" width=\"40\" height=\"40\" alt=\"X\" class=\"amp-wp-enforced-sizes\" style=\"width:40px;\"><\/amp-img><\/a><\/div><div class=\"heateorSssClear\"><\/div><\/div>","protected":false},"author":1,"featured_media":4758,"comment_status":"open","ping_status":"open","sticky":false,"template":"","format":"standard","meta":{"colormag_page_layout":"default_layout","footnotes":""},"categories":[8],"tags":[16,13,47,319,1146],"ppma_author":[37],"class_list":["post-4752","post","type-post","status-publish","format-standard","has-post-thumbnail","hentry","category-nacionales","tag-covid-19","tag-cuba","tag-diaz-canel","tag-manuel-marrero-cruz","tag-minsap"],"authors":[{"term_id":37,"user_id":1,"is_guest":0,"slug":"alberterie","display_name":"Administrador","avatar_url":"https:\/\/secure.gravatar.com\/avatar\/c7c20c93c5f4c81e7a7dc9b02a42095ae8875c9af446129683aaa06faf7fd1f3?s=96&d=mm&r=g","author_category":"","user_url":"https:\/\/www.radiomajaguabo.icrt.cu","last_name":"Alberterie Rivero","first_name":"Pedro","job_title":"","description":""}],"amp_enabled":true,"_links":{"self":[{"href":"https:\/\/www.radiomajaguabo.icrt.cu\/index.php?rest_route=\/wp\/v2\/posts\/4752","targetHints":{"allow":["GET"]}}],"collection":[{"href":"https:\/\/www.radiomajaguabo.icrt.cu\/index.php?rest_route=\/wp\/v2\/posts"}],"about":[{"href":"https:\/\/www.radiomajaguabo.icrt.cu\/index.php?rest_route=\/wp\/v2\/types\/post"}],"author":[{"embeddable":true,"href":"https:\/\/www.radiomajaguabo.icrt.cu\/index.php?rest_route=\/wp\/v2\/users\/1"}],"replies":[{"embeddable":true,"href":"https:\/\/www.radiomajaguabo.icrt.cu\/index.php?rest_route=%2Fwp%2Fv2%2Fcomments&post=4752"}],"version-history":[{"count":1,"href":"https:\/\/www.radiomajaguabo.icrt.cu\/index.php?rest_route=\/wp\/v2\/posts\/4752\/revisions"}],"predecessor-version":[{"id":4759,"href":"https:\/\/www.radiomajaguabo.icrt.cu\/index.php?rest_route=\/wp\/v2\/posts\/4752\/revisions\/4759"}],"wp:featuredmedia":[{"embeddable":true,"href":"https:\/\/www.radiomajaguabo.icrt.cu\/index.php?rest_route=\/wp\/v2\/media\/4758"}],"wp:attachment":[{"href":"https:\/\/www.radiomajaguabo.icrt.cu\/index.php?rest_route=%2Fwp%2Fv2%2Fmedia&parent=4752"}],"wp:term":[{"taxonomy":"category","embeddable":true,"href":"https:\/\/www.radiomajaguabo.icrt.cu\/index.php?rest_route=%2Fwp%2Fv2%2Fcategories&post=4752"},{"taxonomy":"post_tag","embeddable":true,"href":"https:\/\/www.radiomajaguabo.icrt.cu\/index.php?rest_route=%2Fwp%2Fv2%2Ftags&post=4752"},{"taxonomy":"author","embeddable":true,"href":"https:\/\/www.radiomajaguabo.icrt.cu\/index.php?rest_route=%2Fwp%2Fv2%2Fppma_author&post=4752"}],"curies":[{"name":"wp","href":"https:\/\/api.w.org\/{rel}","templated":true}]}}