{"id":4734,"date":"2023-09-05T13:47:47","date_gmt":"2023-09-05T13:47:47","guid":{"rendered":"https:\/\/www.radiomajaguabo.icrt.cu\/?p=4734"},"modified":"2023-09-05T13:47:47","modified_gmt":"2023-09-05T13:47:47","slug":"diputado-frances-aborda-en-libro-guerra-de-eeuu-contra-cuba","status":"publish","type":"post","link":"https:\/\/www.radiomajaguabo.icrt.cu\/?p=4734","title":{"rendered":"Diputado franc\u00e9s aborda en libro guerra de EEUU contra Cuba"},"content":{"rendered":"<p>Par\u00eds, 5 sep (Prensa Latina) El dirigente comunista y diputado franc\u00e9s Andr\u00e9 Chassaigne consider\u00f3 hoy su libro \u201cCuba una estrella en la noche\u201d una oportunidad de conocer la guerra que enfrenta la isla desde Estados Unidos con el bloqueo como punta de lanza. <!--more--><\/p>\n<p>Es un libro que toma partido al lado del pueblo cubano en su lucha contra un bloqueo criminal y al mismo tiempo cuenta con un valor educativo, porque muchas personas siguen pensando que ese cerco de Washington ya no existe, coment\u00f3 en entrevista con Prensa Latina el presidente del Grupo de Amistad Francia-Cuba de la Asamblea Nacional.<\/p>\n<p>De acuerdo con el diputado por el central departamento de Puy-de-D\u00f4me, el texto demuestra que contrario a lo que no pocos creen, el bloqueo econ\u00f3mico, comercial y financiero impuesto a la naci\u00f3n antillana hace m\u00e1s de seis d\u00e9cadas se ha recrudecido, despu\u00e9s de las medidas adoptadas por Donald Trump (2017-2021), mantenidas por su sucesor en la Casa Blanca, Joseph Biden.<\/p>\n<p>Se trata de una guerra sin armas, de una guerra innombrable del imperialismo estadounidense contra la Revoluci\u00f3n Cubana, y sobre todo contra un pueblo para atacar de forma colosal su desarrollo econ\u00f3mico, advirti\u00f3.<\/p>\n<p>Chassaigne resalt\u00f3 que su libro tambi\u00e9n aborda el componente extraterritorial del bloqueo, expresado mediante leyes y decisiones ejecutivas con un impacto en bancos, empresas y ciudadanos de Europa y de otros continentes.<\/p>\n<p>Por eso debemos combatirlo y no solo mediante el voto de resoluciones en la ONU, de ah\u00ed que reconozco iniciativas como la convocatoria a celebrar en noviembre en Bruselas un tribunal internacional para denunciar y condenar la pol\u00edtica estadounidense hacia la isla, subray\u00f3 el presidente del Grupo de la Izquierda Dem\u00f3crata y Republicana en la Asamblea Nacional francesa.<\/p>\n<p>El libro \u201cCuba una estrella en la noche, la lucha del pueblo cubano contra un bloqueo criminal\u201d se presentar\u00e1 en La f\u00eate de l\u2019Humanit\u00e9, tradicional festival pol\u00edtico-cultural que tendr\u00e1 su edici\u00f3n del 2023 del 15 al 17 de septiembre en la Regi\u00f3n Parisina.<\/p>\n<p>Lo lanzaremos en diversos espacios del foro, como una contribuci\u00f3n a la compresi\u00f3n de la realidad del pa\u00eds caribe\u00f1o y de las consecuencias del cerco, abund\u00f3 el l\u00edder parlamentario.<\/p>\n<p>Chassaigne describi\u00f3 el texto como uno escrito desde el coraz\u00f3n para defender a la Revoluci\u00f3n Cubana, sin ocultar sus desaf\u00edos.<\/p>\n<p>A prop\u00f3sito de La f\u00eate de l\u2019Humanit\u00e9, el diputado destac\u00f3 que durante la misma el Partido Comunista Franc\u00e9s presentar\u00e1 su campa\u00f1a, aprobada en el Congreso de abril, de respaldo a la mayor de las Antillas en la batalla contra el bloqueo.<\/p>\n<p>Tomado de Prensa Latina<\/p>\n","protected":false},"excerpt":{"rendered":"<p>Par\u00eds, 5 sep (Prensa Latina) El dirigente comunista y diputado franc\u00e9s Andr\u00e9 Chassaigne consider\u00f3 hoy su libro \u201cCuba una estrella<\/p>\n<div class='heateor_sss_sharing_container heateor_sss_vertical_sharing heateor_sss_bottom_sharing' style='width:44px;left: -10px;top: 100px;-webkit-box-shadow:none;box-shadow:none;' ><div class=\"heateor_sss_sharing_ul\"><a class=\"heateor_sss_amp heateor_sss_amp_facebook\" href=\"https:\/\/www.facebook.com\/sharer\/sharer.php?u=https%3A%2F%2Fwww.radiomajaguabo.icrt.cu%2Findex.php%3Frest_route%3D%252Fwp%252Fv2%252Fposts%252F4734\" title=\"Facebook\" rel=\"nofollow noopener\" target=\"_blank\"><amp-img src=\"https:\/\/www.radiomajaguabo.icrt.cu\/wp-content\/plugins\/sassy-social-share\/public\/..\/images\/amp\/facebook.svg\" width=\"40\" height=\"40\" alt=\"Facebook\" class=\"amp-wp-enforced-sizes\" style=\"width: 40px;\"><\/amp-img><\/a><a class=\"heateor_sss_amp heateor_sss_amp_linkedin\" href=\"https:\/\/www.linkedin.com\/sharing\/share-offsite\/?url=https%3A%2F%2Fwww.radiomajaguabo.icrt.cu%2Findex.php%3Frest_route%3D%252Fwp%252Fv2%252Fposts%252F4734\" title=\"Linkedin\" rel=\"nofollow noopener\" target=\"_blank\"><amp-img src=\"https:\/\/www.radiomajaguabo.icrt.cu\/wp-content\/plugins\/sassy-social-share\/public\/..\/images\/amp\/linkedin.svg\" width=\"40\" height=\"40\" alt=\"Linkedin\" class=\"amp-wp-enforced-sizes\" style=\"width: 40px;\"><\/amp-img><\/a><a class=\"heateor_sss_amp heateor_sss_amp_whatsapp\" href=\"https:\/\/api.whatsapp.com\/send?text=Radio%20Majaguabo%20-%20Emisora%20Radio%20Majaguabo%2C%20San%20Luis%2C%20Santiago%20de%20Cuba%2C%20Cuba%20https%3A%2F%2Fwww.radiomajaguabo.icrt.cu%2Findex.php%3Frest_route%3D%252Fwp%252Fv2%252Fposts%252F4734\" title=\"Whatsapp\" rel=\"nofollow noopener\" target=\"_blank\"><amp-img src=\"https:\/\/www.radiomajaguabo.icrt.cu\/wp-content\/plugins\/sassy-social-share\/public\/..\/images\/amp\/whatsapp.svg\" width=\"40\" height=\"40\" alt=\"Whatsapp\" class=\"amp-wp-enforced-sizes\" style=\"width: 40px;\"><\/amp-img><\/a><a class=\"heateor_sss_amp heateor_sss_amp_instagram\" href=\"https:\/\/www.instagram.com\/\" title=\"Instagram\" rel=\"nofollow noopener\" target=\"_blank\"><amp-img src=\"https:\/\/www.radiomajaguabo.icrt.cu\/wp-content\/plugins\/sassy-social-share\/public\/..\/images\/amp\/instagram.svg\" width=\"40\" height=\"40\" alt=\"Instagram\" class=\"amp-wp-enforced-sizes\" style=\"width: 40px;\"><\/amp-img><\/a><a class=\"heateor_sss_amp heateor_sss_amp_x\" href=\"https:\/\/twitter.com\/intent\/tweet?text=Radio%20Majaguabo%20-%20Emisora%20Radio%20Majaguabo%2C%20San%20Luis%2C%20Santiago%20de%20Cuba%2C%20Cuba&url=https%3A%2F%2Fwww.radiomajaguabo.icrt.cu%2Findex.php%3Frest_route%3D%252Fwp%252Fv2%252Fposts%252F4734\" title=\"X\" rel=\"nofollow noopener\" target=\"_blank\"><amp-img src=\"https:\/\/www.radiomajaguabo.icrt.cu\/wp-content\/plugins\/sassy-social-share\/public\/..\/images\/amp\/x.svg\" width=\"40\" height=\"40\" alt=\"X\" class=\"amp-wp-enforced-sizes\" style=\"width:40px;\"><\/amp-img><\/a><\/div><div class=\"heateorSssClear\"><\/div><\/div>","protected":false},"author":1,"featured_media":4742,"comment_status":"open","ping_status":"open","sticky":false,"template":"","format":"standard","meta":{"colormag_page_layout":"default_layout","footnotes":""},"categories":[6,9,7],"tags":[1416,67,13,1415,45,181],"ppma_author":[37],"class_list":["post-4734","post","type-post","status-publish","format-standard","has-post-thumbnail","hentry","category-cultura","category-historia","category-internacionales","tag-andre-chassaigne","tag-bloqueo","tag-cuba","tag-diputado-frances","tag-estados-unidos","tag-revolucion-cubana"],"authors":[{"term_id":37,"user_id":1,"is_guest":0,"slug":"alberterie","display_name":"Administrador","avatar_url":"https:\/\/secure.gravatar.com\/avatar\/c7c20c93c5f4c81e7a7dc9b02a42095ae8875c9af446129683aaa06faf7fd1f3?s=96&d=mm&r=g","author_category":"","user_url":"https:\/\/www.radiomajaguabo.icrt.cu","last_name":"Alberterie Rivero","first_name":"Pedro","job_title":"","description":""}],"amp_enabled":true,"_links":{"self":[{"href":"https:\/\/www.radiomajaguabo.icrt.cu\/index.php?rest_route=\/wp\/v2\/posts\/4734","targetHints":{"allow":["GET"]}}],"collection":[{"href":"https:\/\/www.radiomajaguabo.icrt.cu\/index.php?rest_route=\/wp\/v2\/posts"}],"about":[{"href":"https:\/\/www.radiomajaguabo.icrt.cu\/index.php?rest_route=\/wp\/v2\/types\/post"}],"author":[{"embeddable":true,"href":"https:\/\/www.radiomajaguabo.icrt.cu\/index.php?rest_route=\/wp\/v2\/users\/1"}],"replies":[{"embeddable":true,"href":"https:\/\/www.radiomajaguabo.icrt.cu\/index.php?rest_route=%2Fwp%2Fv2%2Fcomments&post=4734"}],"version-history":[{"count":1,"href":"https:\/\/www.radiomajaguabo.icrt.cu\/index.php?rest_route=\/wp\/v2\/posts\/4734\/revisions"}],"predecessor-version":[{"id":4743,"href":"https:\/\/www.radiomajaguabo.icrt.cu\/index.php?rest_route=\/wp\/v2\/posts\/4734\/revisions\/4743"}],"wp:featuredmedia":[{"embeddable":true,"href":"https:\/\/www.radiomajaguabo.icrt.cu\/index.php?rest_route=\/wp\/v2\/media\/4742"}],"wp:attachment":[{"href":"https:\/\/www.radiomajaguabo.icrt.cu\/index.php?rest_route=%2Fwp%2Fv2%2Fmedia&parent=4734"}],"wp:term":[{"taxonomy":"category","embeddable":true,"href":"https:\/\/www.radiomajaguabo.icrt.cu\/index.php?rest_route=%2Fwp%2Fv2%2Fcategories&post=4734"},{"taxonomy":"post_tag","embeddable":true,"href":"https:\/\/www.radiomajaguabo.icrt.cu\/index.php?rest_route=%2Fwp%2Fv2%2Ftags&post=4734"},{"taxonomy":"author","embeddable":true,"href":"https:\/\/www.radiomajaguabo.icrt.cu\/index.php?rest_route=%2Fwp%2Fv2%2Fppma_author&post=4734"}],"curies":[{"name":"wp","href":"https:\/\/api.w.org\/{rel}","templated":true}]}}