{"id":4733,"date":"2023-09-05T13:42:36","date_gmt":"2023-09-05T13:42:36","guid":{"rendered":"https:\/\/www.radiomajaguabo.icrt.cu\/?p=4733"},"modified":"2023-09-05T13:42:36","modified_gmt":"2023-09-05T13:42:36","slug":"los-tres-golpes-contra-salvador-allende","status":"publish","type":"post","link":"https:\/\/www.radiomajaguabo.icrt.cu\/?p=4733","title":{"rendered":"Los tres golpes contra Salvador Allende"},"content":{"rendered":"<p>En d\u00edas pasados circularon noticias sobre la desclasificaci\u00f3n parcial por la Agencia Central de Inteligencia (CIA) de los Estados Unidos <a href=\"http:\/\/www.cubadebate.cu\/noticias\/2023\/08\/26\/estados-unidos-desclasifica-documentos-sobre-golpe-de-estado-de-1973-en-chile\/\" target=\"_blank\" rel=\"noopener\">de dos Informes Diarios para el Presidente (PDB)<\/a>, elaborados para ser le\u00eddos por Richard Nixon.\u00a0 El primero tiene fecha 8 de septiembre y el segundo 11 del propio mes, mientras transcurr\u00eda el golpe de estado de 1973 contra el presidente chileno Salvador Allende.<!--more--><\/p>\n<p>En algunos medios, incluidos los chilenos, se explic\u00f3 la informaci\u00f3n con visos de excepcionalidad y tanto en Santiago, como en Washington, se habl\u00f3 del compromiso mutuo con la verdad y la democracia.<\/p>\n<p>Los textos, hechos p\u00fablicos como respuesta a una solicitud de las actuales autoridades chilenas, no dicen mucho, en realidad, ni comprometen la participaci\u00f3n de EEUU al m\u00e1s alto nivel en aquellos hechos. <strong>El experto estadounidense de la organizaci\u00f3n no gubernamental Archivos Nacionales de Seguridad, Peter Kornbluh, se ha cuestionado incluso por qu\u00e9 estos textos se hab\u00edan mantenido en secreto tanto tiempo, dado lo poco que aportan a la verdad sobre aquellos acontecimientos.<\/strong><\/p>\n<p>Ambos documentos se refieren m\u00e1s a la supuesta confusi\u00f3n entre los mandos golpistas y a la existencia, o no, de una real sublevaci\u00f3n, que <strong>al involucramiento directo de las agencias estadounidenses contra el gobierno del presidente electo <a href=\"http:\/\/www.cubadebate.cu\/noticias\/2023\/06\/26\/presidente-de-cuba-recuerda-legado-de-salvador-allende\/\" target=\"_blank\" rel=\"noopener\">Salvador Allende<\/a>, algo que ha quedado claramente reflejado en investigaciones y documentos hechos p\u00fablicos a\u00f1os atr\u00e1s.<\/strong><\/p>\n<p>Al menos 25 a\u00f1os antes (1998) la propia organizaci\u00f3n Archivos Nacionales de Seguridad hab\u00eda logrado la desclasificaci\u00f3n de otros 30 documentos, los cuales pon\u00edan de relieve entre otras cuestiones que:<\/p>\n<ul>\n<li>En el oto\u00f1o de 1970, la CIA llev\u00f3 a cabo un grupo de operaciones encubiertas para evitar que se ratificara la victoria de Salvador Allende en los comicios.<\/li>\n<li>Fue aprobada entonces la \u201cOperaci\u00f3n Fubelt\u201d, para desestabilizar al gobierno socialista reci\u00e9n electo.<\/li>\n<li>Despu\u00e9s de la elecci\u00f3n de Allende, Estados Unidos consider\u00f3 entre otras acciones, provocar la expulsi\u00f3n de Chile de la OEA, como parte de su probable aislamiento internacional.<\/li>\n<li>El gobierno de Estados Unidos conoci\u00f3 en detalle las atrocidades cometidas por los golpistas durante e inmediatamente despu\u00e9s de la muerte de Allende. Sin embargo, se aprob\u00f3 con urgencia un paquete de asistencia econ\u00f3mica para Chile y se orden\u00f3 a la CIA realizar operaciones encubiertas de propaganda, para \u201cmejorar la imagen de la Junta\u201d.<\/li>\n<\/ul>\n<p><strong>Pr\u00f3ximamente se recordar\u00e1n en Chile, y en el mundo entero, los 50 a\u00f1os del cerco de La Moneda y del derrocamiento por la fuerza del gobierno socialista<\/strong>, elegido en sufragio popular, encabezado por un l\u00edder indiscutible como Salvador Allende.<\/p>\n<p><strong>No obstante, poca informaci\u00f3n se divulga sobre un primer intento frustrado de evitar que Allende asumiera el poder, a finales de 1970.<\/strong> Detalles de las revelaciones generales del 1998 se conocieron por nuevas desclasificaciones que tuvieron lugar en el 2014.<\/p>\n<p>El 19 de agosto de 1970 tuvo lugar una reuni\u00f3n del comit\u00e9 interagencial de alto nivel, conocido como Grupo Especial de Revisi\u00f3n, encabezado por el Consejero estadounidense de Seguridad Nacional, Henry Kissinger, en la cual se le dieron indicaciones al entonces director de la <a href=\"http:\/\/www.cubadebate.cu\/etiqueta\/cia\/\" target=\"_blank\" rel=\"noopener\">CIA<\/a>, Richard Helms para presentar un plan detallado al presidente Richard Nixon, con el objetivo de lograr que el Congreso chileno no ratificara la victoria de Allende en las urnas.<\/p>\n<p>Parte de esta historia fue editada en su momento por los historiadores del Departamento de Estado James Siekmeier y James McElveen en el volumen \u201cChile: 1969-1973\u201d. La misma tambi\u00e9n es recogida en el volumen <em>The Pinochet File: A Declassified Dossier on Atrocity and Accountability<\/em> (2013), del antes mencionado Peter Kornbluh, quien adem\u00e1s solicit\u00f3 entonces que se realizaran nuevas desclasificaciones alrededor de la llamada Huelga de Camioneros financiada por la CIA, que ayud\u00f3 a desestabilizar al gobierno de Allende, as\u00ed como sobre el asesinato de dos ciudadanos estadounidenses, Charles Horman y Frank Teruggi, justo antes del golpe de 1973.<\/p>\n<p>Este a\u00f1o 2023 se ha publicado en Chile una versi\u00f3n actualizada del libro de Kornbluh para marcar los 50 a\u00f1os del golpe, bajo el t\u00edtulo <em>Desclasificado: Los Archivos Secretos de Estados Unidos Sobre Chile<\/em>, con nuevas evidencias al respecto.<\/p>\n<p><strong>En octubre de 1970 las agencias estadounidenses organizaron el secuestro del entonces jefe de las fuerzas armadas chilenas, general Ren\u00e9 Schneider<\/strong>, oficial comprometido con el orden constitucional chileno, con el objetivo de facilitar la acci\u00f3n de otras figuras castrenses que se opon\u00edan al ascenso del gobierno socialista de Allende. En la acci\u00f3n Schneider fue herido y falleci\u00f3 d\u00edas despu\u00e9s, sin que Estados Unidos lograra una acci\u00f3n concertada de los mandos de las diversas fuerzas, las que entonces fueron consideradas desde la Casa Blanca como \u201cno preparadas\u201d y \u201cfaltas de determinaci\u00f3n\u201d.<\/p>\n<p>Se conoce que en una conversaci\u00f3n que tuvo lugar entre Kissinger y Nixon el 2 de noviembre del mismo a\u00f1o, el consejero dijo a su jefe: \u201cla ratificaci\u00f3n congresional es ma\u00f1ana. Lo que pudieron haber hecho (los militares) es prevenir que el Congreso se reuniera. Pero eso no se ha logrado. Estuvieron cerca, pero probablemente sea muy tarde\u201d<\/p>\n<p>En <em>The Pinochet File<\/em> de Kornbluh se recoge adem\u00e1s una frase similar de otra conversaci\u00f3n entre Kissinger y Nixon en relaci\u00f3n con el golpe del 73, que es claramente comprometedora. Cuando el presidente pregunta hasta qu\u00e9 punto se puede hacer la trazabilidad del involucramiento directo de EE UU con los golpistas, el asesor responde \u201cquiero decir, los ayudamos (&#8230;) creamos tantas condiciones como pudimos\u201d.<\/p>\n<p>Al momento de la detenci\u00f3n de Augusto Pinochet en 1998, para ser sometido a juicio por su liderazgo en el golpe y los cr\u00edmenes cometidos con posterioridad, el gobierno de William Clinton hizo p\u00fablicos 23 000 registros de la CIA, el Departamento de Estado, el Consejo de Seguridad Nacional y el Pent\u00e1gono, por los que se conoci\u00f3 del trabajo del llamado Comit\u00e9 de los 40, dirigido por Kissinger, que supervis\u00f3 todas las acciones contra el gobierno de la Unidad Popular.<\/p>\n<p>Dicho esto, cabe concluir que <strong>la participaci\u00f3n estadounidense en los planes para evitar el ascenso al poder de Allende y, despu\u00e9s, en las acciones que conllevaron a su ca\u00edda y muerte, est\u00e1n debidamente documentadas desde hace a\u00f1os, aunque a\u00fan queden por conocer varios detalles.<\/strong> Es decir, Estados Unidos tuvo una implicaci\u00f3n directa en un primer golpe fallido contra Allende en 1970 y en el de 1973, que a la postre cumpliera con sus objetivos.<\/p>\n<p>El derrocamiento de las fuerzas de la Unidad Popular no solo significaron la destrucci\u00f3n de un proyecto alternativo de desarrollo para el pueblo chileno, sino la apertura sin l\u00edmites de las fronteras del pa\u00eds para la aplicaci\u00f3n de un \u201cmodelo\u201d econ\u00f3mico neoliberal extremo, que se sintetizaba en los preceptos de la llamada Escuela de Chicago. Los objetivos de este proyecto, sus principales ide\u00f3logos y los facilitadores de la conquista desde el lado chileno aparecen recogidos, con lujo de detalles, en la obra del experto diplom\u00e1tico Juan Gabriel Vald\u00e9s <em>Los economistas de Pinochet: La Escuela de\u00a0Chicago<\/em>\u00a0en\u00a0<em>Chile<\/em> (2020).<\/p>\n<p>Pero a\u00fan hay un tercer golpe contra el l\u00edder socialista chileno, y contra todo su legado, que se articula por estos d\u00edas.<\/p>\n<p>Desde la derecha latinoamericana, y particularmente la chilena, se trata de reescribir la historia, para asentar como verdad compartida el supuesto de que m\u00e1s que ser v\u00edctima de las fuerzas golpistas, Salvador Allende y sus seguidores habr\u00edan \u201cprovocado\u201d la acci\u00f3n de la que fueron v\u00edctimas, por tratar de \u201cimponer\u201d un modelo econ\u00f3mico social que \u201cno contaba con el respaldo de la mayor\u00eda de los chilenos\u201d.<\/p>\n<p>Estas corrientes pol\u00edticas al parecer ya lograron impedir que una futura Constituci\u00f3n del pa\u00eds se aparte de los preceptos pinochetistas, pero ahora, 50 a\u00f1os despu\u00e9s del crimen, estar\u00edan intentado remover las ra\u00edces de uno de los procesos pol\u00edticos m\u00e1s leg\u00edtimos de la regi\u00f3n, que constituye referencia obligada para cualquier fuerza pol\u00edtica chilena que intente construir un futuro de soberan\u00eda pol\u00edtica para su pa\u00eds.<\/p>\n<p>Otro objetivo no declarado de estas mismas fuerzas, es dar legitimidad a la acci\u00f3n reiterada de Estados Unidos para impedir el acceso al gobierno, o para desplazar del mismo, a fuerzas pol\u00edticas que aspiren a constituir una alternativa real para las demandas de sus pueblos, como nos recuerdan acciones recientes de la diplomacia y de los servicios especiales estadounidenses en la regi\u00f3n.<\/p>\n<p>El legado de Allende trasciende las fronteras de su pa\u00eds, es historia latinoamericana y, por tanto, a esa escala debe ser la defensa de su obra. Un tercer golpe esta vez s\u00ed se puede evitar.<\/p>\n<p>Tomado de Cubadebate<\/p>\n","protected":false},"excerpt":{"rendered":"<p>En d\u00edas pasados circularon noticias sobre la desclasificaci\u00f3n parcial por la Agencia Central de Inteligencia (CIA) de los Estados Unidos<\/p>\n<div class='heateor_sss_sharing_container heateor_sss_vertical_sharing heateor_sss_bottom_sharing' style='width:44px;left: -10px;top: 100px;-webkit-box-shadow:none;box-shadow:none;' ><div class=\"heateor_sss_sharing_ul\"><a class=\"heateor_sss_amp heateor_sss_amp_facebook\" href=\"https:\/\/www.facebook.com\/sharer\/sharer.php?u=https%3A%2F%2Fwww.radiomajaguabo.icrt.cu%2Findex.php%3Frest_route%3D%252Fwp%252Fv2%252Fposts%252F4733\" title=\"Facebook\" rel=\"nofollow noopener\" target=\"_blank\"><amp-img src=\"https:\/\/www.radiomajaguabo.icrt.cu\/wp-content\/plugins\/sassy-social-share\/public\/..\/images\/amp\/facebook.svg\" width=\"40\" height=\"40\" alt=\"Facebook\" class=\"amp-wp-enforced-sizes\" style=\"width: 40px;\"><\/amp-img><\/a><a class=\"heateor_sss_amp heateor_sss_amp_linkedin\" href=\"https:\/\/www.linkedin.com\/sharing\/share-offsite\/?url=https%3A%2F%2Fwww.radiomajaguabo.icrt.cu%2Findex.php%3Frest_route%3D%252Fwp%252Fv2%252Fposts%252F4733\" title=\"Linkedin\" rel=\"nofollow noopener\" target=\"_blank\"><amp-img src=\"https:\/\/www.radiomajaguabo.icrt.cu\/wp-content\/plugins\/sassy-social-share\/public\/..\/images\/amp\/linkedin.svg\" width=\"40\" height=\"40\" alt=\"Linkedin\" class=\"amp-wp-enforced-sizes\" style=\"width: 40px;\"><\/amp-img><\/a><a class=\"heateor_sss_amp heateor_sss_amp_whatsapp\" href=\"https:\/\/api.whatsapp.com\/send?text=Radio%20Majaguabo%20-%20Emisora%20Radio%20Majaguabo%2C%20San%20Luis%2C%20Santiago%20de%20Cuba%2C%20Cuba%20https%3A%2F%2Fwww.radiomajaguabo.icrt.cu%2Findex.php%3Frest_route%3D%252Fwp%252Fv2%252Fposts%252F4733\" title=\"Whatsapp\" rel=\"nofollow noopener\" target=\"_blank\"><amp-img src=\"https:\/\/www.radiomajaguabo.icrt.cu\/wp-content\/plugins\/sassy-social-share\/public\/..\/images\/amp\/whatsapp.svg\" width=\"40\" height=\"40\" alt=\"Whatsapp\" class=\"amp-wp-enforced-sizes\" style=\"width: 40px;\"><\/amp-img><\/a><a class=\"heateor_sss_amp heateor_sss_amp_instagram\" href=\"https:\/\/www.instagram.com\/\" title=\"Instagram\" rel=\"nofollow noopener\" target=\"_blank\"><amp-img src=\"https:\/\/www.radiomajaguabo.icrt.cu\/wp-content\/plugins\/sassy-social-share\/public\/..\/images\/amp\/instagram.svg\" width=\"40\" height=\"40\" alt=\"Instagram\" class=\"amp-wp-enforced-sizes\" style=\"width: 40px;\"><\/amp-img><\/a><a class=\"heateor_sss_amp heateor_sss_amp_x\" href=\"https:\/\/twitter.com\/intent\/tweet?text=Radio%20Majaguabo%20-%20Emisora%20Radio%20Majaguabo%2C%20San%20Luis%2C%20Santiago%20de%20Cuba%2C%20Cuba&url=https%3A%2F%2Fwww.radiomajaguabo.icrt.cu%2Findex.php%3Frest_route%3D%252Fwp%252Fv2%252Fposts%252F4733\" title=\"X\" rel=\"nofollow noopener\" target=\"_blank\"><amp-img src=\"https:\/\/www.radiomajaguabo.icrt.cu\/wp-content\/plugins\/sassy-social-share\/public\/..\/images\/amp\/x.svg\" width=\"40\" height=\"40\" alt=\"X\" class=\"amp-wp-enforced-sizes\" style=\"width:40px;\"><\/amp-img><\/a><\/div><div class=\"heateorSssClear\"><\/div><\/div>","protected":false},"author":1,"featured_media":4738,"comment_status":"open","ping_status":"open","sticky":false,"template":"","format":"standard","meta":{"colormag_page_layout":"default_layout","footnotes":""},"categories":[6,9,7],"tags":[1413,26,1414,1412],"ppma_author":[37],"class_list":["post-4733","post","type-post","status-publish","format-standard","has-post-thumbnail","hentry","category-cultura","category-historia","category-internacionales","tag-50-anos","tag-chile","tag-cia","tag-salvador-allende"],"authors":[{"term_id":37,"user_id":1,"is_guest":0,"slug":"alberterie","display_name":"Administrador","avatar_url":"https:\/\/secure.gravatar.com\/avatar\/c7c20c93c5f4c81e7a7dc9b02a42095ae8875c9af446129683aaa06faf7fd1f3?s=96&d=mm&r=g","author_category":"","user_url":"https:\/\/www.radiomajaguabo.icrt.cu","last_name":"Alberterie Rivero","first_name":"Pedro","job_title":"","description":""}],"amp_enabled":true,"_links":{"self":[{"href":"https:\/\/www.radiomajaguabo.icrt.cu\/index.php?rest_route=\/wp\/v2\/posts\/4733","targetHints":{"allow":["GET"]}}],"collection":[{"href":"https:\/\/www.radiomajaguabo.icrt.cu\/index.php?rest_route=\/wp\/v2\/posts"}],"about":[{"href":"https:\/\/www.radiomajaguabo.icrt.cu\/index.php?rest_route=\/wp\/v2\/types\/post"}],"author":[{"embeddable":true,"href":"https:\/\/www.radiomajaguabo.icrt.cu\/index.php?rest_route=\/wp\/v2\/users\/1"}],"replies":[{"embeddable":true,"href":"https:\/\/www.radiomajaguabo.icrt.cu\/index.php?rest_route=%2Fwp%2Fv2%2Fcomments&post=4733"}],"version-history":[{"count":1,"href":"https:\/\/www.radiomajaguabo.icrt.cu\/index.php?rest_route=\/wp\/v2\/posts\/4733\/revisions"}],"predecessor-version":[{"id":4739,"href":"https:\/\/www.radiomajaguabo.icrt.cu\/index.php?rest_route=\/wp\/v2\/posts\/4733\/revisions\/4739"}],"wp:featuredmedia":[{"embeddable":true,"href":"https:\/\/www.radiomajaguabo.icrt.cu\/index.php?rest_route=\/wp\/v2\/media\/4738"}],"wp:attachment":[{"href":"https:\/\/www.radiomajaguabo.icrt.cu\/index.php?rest_route=%2Fwp%2Fv2%2Fmedia&parent=4733"}],"wp:term":[{"taxonomy":"category","embeddable":true,"href":"https:\/\/www.radiomajaguabo.icrt.cu\/index.php?rest_route=%2Fwp%2Fv2%2Fcategories&post=4733"},{"taxonomy":"post_tag","embeddable":true,"href":"https:\/\/www.radiomajaguabo.icrt.cu\/index.php?rest_route=%2Fwp%2Fv2%2Ftags&post=4733"},{"taxonomy":"author","embeddable":true,"href":"https:\/\/www.radiomajaguabo.icrt.cu\/index.php?rest_route=%2Fwp%2Fv2%2Fppma_author&post=4733"}],"curies":[{"name":"wp","href":"https:\/\/api.w.org\/{rel}","templated":true}]}}