{"id":4732,"date":"2023-09-05T13:35:31","date_gmt":"2023-09-05T13:35:31","guid":{"rendered":"https:\/\/www.radiomajaguabo.icrt.cu\/?p=4732"},"modified":"2023-09-05T13:44:23","modified_gmt":"2023-09-05T13:44:23","slug":"felicita-raul-a-la-marina-de-guerra-revolucionaria","status":"publish","type":"post","link":"https:\/\/www.radiomajaguabo.icrt.cu\/?p=4732","title":{"rendered":"Felicita Ra\u00fal a la Marina de Guerra Revolucionaria"},"content":{"rendered":"<p>La Habana, Cuba. \u2013 El l\u00edder de la Revoluci\u00f3n Cubana, General de Ej\u00e9rcito Ra\u00fal Castro Ruz, felicit\u00f3 a la Marina de Guerra Revolucionaria en ocasi\u00f3n del aniversario 60 de ese \u00f3rgano de mando y el 66 del levantamiento en Cienfuegos contra la dictadura de Batista.<!--more--><\/p>\n<p>Tomado de Radio Reloj<\/p>\n<p><em><strong>La historia de la Marina de Guerra Revolucionaria recoge la participaci\u00f3n de sus integrantes en diversas misiones combativas, y en el perfeccionamiento de la capacidad defensiva del pa\u00eds; lo que unido al ejemplar comportamiento de sus miembros, los ha hecho acreedores de la confianza del pueblo,<\/strong><\/em> expres\u00f3 Ra\u00fal.<\/p>\n<p><img loading=\"lazy\" decoding=\"async\" class=\"aligncenter wp-image-496613 size-full\" src=\"https:\/\/www.radioreloj.cu\/wp-content\/uploads\/2023\/09\/F5QLbF2WAAEI74Q.jpg\" sizes=\"auto, (max-width: 504px) 100vw, 504px\" srcset=\"https:\/\/www.radioreloj.cu\/wp-content\/uploads\/2023\/09\/F5QLbF2WAAEI74Q.jpg 504w, https:\/\/www.radioreloj.cu\/wp-content\/uploads\/2023\/09\/F5QLbF2WAAEI74Q-222x300.jpg 222w\" alt=\"\" width=\"504\" height=\"680\" \/><\/p>\n<p>Desde sus inicios, la Marina ha protegido al pa\u00eds de ataques piratas de la contrarrevoluci\u00f3n radicada fundamentalmente, en Estados Unidos.<\/p>\n<p>Al felicitarlos en este nuevo aniversario Ra\u00fal los convoc\u00f3 a continuar haciendo realidad lo planteado por el L\u00edder Hist\u00f3rico Fidel Castro Ruz, de que sea esta siempre una <em><strong>Marina de Patria o Muerte!<\/strong><\/em><\/p>\n<p><img loading=\"lazy\" decoding=\"async\" class=\"aligncenter wp-image-496615 size-full\" src=\"https:\/\/www.radioreloj.cu\/wp-content\/uploads\/2023\/09\/F5G8cFYWMAA8NE2.jpg\" sizes=\"auto, (max-width: 680px) 100vw, 680px\" srcset=\"https:\/\/www.radioreloj.cu\/wp-content\/uploads\/2023\/09\/F5G8cFYWMAA8NE2.jpg 680w, https:\/\/www.radioreloj.cu\/wp-content\/uploads\/2023\/09\/F5G8cFYWMAA8NE2-300x300.jpg 300w, https:\/\/www.radioreloj.cu\/wp-content\/uploads\/2023\/09\/F5G8cFYWMAA8NE2-150x150.jpg 150w\" alt=\"\" width=\"680\" height=\"680\" \/><\/p>\n","protected":false},"excerpt":{"rendered":"<p>La Habana, Cuba. \u2013 El l\u00edder de la Revoluci\u00f3n Cubana, General de Ej\u00e9rcito Ra\u00fal Castro Ruz, felicit\u00f3 a la Marina<\/p>\n<div class='heateor_sss_sharing_container heateor_sss_vertical_sharing heateor_sss_bottom_sharing' style='width:44px;left: -10px;top: 100px;-webkit-box-shadow:none;box-shadow:none;' ><div class=\"heateor_sss_sharing_ul\"><a class=\"heateor_sss_amp heateor_sss_amp_facebook\" href=\"https:\/\/www.facebook.com\/sharer\/sharer.php?u=https%3A%2F%2Fwww.radiomajaguabo.icrt.cu%2Findex.php%3Frest_route%3D%252Fwp%252Fv2%252Fposts%252F4732\" title=\"Facebook\" rel=\"nofollow noopener\" target=\"_blank\"><amp-img src=\"https:\/\/www.radiomajaguabo.icrt.cu\/wp-content\/plugins\/sassy-social-share\/public\/..\/images\/amp\/facebook.svg\" width=\"40\" height=\"40\" alt=\"Facebook\" class=\"amp-wp-enforced-sizes\" style=\"width: 40px;\"><\/amp-img><\/a><a class=\"heateor_sss_amp heateor_sss_amp_linkedin\" href=\"https:\/\/www.linkedin.com\/sharing\/share-offsite\/?url=https%3A%2F%2Fwww.radiomajaguabo.icrt.cu%2Findex.php%3Frest_route%3D%252Fwp%252Fv2%252Fposts%252F4732\" title=\"Linkedin\" rel=\"nofollow noopener\" target=\"_blank\"><amp-img src=\"https:\/\/www.radiomajaguabo.icrt.cu\/wp-content\/plugins\/sassy-social-share\/public\/..\/images\/amp\/linkedin.svg\" width=\"40\" height=\"40\" alt=\"Linkedin\" class=\"amp-wp-enforced-sizes\" style=\"width: 40px;\"><\/amp-img><\/a><a class=\"heateor_sss_amp heateor_sss_amp_whatsapp\" href=\"https:\/\/api.whatsapp.com\/send?text=Radio%20Majaguabo%20-%20Emisora%20Radio%20Majaguabo%2C%20San%20Luis%2C%20Santiago%20de%20Cuba%2C%20Cuba%20https%3A%2F%2Fwww.radiomajaguabo.icrt.cu%2Findex.php%3Frest_route%3D%252Fwp%252Fv2%252Fposts%252F4732\" title=\"Whatsapp\" rel=\"nofollow noopener\" target=\"_blank\"><amp-img src=\"https:\/\/www.radiomajaguabo.icrt.cu\/wp-content\/plugins\/sassy-social-share\/public\/..\/images\/amp\/whatsapp.svg\" width=\"40\" height=\"40\" alt=\"Whatsapp\" class=\"amp-wp-enforced-sizes\" style=\"width: 40px;\"><\/amp-img><\/a><a class=\"heateor_sss_amp heateor_sss_amp_instagram\" href=\"https:\/\/www.instagram.com\/\" title=\"Instagram\" rel=\"nofollow noopener\" target=\"_blank\"><amp-img src=\"https:\/\/www.radiomajaguabo.icrt.cu\/wp-content\/plugins\/sassy-social-share\/public\/..\/images\/amp\/instagram.svg\" width=\"40\" height=\"40\" alt=\"Instagram\" class=\"amp-wp-enforced-sizes\" style=\"width: 40px;\"><\/amp-img><\/a><a class=\"heateor_sss_amp heateor_sss_amp_x\" href=\"https:\/\/twitter.com\/intent\/tweet?text=Radio%20Majaguabo%20-%20Emisora%20Radio%20Majaguabo%2C%20San%20Luis%2C%20Santiago%20de%20Cuba%2C%20Cuba&url=https%3A%2F%2Fwww.radiomajaguabo.icrt.cu%2Findex.php%3Frest_route%3D%252Fwp%252Fv2%252Fposts%252F4732\" title=\"X\" rel=\"nofollow noopener\" target=\"_blank\"><amp-img src=\"https:\/\/www.radiomajaguabo.icrt.cu\/wp-content\/plugins\/sassy-social-share\/public\/..\/images\/amp\/x.svg\" width=\"40\" height=\"40\" alt=\"X\" class=\"amp-wp-enforced-sizes\" style=\"width:40px;\"><\/amp-img><\/a><\/div><div class=\"heateorSssClear\"><\/div><\/div>","protected":false},"author":1,"featured_media":4736,"comment_status":"open","ping_status":"open","sticky":false,"template":"","format":"standard","meta":{"colormag_page_layout":"default_layout","footnotes":""},"categories":[9,8],"tags":[592,1411,61,181],"ppma_author":[37],"class_list":["post-4732","post","type-post","status-publish","format-standard","has-post-thumbnail","hentry","category-historia","category-nacionales","tag-lider","tag-marina","tag-raul-castro","tag-revolucion-cubana"],"authors":[{"term_id":37,"user_id":1,"is_guest":0,"slug":"alberterie","display_name":"Administrador","avatar_url":"https:\/\/secure.gravatar.com\/avatar\/c7c20c93c5f4c81e7a7dc9b02a42095ae8875c9af446129683aaa06faf7fd1f3?s=96&d=mm&r=g","author_category":"","user_url":"https:\/\/www.radiomajaguabo.icrt.cu","last_name":"Alberterie Rivero","first_name":"Pedro","job_title":"","description":""}],"amp_enabled":true,"_links":{"self":[{"href":"https:\/\/www.radiomajaguabo.icrt.cu\/index.php?rest_route=\/wp\/v2\/posts\/4732","targetHints":{"allow":["GET"]}}],"collection":[{"href":"https:\/\/www.radiomajaguabo.icrt.cu\/index.php?rest_route=\/wp\/v2\/posts"}],"about":[{"href":"https:\/\/www.radiomajaguabo.icrt.cu\/index.php?rest_route=\/wp\/v2\/types\/post"}],"author":[{"embeddable":true,"href":"https:\/\/www.radiomajaguabo.icrt.cu\/index.php?rest_route=\/wp\/v2\/users\/1"}],"replies":[{"embeddable":true,"href":"https:\/\/www.radiomajaguabo.icrt.cu\/index.php?rest_route=%2Fwp%2Fv2%2Fcomments&post=4732"}],"version-history":[{"count":3,"href":"https:\/\/www.radiomajaguabo.icrt.cu\/index.php?rest_route=\/wp\/v2\/posts\/4732\/revisions"}],"predecessor-version":[{"id":4741,"href":"https:\/\/www.radiomajaguabo.icrt.cu\/index.php?rest_route=\/wp\/v2\/posts\/4732\/revisions\/4741"}],"wp:featuredmedia":[{"embeddable":true,"href":"https:\/\/www.radiomajaguabo.icrt.cu\/index.php?rest_route=\/wp\/v2\/media\/4736"}],"wp:attachment":[{"href":"https:\/\/www.radiomajaguabo.icrt.cu\/index.php?rest_route=%2Fwp%2Fv2%2Fmedia&parent=4732"}],"wp:term":[{"taxonomy":"category","embeddable":true,"href":"https:\/\/www.radiomajaguabo.icrt.cu\/index.php?rest_route=%2Fwp%2Fv2%2Fcategories&post=4732"},{"taxonomy":"post_tag","embeddable":true,"href":"https:\/\/www.radiomajaguabo.icrt.cu\/index.php?rest_route=%2Fwp%2Fv2%2Ftags&post=4732"},{"taxonomy":"author","embeddable":true,"href":"https:\/\/www.radiomajaguabo.icrt.cu\/index.php?rest_route=%2Fwp%2Fv2%2Fppma_author&post=4732"}],"curies":[{"name":"wp","href":"https:\/\/api.w.org\/{rel}","templated":true}]}}