{"id":4718,"date":"2023-09-04T13:44:12","date_gmt":"2023-09-04T13:44:12","guid":{"rendered":"https:\/\/www.radiomajaguabo.icrt.cu\/?p=4718"},"modified":"2023-09-04T13:45:37","modified_gmt":"2023-09-04T13:45:37","slug":"brasil-por-impulsar-comercio-y-reconstruir-lazos-con-cuba","status":"publish","type":"post","link":"https:\/\/www.radiomajaguabo.icrt.cu\/?p=4718","title":{"rendered":"Brasil por impulsar comercio y reconstruir lazos con Cuba"},"content":{"rendered":"<section class=\"elementor-section elementor-top-section elementor-element elementor-element-12604add elementor-section-boxed elementor-section-height-default elementor-section-height-default\" data-id=\"12604add\" data-element_type=\"section\">\n<div class=\"elementor-container elementor-column-gap-default\">\n<div class=\"elementor-column elementor-col-66 elementor-top-column elementor-element elementor-element-69e048c9\" data-id=\"69e048c9\" data-element_type=\"column\">\n<div class=\"elementor-widget-wrap elementor-element-populated e-swiper-container\">\n<div class=\"elementor-element elementor-element-44014e52 elementor-widget elementor-widget-theme-post-excerpt\" data-id=\"44014e52\" data-element_type=\"widget\" data-widget_type=\"theme-post-excerpt.default\">\n<div class=\"elementor-widget-container\">Brasilia, 4 sep (Prensa Latina) Una delegaci\u00f3n de unos 30 empresarios brasile\u00f1os viajar\u00e1 hoy a La Habana para impulsar el comercio con Cuba y reconstruir las relaciones bilaterales, como paso m\u00e1s reciente del Gobierno del presidente Luiz In\u00e1cio Lula da Silva.<\/div>\n<\/div>\n<\/div>\n<\/div>\n<\/div>\n<\/section>\n<p><!--more--><\/p>\n<div class=\"elementor-element elementor-element-560e1f7e elementor-widget elementor-widget-theme-post-content\" data-id=\"560e1f7e\" data-element_type=\"widget\" data-widget_type=\"theme-post-content.default\">\n<div class=\"elementor-widget-container\">\n<p>Medios period\u00edsticos, que citan a fuentes oficiales, aseguran que la misi\u00f3n de cuatro d\u00edas tendr\u00e1 lugar antes del viaje de Lula a la isla caribe\u00f1a, donde se reunir\u00e1 con su par cubano, Miguel D\u00edaz-Canel, y participar\u00e1 en las reuniones del Grupo de los 77 m\u00e1s China (15 y 16 de septiembre), una cumbre econ\u00f3mica de Naciones Unidas con pa\u00edses en desarrollo.<\/p>\n<p>La revista Exame indica que los lazos de Brasil con Cuba se deterioraron bajo la administraci\u00f3n del exmandatario de tendencia ultraderechista Jair Bolsonaro (2019-2022), aunque nunca se rompieron del todo.<\/p>\n<p>Se\u00f1ala que \u00abdesde que asumi\u00f3 el cargo en enero, Lula ha buscado reconstruir las relaciones con La Habana y Venezuela, y se reuni\u00f3 con D\u00edaz-Canel al margen de una cumbre financiera global en Par\u00eds a principios de este a\u00f1o\u00bb.<\/p>\n<p>Esto cre\u00f3 una apertura para empresarios ansiosos por reforzar las relaciones comerciales, seg\u00fan Jorge Viana, presidente de la Agencia Brasile\u00f1a de Promoci\u00f3n de Exportaciones e Inversiones (APEX), que lidera el viaje. \u00abTenemos la oportunidad de retomar nuestras relaciones comerciales despu\u00e9s que el gobierno brasile\u00f1o anterior dej\u00f3 de lado a Cuba\u00bb, apunta Viana en un comunicado.<\/p>\n<p>\u00abNo tiene sentido que Brasil d\u00e9 la espalda a los pa\u00edses de Centroam\u00e9rica y el Caribe, incluyendo a Cuba, como hicimos en los \u00faltimos cuatro a\u00f1os\u00bb, refiere.<\/p>\n<p>Brasil es el cuarto mayor proveedor de bienes para Cuba, detr\u00e1s solo de Espa\u00f1a, China y Estados Unidos, seg\u00fan la APEX.<\/p>\n<p>Pero el volumen de sus exportaciones en 2022 fue poco m\u00e1s de la mitad de lo que envi\u00f3 a la isla hace 10 a\u00f1os.<\/p>\n<p>El viaje incluir\u00e1 empresarios de los sectores del transporte a\u00e9reo, agricultura, energ\u00eda y salud.<\/p>\n<p>La APEX precisa que alimentos, maquinaria industrial, equipos de transporte y productos qu\u00edmicos son las \u00e1reas con mayores oportunidades de exportaci\u00f3n a Cuba.<\/p>\n<p>Tambi\u00e9n espera la creaci\u00f3n de una ruta a\u00e9rea comercial que una Sao Paulo y La Habana, revela el comunicado.<\/p>\n<p>El excanciller Celso Amorim, jefe de la Asesor\u00eda Especial de la Presidencia de Brasil, declar\u00f3 en agosto que su reciente visita a La Habana \u00abfue una determinaci\u00f3n expresa\u00bb de Lula \u00abpara simbolizar el inter\u00e9s en las relaciones pol\u00edticas\u00bb.<\/p>\n<p>Confirm\u00f3 la visita de empresarios brasile\u00f1os a Cuba que abarcar\u00e1 \u00abvarias cuestiones, incluyendo la agricultura\u00bb. Expertos del Ministerio de Salud tambi\u00e9n visitar\u00e1n la naci\u00f3n caribe\u00f1a, corrobor\u00f3.<\/p>\n<p>Detall\u00f3 que el hecho de que Lula lo haya enviado con una carta \u00absimboliza el deseo de acercar Brasil a Cuba. Volver a mejorar, si es posible, la relaci\u00f3n, que era muy cercana y seguir\u00e1 siendo as\u00ed\u00bb, subray\u00f3.<\/p>\n<\/div>\n<\/div>\n","protected":false},"excerpt":{"rendered":"<p>Brasilia, 4 sep (Prensa Latina) Una delegaci\u00f3n de unos 30 empresarios brasile\u00f1os viajar\u00e1 hoy a La Habana para impulsar el<\/p>\n<div class='heateor_sss_sharing_container heateor_sss_vertical_sharing heateor_sss_bottom_sharing' style='width:44px;left: -10px;top: 100px;-webkit-box-shadow:none;box-shadow:none;' ><div class=\"heateor_sss_sharing_ul\"><a class=\"heateor_sss_amp heateor_sss_amp_facebook\" href=\"https:\/\/www.facebook.com\/sharer\/sharer.php?u=https%3A%2F%2Fwww.radiomajaguabo.icrt.cu%2Findex.php%3Frest_route%3D%252Fwp%252Fv2%252Fposts%252F4718\" title=\"Facebook\" rel=\"nofollow noopener\" target=\"_blank\"><amp-img src=\"https:\/\/www.radiomajaguabo.icrt.cu\/wp-content\/plugins\/sassy-social-share\/public\/..\/images\/amp\/facebook.svg\" width=\"40\" height=\"40\" alt=\"Facebook\" class=\"amp-wp-enforced-sizes\" style=\"width: 40px;\"><\/amp-img><\/a><a class=\"heateor_sss_amp heateor_sss_amp_linkedin\" href=\"https:\/\/www.linkedin.com\/sharing\/share-offsite\/?url=https%3A%2F%2Fwww.radiomajaguabo.icrt.cu%2Findex.php%3Frest_route%3D%252Fwp%252Fv2%252Fposts%252F4718\" title=\"Linkedin\" rel=\"nofollow noopener\" target=\"_blank\"><amp-img src=\"https:\/\/www.radiomajaguabo.icrt.cu\/wp-content\/plugins\/sassy-social-share\/public\/..\/images\/amp\/linkedin.svg\" width=\"40\" height=\"40\" alt=\"Linkedin\" class=\"amp-wp-enforced-sizes\" style=\"width: 40px;\"><\/amp-img><\/a><a class=\"heateor_sss_amp heateor_sss_amp_whatsapp\" href=\"https:\/\/api.whatsapp.com\/send?text=Radio%20Majaguabo%20-%20Emisora%20Radio%20Majaguabo%2C%20San%20Luis%2C%20Santiago%20de%20Cuba%2C%20Cuba%20https%3A%2F%2Fwww.radiomajaguabo.icrt.cu%2Findex.php%3Frest_route%3D%252Fwp%252Fv2%252Fposts%252F4718\" title=\"Whatsapp\" rel=\"nofollow noopener\" target=\"_blank\"><amp-img src=\"https:\/\/www.radiomajaguabo.icrt.cu\/wp-content\/plugins\/sassy-social-share\/public\/..\/images\/amp\/whatsapp.svg\" width=\"40\" height=\"40\" alt=\"Whatsapp\" class=\"amp-wp-enforced-sizes\" style=\"width: 40px;\"><\/amp-img><\/a><a class=\"heateor_sss_amp heateor_sss_amp_instagram\" href=\"https:\/\/www.instagram.com\/\" title=\"Instagram\" rel=\"nofollow noopener\" target=\"_blank\"><amp-img src=\"https:\/\/www.radiomajaguabo.icrt.cu\/wp-content\/plugins\/sassy-social-share\/public\/..\/images\/amp\/instagram.svg\" width=\"40\" height=\"40\" alt=\"Instagram\" class=\"amp-wp-enforced-sizes\" style=\"width: 40px;\"><\/amp-img><\/a><a class=\"heateor_sss_amp heateor_sss_amp_x\" href=\"https:\/\/twitter.com\/intent\/tweet?text=Radio%20Majaguabo%20-%20Emisora%20Radio%20Majaguabo%2C%20San%20Luis%2C%20Santiago%20de%20Cuba%2C%20Cuba&url=https%3A%2F%2Fwww.radiomajaguabo.icrt.cu%2Findex.php%3Frest_route%3D%252Fwp%252Fv2%252Fposts%252F4718\" title=\"X\" rel=\"nofollow noopener\" target=\"_blank\"><amp-img src=\"https:\/\/www.radiomajaguabo.icrt.cu\/wp-content\/plugins\/sassy-social-share\/public\/..\/images\/amp\/x.svg\" width=\"40\" height=\"40\" alt=\"X\" class=\"amp-wp-enforced-sizes\" style=\"width:40px;\"><\/amp-img><\/a><\/div><div class=\"heateorSssClear\"><\/div><\/div>","protected":false},"author":1,"featured_media":4719,"comment_status":"open","ping_status":"open","sticky":false,"template":"","format":"standard","meta":{"colormag_page_layout":"default_layout","footnotes":""},"categories":[7],"tags":[1404,13,1407,665,1293,1406,1405],"ppma_author":[37,39],"class_list":["post-4718","post","type-post","status-publish","format-standard","has-post-thumbnail","hentry","category-internacionales","tag-brasilia","tag-cuba","tag-impulsar-comercio","tag-la-habana","tag-prensa-latina","tag-presidente-luiz-inacio-lula-da-silva","tag-relaciones-bilaterales"],"authors":[{"term_id":37,"user_id":1,"is_guest":0,"slug":"alberterie","display_name":"Administrador","avatar_url":"https:\/\/secure.gravatar.com\/avatar\/c7c20c93c5f4c81e7a7dc9b02a42095ae8875c9af446129683aaa06faf7fd1f3?s=96&d=mm&r=g","author_category":"","user_url":"https:\/\/www.radiomajaguabo.icrt.cu","last_name":"Alberterie Rivero","first_name":"Pedro","job_title":"","description":""},{"term_id":39,"user_id":10,"is_guest":0,"slug":"prensa-latina","display_name":"Prensa Latina","avatar_url":"https:\/\/secure.gravatar.com\/avatar\/50c7a3112bb25b21ddc4cf0ff17bac923226a0d4e8814139af94a839af15e315?s=96&d=mm&r=g","author_category":"","user_url":"https:\/\/www.prensa-latina.cu","last_name":"","first_name":"Prensa Latina","job_title":"","description":""}],"amp_enabled":true,"_links":{"self":[{"href":"https:\/\/www.radiomajaguabo.icrt.cu\/index.php?rest_route=\/wp\/v2\/posts\/4718","targetHints":{"allow":["GET"]}}],"collection":[{"href":"https:\/\/www.radiomajaguabo.icrt.cu\/index.php?rest_route=\/wp\/v2\/posts"}],"about":[{"href":"https:\/\/www.radiomajaguabo.icrt.cu\/index.php?rest_route=\/wp\/v2\/types\/post"}],"author":[{"embeddable":true,"href":"https:\/\/www.radiomajaguabo.icrt.cu\/index.php?rest_route=\/wp\/v2\/users\/1"}],"replies":[{"embeddable":true,"href":"https:\/\/www.radiomajaguabo.icrt.cu\/index.php?rest_route=%2Fwp%2Fv2%2Fcomments&post=4718"}],"version-history":[{"count":3,"href":"https:\/\/www.radiomajaguabo.icrt.cu\/index.php?rest_route=\/wp\/v2\/posts\/4718\/revisions"}],"predecessor-version":[{"id":4722,"href":"https:\/\/www.radiomajaguabo.icrt.cu\/index.php?rest_route=\/wp\/v2\/posts\/4718\/revisions\/4722"}],"wp:featuredmedia":[{"embeddable":true,"href":"https:\/\/www.radiomajaguabo.icrt.cu\/index.php?rest_route=\/wp\/v2\/media\/4719"}],"wp:attachment":[{"href":"https:\/\/www.radiomajaguabo.icrt.cu\/index.php?rest_route=%2Fwp%2Fv2%2Fmedia&parent=4718"}],"wp:term":[{"taxonomy":"category","embeddable":true,"href":"https:\/\/www.radiomajaguabo.icrt.cu\/index.php?rest_route=%2Fwp%2Fv2%2Fcategories&post=4718"},{"taxonomy":"post_tag","embeddable":true,"href":"https:\/\/www.radiomajaguabo.icrt.cu\/index.php?rest_route=%2Fwp%2Fv2%2Ftags&post=4718"},{"taxonomy":"author","embeddable":true,"href":"https:\/\/www.radiomajaguabo.icrt.cu\/index.php?rest_route=%2Fwp%2Fv2%2Fppma_author&post=4718"}],"curies":[{"name":"wp","href":"https:\/\/api.w.org\/{rel}","templated":true}]}}