{"id":469,"date":"2022-10-24T14:49:54","date_gmt":"2022-10-24T14:49:54","guid":{"rendered":"https:\/\/localhost\/radiomajaguabo\/?p=469"},"modified":"2022-10-25T15:02:32","modified_gmt":"2022-10-25T15:02:32","slug":"asistio-cuba-a-asamblea-general-de-alianza-solar-internacional","status":"publish","type":"post","link":"https:\/\/www.radiomajaguabo.icrt.cu\/?p=469","title":{"rendered":"Asisti\u00f3 Cuba a Asamblea General de Alianza Solar Internacional"},"content":{"rendered":"<div class=\"elementor-element elementor-element-44014e52 elementor-widget elementor-widget-theme-post-excerpt\" data-id=\"44014e52\" data-element_type=\"widget\" data-widget_type=\"theme-post-excerpt.default\">\n<div class=\"elementor-widget-container\">Nueva Delhi, 24 oct (Prensa Latina) Cuba tiene por meta lograr 100 por ciento de energ\u00eda mediante fuentes renovables, principalmente solar fotovoltaica, se\u00f1al\u00f3 el delegado cubano en la reciente Quinta Asamblea General de la Alianza Solar Internacional (ISA) en India.<\/div>\n<\/div>\n<p><!--more--><\/p>\n<div class=\"elementor-element elementor-element-560e1f7e elementor-widget elementor-widget-theme-post-content\" data-id=\"560e1f7e\" data-element_type=\"widget\" data-widget_type=\"theme-post-content.default\">\n<div class=\"elementor-widget-container\">\n<p>El jefe del Departamento de Energ\u00eda Renovable del Ministerio de Energ\u00eda y Minas de Cuba, Rosell Guerra, dijo en el encuentro celebrado recientemente en Nueva Delhi que es una prioridad del gobierno cubano el garantizar el acceso de la poblaci\u00f3n y la econom\u00eda nacional a un suministro suficiente y seguro de energ\u00eda limpia y sostenible.<\/p>\n<p>Cuba es miembro fundador de ISA desde marzo de 2018 y desde ese momento hasta la fecha las partes sostienen un intercambio permanente dirigido al desarrollo de las fuentes renovables de energ\u00eda, en especial la fotovoltaica.<\/p>\n<p>La isla ostenta el cargo de Vicepresidente para Am\u00e9rica Latina y el Caribe en el ISA durante los dos \u00faltimos a\u00f1os.<\/p>\n<p>De acuerdo con Guerra, incrementar el uso de la energ\u00eda solar a corto plazo, permitir\u00e1 contribuir con la transici\u00f3n global hacia las energ\u00edas limpias y con la independencia energ\u00e9tica. El importante apoyo de ISA permite el desarrollo de varios proyectos, dentro de ello se incluye el m\u00e1s grande que se implementa en Cuba para la instalaci\u00f3n de mil 150 Megavatios (MW) en parques solares con 150 MW de acumulaci\u00f3n, se\u00f1al\u00f3 el funcionario caribe\u00f1o.<\/p>\n<p>Este proyecto tendr\u00e1 un notable impacto en el cambio de la matriz energ\u00e9tica de Cuba y se espera reducir al m\u00ednimo el consumo de combustible di\u00e9sel en la generaci\u00f3n de electricidad en el horario del d\u00eda y con ello mejorar la econom\u00eda de la isla, acot\u00f3.<\/p>\n<p>El embajador Alejandro Simancas, el director de Energ\u00eda Renovable de la Uni\u00f3n El\u00e9ctrica, Ovel Concepci\u00f3n D\u00edaz, y el diplom\u00e1tico Abel Aballe, integraron tambi\u00e9n la delegaci\u00f3n cubana al foro.<\/p>\n<p>Como parte del programa desarrollado en el marco de la Asamblea, la representaci\u00f3n cubana sostuvo un encuentro con el director general del ISA, Ajay Mathur y el intercambio resalt\u00f3 el aporte de Cuba al crecimiento y fortalecimiento de la organizaci\u00f3n, en su condici\u00f3n de miembro fundador del ISA y su Vicepresidente para Am\u00e9rica Latina y el Caribe. Ambas partes reafirmaron el compromiso por seguir trabajando de conjunto en la expansi\u00f3n del aprovechamiento de esta fuente de energ\u00eda renovable a nivel global, particularmente en la regi\u00f3n del Caribe.<\/p>\n<p>mem\/abm<\/p>\n<\/div>\n<\/div>\n<div class=\"elementor-element elementor-element-1fdbd0a elementor-widget elementor-widget-post-info\" data-id=\"1fdbd0a\" data-element_type=\"widget\" data-widget_type=\"post-info.default\">\n<div class=\"elementor-widget-container\">\n<ul class=\"elementor-inline-items elementor-icon-list-items elementor-post-info\">\n<li class=\"elementor-icon-list-item elementor-repeater-item-170494c elementor-inline-item\"><span class=\"elementor-icon-list-text elementor-post-info__item elementor-post-info__item--type-custom\"> #<a href=\"https:\/\/www.prensa-latina.cu\/tags\/cuba\" rel=\"tag noopener\" target=\"_blank\">cuba<\/a> #<a href=\"https:\/\/www.prensa-latina.cu\/tags\/energia\" rel=\"tag noopener\" target=\"_blank\">energ\u00eda<\/a> #<a href=\"https:\/\/www.prensa-latina.cu\/tags\/india\" rel=\"tag noopener\" target=\"_blank\">india<\/a> #<a href=\"https:\/\/www.prensa-latina.cu\/tags\/isa\" rel=\"tag noopener\" target=\"_blank\">isa<\/a> #<a href=\"https:\/\/www.prensa-latina.cu\/tags\/solar\" rel=\"tag noopener\" target=\"_blank\">solar<\/a> <\/span><\/li>\n<\/ul>\n<\/div>\n<\/div>\n","protected":false},"excerpt":{"rendered":"<p>Nueva Delhi, 24 oct (Prensa Latina) Cuba tiene por meta lograr 100 por ciento de energ\u00eda mediante fuentes renovables, principalmente<\/p>\n<div class='heateor_sss_sharing_container heateor_sss_vertical_sharing heateor_sss_bottom_sharing' style='width:44px;left: -10px;top: 100px;-webkit-box-shadow:none;box-shadow:none;' ><div class=\"heateor_sss_sharing_ul\"><a class=\"heateor_sss_amp heateor_sss_amp_facebook\" href=\"https:\/\/www.facebook.com\/sharer\/sharer.php?u=https%3A%2F%2Fwww.radiomajaguabo.icrt.cu%2Findex.php%3Frest_route%3D%252Fwp%252Fv2%252Fposts%252F469\" title=\"Facebook\" rel=\"nofollow noopener\" target=\"_blank\"><amp-img src=\"https:\/\/www.radiomajaguabo.icrt.cu\/wp-content\/plugins\/sassy-social-share\/public\/..\/images\/amp\/facebook.svg\" width=\"40\" height=\"40\" alt=\"Facebook\" class=\"amp-wp-enforced-sizes\" style=\"width: 40px;\"><\/amp-img><\/a><a class=\"heateor_sss_amp heateor_sss_amp_linkedin\" href=\"https:\/\/www.linkedin.com\/sharing\/share-offsite\/?url=https%3A%2F%2Fwww.radiomajaguabo.icrt.cu%2Findex.php%3Frest_route%3D%252Fwp%252Fv2%252Fposts%252F469\" title=\"Linkedin\" rel=\"nofollow noopener\" target=\"_blank\"><amp-img src=\"https:\/\/www.radiomajaguabo.icrt.cu\/wp-content\/plugins\/sassy-social-share\/public\/..\/images\/amp\/linkedin.svg\" width=\"40\" height=\"40\" alt=\"Linkedin\" class=\"amp-wp-enforced-sizes\" style=\"width: 40px;\"><\/amp-img><\/a><a class=\"heateor_sss_amp heateor_sss_amp_whatsapp\" href=\"https:\/\/api.whatsapp.com\/send?text=Radio%20Majaguabo%20-%20Emisora%20Radio%20Majaguabo%2C%20San%20Luis%2C%20Santiago%20de%20Cuba%2C%20Cuba%20https%3A%2F%2Fwww.radiomajaguabo.icrt.cu%2Findex.php%3Frest_route%3D%252Fwp%252Fv2%252Fposts%252F469\" title=\"Whatsapp\" rel=\"nofollow noopener\" target=\"_blank\"><amp-img src=\"https:\/\/www.radiomajaguabo.icrt.cu\/wp-content\/plugins\/sassy-social-share\/public\/..\/images\/amp\/whatsapp.svg\" width=\"40\" height=\"40\" alt=\"Whatsapp\" class=\"amp-wp-enforced-sizes\" style=\"width: 40px;\"><\/amp-img><\/a><a class=\"heateor_sss_amp heateor_sss_amp_instagram\" href=\"https:\/\/www.instagram.com\/\" title=\"Instagram\" rel=\"nofollow noopener\" target=\"_blank\"><amp-img src=\"https:\/\/www.radiomajaguabo.icrt.cu\/wp-content\/plugins\/sassy-social-share\/public\/..\/images\/amp\/instagram.svg\" width=\"40\" height=\"40\" alt=\"Instagram\" class=\"amp-wp-enforced-sizes\" style=\"width: 40px;\"><\/amp-img><\/a><a class=\"heateor_sss_amp heateor_sss_amp_x\" href=\"https:\/\/twitter.com\/intent\/tweet?text=Radio%20Majaguabo%20-%20Emisora%20Radio%20Majaguabo%2C%20San%20Luis%2C%20Santiago%20de%20Cuba%2C%20Cuba&url=https%3A%2F%2Fwww.radiomajaguabo.icrt.cu%2Findex.php%3Frest_route%3D%252Fwp%252Fv2%252Fposts%252F469\" title=\"X\" rel=\"nofollow noopener\" target=\"_blank\"><amp-img src=\"https:\/\/www.radiomajaguabo.icrt.cu\/wp-content\/plugins\/sassy-social-share\/public\/..\/images\/amp\/x.svg\" width=\"40\" height=\"40\" alt=\"X\" class=\"amp-wp-enforced-sizes\" style=\"width:40px;\"><\/amp-img><\/a><\/div><div class=\"heateorSssClear\"><\/div><\/div>","protected":false},"author":10,"featured_media":508,"comment_status":"open","ping_status":"open","sticky":false,"template":"","format":"standard","meta":{"colormag_page_layout":"default_layout","footnotes":""},"categories":[7],"tags":[275,13],"ppma_author":[39],"class_list":["post-469","post","type-post","status-publish","format-standard","has-post-thumbnail","hentry","category-internacionales","tag-alianza-solar-internacional","tag-cuba"],"authors":[{"term_id":39,"user_id":10,"is_guest":0,"slug":"prensa-latina","display_name":"Prensa Latina","avatar_url":"https:\/\/secure.gravatar.com\/avatar\/50c7a3112bb25b21ddc4cf0ff17bac923226a0d4e8814139af94a839af15e315?s=96&d=mm&r=g","author_category":"","user_url":"https:\/\/www.prensa-latina.cu","last_name":"","first_name":"Prensa Latina","job_title":"","description":""}],"amp_enabled":true,"_links":{"self":[{"href":"https:\/\/www.radiomajaguabo.icrt.cu\/index.php?rest_route=\/wp\/v2\/posts\/469","targetHints":{"allow":["GET"]}}],"collection":[{"href":"https:\/\/www.radiomajaguabo.icrt.cu\/index.php?rest_route=\/wp\/v2\/posts"}],"about":[{"href":"https:\/\/www.radiomajaguabo.icrt.cu\/index.php?rest_route=\/wp\/v2\/types\/post"}],"author":[{"embeddable":true,"href":"https:\/\/www.radiomajaguabo.icrt.cu\/index.php?rest_route=\/wp\/v2\/users\/10"}],"replies":[{"embeddable":true,"href":"https:\/\/www.radiomajaguabo.icrt.cu\/index.php?rest_route=%2Fwp%2Fv2%2Fcomments&post=469"}],"version-history":[{"count":1,"href":"https:\/\/www.radiomajaguabo.icrt.cu\/index.php?rest_route=\/wp\/v2\/posts\/469\/revisions"}],"predecessor-version":[{"id":471,"href":"https:\/\/www.radiomajaguabo.icrt.cu\/index.php?rest_route=\/wp\/v2\/posts\/469\/revisions\/471"}],"wp:featuredmedia":[{"embeddable":true,"href":"https:\/\/www.radiomajaguabo.icrt.cu\/index.php?rest_route=\/wp\/v2\/media\/508"}],"wp:attachment":[{"href":"https:\/\/www.radiomajaguabo.icrt.cu\/index.php?rest_route=%2Fwp%2Fv2%2Fmedia&parent=469"}],"wp:term":[{"taxonomy":"category","embeddable":true,"href":"https:\/\/www.radiomajaguabo.icrt.cu\/index.php?rest_route=%2Fwp%2Fv2%2Fcategories&post=469"},{"taxonomy":"post_tag","embeddable":true,"href":"https:\/\/www.radiomajaguabo.icrt.cu\/index.php?rest_route=%2Fwp%2Fv2%2Ftags&post=469"},{"taxonomy":"author","embeddable":true,"href":"https:\/\/www.radiomajaguabo.icrt.cu\/index.php?rest_route=%2Fwp%2Fv2%2Fppma_author&post=469"}],"curies":[{"name":"wp","href":"https:\/\/api.w.org\/{rel}","templated":true}]}}