{"id":4686,"date":"2023-08-31T17:34:05","date_gmt":"2023-08-31T17:34:05","guid":{"rendered":"https:\/\/www.radiomajaguabo.icrt.cu\/?p=4686"},"modified":"2023-08-31T17:34:05","modified_gmt":"2023-08-31T17:34:05","slug":"si-eeuu-no-invierte-en-atacar-causas-la-migracion-aumentara-obrador","status":"publish","type":"post","link":"https:\/\/www.radiomajaguabo.icrt.cu\/?p=4686","title":{"rendered":"Si EEUU no invierte en atacar causas la migraci\u00f3n aumentar\u00e1, Obrador"},"content":{"rendered":"<section class=\"elementor-section elementor-top-section elementor-element elementor-element-12604add elementor-section-boxed elementor-section-height-default elementor-section-height-default\" data-id=\"12604add\" data-element_type=\"section\">\n<div class=\"elementor-container elementor-column-gap-default\">\n<div class=\"elementor-column elementor-col-66 elementor-top-column elementor-element elementor-element-69e048c9\" data-id=\"69e048c9\" data-element_type=\"column\">\n<div class=\"elementor-widget-wrap elementor-element-populated e-swiper-container\">\n<div class=\"elementor-element elementor-element-44014e52 elementor-widget elementor-widget-theme-post-excerpt\" data-id=\"44014e52\" data-element_type=\"widget\" data-widget_type=\"theme-post-excerpt.default\">\n<div class=\"elementor-widget-container\">Ciudad de M\u00e9xico, 31 ago (Prensa Latina) Si Estados Unidos no invierte m\u00e1s en programas sociales para atacar las causas de la migraci\u00f3n no se va a resolver el problema, dijo hoy el presidente mexicano, Andr\u00e9s Manuel L\u00f3pez Obrador.<\/div>\n<\/div>\n<\/div>\n<\/div>\n<\/div>\n<\/section>\n<p><!--more--><\/p>\n<div class=\"elementor-element elementor-element-560e1f7e elementor-widget elementor-widget-theme-post-content\" data-id=\"560e1f7e\" data-element_type=\"widget\" data-widget_type=\"theme-post-content.default\">\n<div class=\"elementor-widget-container\">\n<p>En su conferencia de prensa matutina, dijo que no es tanta la inversi\u00f3n que se requiere, pero a veces no se entiende en Estados Unidos. Hay muchos obst\u00e1culos en el congreso estadounidense sobre ese tema con el cual son muy exigentes. Por el contrario no es lo mismo con aprobaciones para el env\u00edo de armas y la entrega de dinero para la guerra en Ucrania donde destinan en un santiam\u00e9n 30 mil y 40 mil millones de d\u00f3lares.<\/p>\n<p>Y para atender el fondo del problema migratorio les cuesta mucho trabajo hacer gastos, aunque no sean tales, sino una inversi\u00f3n, pues es para eliminar un problema que les perjudica relativamente.<\/p>\n<p>Invertimos m\u00e1s nosotros en comparaci\u00f3n con lo que mandan otros pa\u00edses, como el programa sembrando vidas, becas a j\u00f3venes, para lo que destinamos como 150 millones de d\u00f3lares.<\/p>\n<p>Ahora van a asignar un apoyo directo de Estados Unidos a Centroam\u00e9rica solamente 40 millones de d\u00f3lares, lo cual es muy poco.<\/p>\n<p>Record\u00f3 que Washington hab\u00eda dicho que le devolver\u00eda a M\u00e9xico el dinero que hab\u00edan confiscado a un exfuncionario mexicano de finanzas de Coahuila porque es propiedad del gobierno, pero estamos esperando todav\u00eda y ya llevan cuatro meses y no hacen nada. Son como 46 millones de d\u00f3lares.<\/p>\n<p>Estamos esperando porque ese dinero tiene que ir al Instituto para devolver al pueblo lo robado y luego debatir en qu\u00e9 se va a usar.<\/p>\n<p>En los casos de Chiapas, Oaxaca y Veracruz, estamos dando atenci\u00f3n en albergues a los migrantes, pero necesitamos atender las causas y no estar solamente conteni\u00e9ndolos solo para que no pasen al norte por los riesgos que tienen que enfrentar, expres\u00f3.<\/p>\n<p>Ya ven el comportamiento de algunos gobernantes en Estados Unidos como Ron DeSantis en Florida, que los expulsa, los acusa de tr\u00e1fico de drogas cuando se sabe es pura invenci\u00f3n, y lo mismo Greg Abbott, de Texas, con sus boyas alambradas, y es dif\u00edcil que cambien, lo que natura no da Salamanca no otorga, dijo.<\/p>\n<p>Son nuestros vecinos, queremos una buena vecindad, pero tienen que ver sus propios problemas, no la paja en el ojo ajeno sino la viga en el suyo porque hay mucho consumo de drogas y mueren cien mil j\u00f3venes cada a\u00f1o por el consumo de fentanilo.<\/p>\n<p>Tienen que averiguar ese problema, cu\u00e1l es la causa social, qu\u00e9 existe que los j\u00f3venes se van a las drogas y qu\u00e9 est\u00e1n haciendo para evitarlo. Sin embargo, liberaron el consumo de drogas en casi todo Estados Unidos incluso les permiten a los profesionales del basquetbol fumar marihuana cuando deben ser ejemplos para los j\u00f3venes.<\/p>\n<\/div>\n<\/div>\n","protected":false},"excerpt":{"rendered":"<p>Ciudad de M\u00e9xico, 31 ago (Prensa Latina) Si Estados Unidos no invierte m\u00e1s en programas sociales para atacar las causas<\/p>\n<div class='heateor_sss_sharing_container heateor_sss_vertical_sharing heateor_sss_bottom_sharing' style='width:44px;left: -10px;top: 100px;-webkit-box-shadow:none;box-shadow:none;' ><div class=\"heateor_sss_sharing_ul\"><a class=\"heateor_sss_amp heateor_sss_amp_facebook\" href=\"https:\/\/www.facebook.com\/sharer\/sharer.php?u=https%3A%2F%2Fwww.radiomajaguabo.icrt.cu%2Findex.php%3Frest_route%3D%252Fwp%252Fv2%252Fposts%252F4686\" title=\"Facebook\" rel=\"nofollow noopener\" target=\"_blank\"><amp-img src=\"https:\/\/www.radiomajaguabo.icrt.cu\/wp-content\/plugins\/sassy-social-share\/public\/..\/images\/amp\/facebook.svg\" width=\"40\" height=\"40\" alt=\"Facebook\" class=\"amp-wp-enforced-sizes\" style=\"width: 40px;\"><\/amp-img><\/a><a class=\"heateor_sss_amp heateor_sss_amp_linkedin\" href=\"https:\/\/www.linkedin.com\/sharing\/share-offsite\/?url=https%3A%2F%2Fwww.radiomajaguabo.icrt.cu%2Findex.php%3Frest_route%3D%252Fwp%252Fv2%252Fposts%252F4686\" title=\"Linkedin\" rel=\"nofollow noopener\" target=\"_blank\"><amp-img src=\"https:\/\/www.radiomajaguabo.icrt.cu\/wp-content\/plugins\/sassy-social-share\/public\/..\/images\/amp\/linkedin.svg\" width=\"40\" height=\"40\" alt=\"Linkedin\" class=\"amp-wp-enforced-sizes\" style=\"width: 40px;\"><\/amp-img><\/a><a class=\"heateor_sss_amp heateor_sss_amp_whatsapp\" href=\"https:\/\/api.whatsapp.com\/send?text=Radio%20Majaguabo%20-%20Emisora%20Radio%20Majaguabo%2C%20San%20Luis%2C%20Santiago%20de%20Cuba%2C%20Cuba%20https%3A%2F%2Fwww.radiomajaguabo.icrt.cu%2Findex.php%3Frest_route%3D%252Fwp%252Fv2%252Fposts%252F4686\" title=\"Whatsapp\" rel=\"nofollow noopener\" target=\"_blank\"><amp-img src=\"https:\/\/www.radiomajaguabo.icrt.cu\/wp-content\/plugins\/sassy-social-share\/public\/..\/images\/amp\/whatsapp.svg\" width=\"40\" height=\"40\" alt=\"Whatsapp\" class=\"amp-wp-enforced-sizes\" style=\"width: 40px;\"><\/amp-img><\/a><a class=\"heateor_sss_amp heateor_sss_amp_instagram\" href=\"https:\/\/www.instagram.com\/\" title=\"Instagram\" rel=\"nofollow noopener\" target=\"_blank\"><amp-img src=\"https:\/\/www.radiomajaguabo.icrt.cu\/wp-content\/plugins\/sassy-social-share\/public\/..\/images\/amp\/instagram.svg\" width=\"40\" height=\"40\" alt=\"Instagram\" class=\"amp-wp-enforced-sizes\" style=\"width: 40px;\"><\/amp-img><\/a><a class=\"heateor_sss_amp heateor_sss_amp_x\" href=\"https:\/\/twitter.com\/intent\/tweet?text=Radio%20Majaguabo%20-%20Emisora%20Radio%20Majaguabo%2C%20San%20Luis%2C%20Santiago%20de%20Cuba%2C%20Cuba&url=https%3A%2F%2Fwww.radiomajaguabo.icrt.cu%2Findex.php%3Frest_route%3D%252Fwp%252Fv2%252Fposts%252F4686\" title=\"X\" rel=\"nofollow noopener\" target=\"_blank\"><amp-img src=\"https:\/\/www.radiomajaguabo.icrt.cu\/wp-content\/plugins\/sassy-social-share\/public\/..\/images\/amp\/x.svg\" width=\"40\" height=\"40\" alt=\"X\" class=\"amp-wp-enforced-sizes\" style=\"width:40px;\"><\/amp-img><\/a><\/div><div class=\"heateorSssClear\"><\/div><\/div>","protected":false},"author":1,"featured_media":4687,"comment_status":"open","ping_status":"open","sticky":false,"template":"","format":"standard","meta":{"colormag_page_layout":"default_layout","footnotes":""},"categories":[7],"tags":[1395,1393,1293,1394],"ppma_author":[37,39],"class_list":["post-4686","post","type-post","status-publish","format-standard","has-post-thumbnail","hentry","category-internacionales","tag-andres-manuel-lopez-obrador","tag-ciudad-de-mexico","tag-prensa-latina","tag-presidente-mexicano"],"authors":[{"term_id":37,"user_id":1,"is_guest":0,"slug":"alberterie","display_name":"Administrador","avatar_url":"https:\/\/secure.gravatar.com\/avatar\/c7c20c93c5f4c81e7a7dc9b02a42095ae8875c9af446129683aaa06faf7fd1f3?s=96&d=mm&r=g","author_category":"","user_url":"https:\/\/www.radiomajaguabo.icrt.cu","last_name":"Alberterie Rivero","first_name":"Pedro","job_title":"","description":""},{"term_id":39,"user_id":10,"is_guest":0,"slug":"prensa-latina","display_name":"Prensa Latina","avatar_url":"https:\/\/secure.gravatar.com\/avatar\/50c7a3112bb25b21ddc4cf0ff17bac923226a0d4e8814139af94a839af15e315?s=96&d=mm&r=g","author_category":"","user_url":"https:\/\/www.prensa-latina.cu","last_name":"","first_name":"Prensa Latina","job_title":"","description":""}],"amp_enabled":true,"_links":{"self":[{"href":"https:\/\/www.radiomajaguabo.icrt.cu\/index.php?rest_route=\/wp\/v2\/posts\/4686","targetHints":{"allow":["GET"]}}],"collection":[{"href":"https:\/\/www.radiomajaguabo.icrt.cu\/index.php?rest_route=\/wp\/v2\/posts"}],"about":[{"href":"https:\/\/www.radiomajaguabo.icrt.cu\/index.php?rest_route=\/wp\/v2\/types\/post"}],"author":[{"embeddable":true,"href":"https:\/\/www.radiomajaguabo.icrt.cu\/index.php?rest_route=\/wp\/v2\/users\/1"}],"replies":[{"embeddable":true,"href":"https:\/\/www.radiomajaguabo.icrt.cu\/index.php?rest_route=%2Fwp%2Fv2%2Fcomments&post=4686"}],"version-history":[{"count":1,"href":"https:\/\/www.radiomajaguabo.icrt.cu\/index.php?rest_route=\/wp\/v2\/posts\/4686\/revisions"}],"predecessor-version":[{"id":4688,"href":"https:\/\/www.radiomajaguabo.icrt.cu\/index.php?rest_route=\/wp\/v2\/posts\/4686\/revisions\/4688"}],"wp:featuredmedia":[{"embeddable":true,"href":"https:\/\/www.radiomajaguabo.icrt.cu\/index.php?rest_route=\/wp\/v2\/media\/4687"}],"wp:attachment":[{"href":"https:\/\/www.radiomajaguabo.icrt.cu\/index.php?rest_route=%2Fwp%2Fv2%2Fmedia&parent=4686"}],"wp:term":[{"taxonomy":"category","embeddable":true,"href":"https:\/\/www.radiomajaguabo.icrt.cu\/index.php?rest_route=%2Fwp%2Fv2%2Fcategories&post=4686"},{"taxonomy":"post_tag","embeddable":true,"href":"https:\/\/www.radiomajaguabo.icrt.cu\/index.php?rest_route=%2Fwp%2Fv2%2Ftags&post=4686"},{"taxonomy":"author","embeddable":true,"href":"https:\/\/www.radiomajaguabo.icrt.cu\/index.php?rest_route=%2Fwp%2Fv2%2Fppma_author&post=4686"}],"curies":[{"name":"wp","href":"https:\/\/api.w.org\/{rel}","templated":true}]}}