{"id":4553,"date":"2023-08-19T08:57:24","date_gmt":"2023-08-19T08:57:24","guid":{"rendered":"https:\/\/www.radiomajaguabo.icrt.cu\/?p=4553"},"modified":"2023-08-19T15:05:38","modified_gmt":"2023-08-19T15:05:38","slug":"escaner-andy-pereira-el-hijo-olimpico-de-andres-manuel","status":"publish","type":"post","link":"https:\/\/www.radiomajaguabo.icrt.cu\/?p=4553","title":{"rendered":"ESC\u00c1NER: Andy Pereira, el hijo ol\u00edmpico de Andr\u00e9s Manuel\u00a0"},"content":{"rendered":"<section class=\"elementor-section elementor-top-section elementor-element elementor-element-de4f3f5 elementor-section-boxed elementor-section-height-default elementor-section-height-default\" data-id=\"de4f3f5\" data-element_type=\"section\">\n<div class=\"elementor-container elementor-column-gap-default\">\n<div class=\"elementor-column elementor-col-66 elementor-top-column elementor-element elementor-element-d4c9d23\" data-id=\"d4c9d23\" data-element_type=\"column\">\n<div class=\"elementor-widget-wrap elementor-element-populated\">\n<div class=\"elementor-element elementor-element-ecb61f7 elementor-widget elementor-widget-theme-post-excerpt\" data-id=\"ecb61f7\" data-element_type=\"widget\" data-widget_type=\"theme-post-excerpt.default\">\n<div class=\"elementor-widget-container\">La Habana (Prensa Latina) Andr\u00e9s Manuel Pereira supo pronto que su hijo ten\u00eda madera de campe\u00f3n; quiz\u00e1s por eso, aunque participar en una cita bajo los cinco aros parec\u00eda un sue\u00f1o distante, \u00e9l se refer\u00eda a Andy como \u201cel ol\u00edmpico\u201d.<\/div>\n<\/div>\n<section class=\"elementor-section elementor-inner-section elementor-element elementor-element-98284d5 elementor-section-boxed elementor-section-height-default elementor-section-height-default\" data-id=\"98284d5\" data-element_type=\"section\">\n<div class=\"elementor-container elementor-column-gap-default\">\n<div class=\"elementor-column elementor-col-50 elementor-inner-column elementor-element elementor-element-47ab754\" data-id=\"47ab754\" data-element_type=\"column\">\n<div class=\"elementor-widget-wrap elementor-element-populated\">\n<div class=\"dce-visibility-event elementor-element elementor-element-76bacab elementor-widget-mobile__width-auto elementor-widget elementor-widget-heading dce-visibility-event-initialized\" data-id=\"76bacab\" data-element_type=\"widget\" data-settings=\"{&quot;enabled_visibility&quot;:&quot;yes&quot;,&quot;dce_visibility_selected&quot;:&quot;yes&quot;}\" data-widget_type=\"heading.default\">\n<div class=\"elementor-widget-container\"><span class=\"elementor-heading-title elementor-size-default\">Por:<\/span><\/div>\n<\/div>\n<\/div>\n<\/div>\n<div class=\"elementor-column elementor-col-50 elementor-inner-column elementor-element elementor-element-24f547a\" data-id=\"24f547a\" data-element_type=\"column\">\n<div class=\"elementor-widget-wrap elementor-element-populated\">\n<div class=\"elementor-element elementor-element-36ff91a elementor-widget elementor-widget-template\" data-id=\"36ff91a\" data-element_type=\"widget\" data-widget_type=\"template.default\">\n<div class=\"elementor-widget-container\">\n<div class=\"elementor-template\">\n<div class=\"elementor elementor-115515 e-loop-item e-loop-item-535335 post-535335 post type-post status-publish format-standard has-post-thumbnail hentry category-escaner tag-andy-pereira tag-cuba tag-deporte tag-deporte-cubano tag-tenis-de-mesa tema-escaner-deporte-de-alto-rendimiento-historias-de-vida\" data-elementor-type=\"loop-item\" data-elementor-id=\"115515\" data-elementor-post-type=\"elementor_library\" data-custom-edit-handle=\"1\">\n<div class=\"elementor-element elementor-element-42312d8 e-flex e-con-boxed e-con\" data-dce-background-color=\"#E7E7E738\" data-id=\"42312d8\" data-element_type=\"container\" data-settings=\"{&quot;background_background&quot;:&quot;classic&quot;,&quot;content_width&quot;:&quot;boxed&quot;}\">\n<div class=\"e-con-inner\">\n<div class=\"elementor-element elementor-element-66f81d1 e-con-full e-flex e-con\" data-id=\"66f81d1\" data-element_type=\"container\" data-settings=\"{&quot;content_width&quot;:&quot;full&quot;}\">\n<div class=\"dce-fix-background-loop elementor-element elementor-element-b63a6ed elementor-widget__width-initial elementor-widget elementor-widget-dce-acf-repeater-v2\" data-id=\"b63a6ed\" data-element_type=\"widget\" data-settings=\"{&quot;dce_acf_repeater_format&quot;:&quot;grid&quot;}\" data-widget_type=\"dce-acf-repeater-v2.default\">\n<div class=\"elementor-widget-container\">\n<div class=\"dce-acf-repeater\">\n<div class=\"dce-acf-repeater-grid\">\n<div class=\"dce-acf-repeater-item\">\n<p><span class=\"repeater-item elementor-repeater-item-e3cbf14\"><img decoding=\"async\" class=\"lazyloaded\" src=\"https:\/\/www.prensa-latina.cu\/wp-content\/uploads\/2022\/10\/Foto-credito-300x263.jpg\" alt=\"Martha Andr\u00e9s Rom\u00e1n\" data-ll-status=\"loaded\" \/><\/span><span class=\"repeater-item elementor-repeater-item-6df6928\">Martha Andr\u00e9s Rom\u00e1n <\/span><\/p>\n<p class=\"repeater-item elementor-repeater-item-7c21c97\">Editora Jefa de Redacciones Pol\u00edticas<\/p>\n<\/div>\n<\/div>\n<\/div>\n<\/div>\n<\/div>\n<\/div>\n<\/div>\n<\/div>\n<\/div>\n<\/div>\n<\/div>\n<\/div>\n<\/div>\n<\/div>\n<\/div>\n<\/section>\n<\/div>\n<\/div>\n<\/div>\n<\/section>\n<p><!--more--><\/p>\n<div class=\"elementor-element elementor-element-af4a656 elementor-widget elementor-widget-theme-post-content\" data-id=\"af4a656\" data-element_type=\"widget\" data-widget_type=\"theme-post-content.default\">\n<div class=\"elementor-widget-container\">\n<p>Los deseos del orgulloso padre eran osados, pues en un pa\u00eds prol\u00edfico en jugadores de b\u00e9isbol, boxeadores y judocas, su v\u00e1stago hac\u00eda carrera en una disciplina de menos tradici\u00f3n: el tenis de mesa.<\/p>\n<p>Un d\u00eda, del otro lado del tel\u00e9fono, Andy Pereira le anunci\u00f3: \u201cahora s\u00ed puedes llamar a tu hijo el ol\u00edmpico\u201d. Era marzo de 2012, y el joven que hab\u00eda comenzado su paso por el mundo deportivo en el municipio de Marianao, en la capital de Cuba, acababa de ganar en R\u00edo de Janeiro, Brasil, un boleto para los Juegos Ol\u00edmpicos de Londres ese mismo a\u00f1o.<\/p>\n<p><img loading=\"lazy\" decoding=\"async\" class=\"alignnone size-full wp-image-535326 lazyloaded\" src=\"https:\/\/www.prensa-latina.cu\/wp-content\/uploads\/2023\/08\/Foto-2.jpeg\" sizes=\"auto, (max-width: 1004px) 100vw, 1004px\" srcset=\"https:\/\/www.prensa-latina.cu\/wp-content\/uploads\/2023\/08\/Foto-2.jpeg 1004w, https:\/\/www.prensa-latina.cu\/wp-content\/uploads\/2023\/08\/Foto-2-500x382.jpeg 500w, https:\/\/www.prensa-latina.cu\/wp-content\/uploads\/2023\/08\/Foto-2-150x115.jpeg 150w, https:\/\/www.prensa-latina.cu\/wp-content\/uploads\/2023\/08\/Foto-2-768x587.jpeg 768w\" alt=\"\" width=\"1004\" height=\"768\" data-ll-status=\"loaded\" \/><\/p>\n<p>M\u00e1s de una d\u00e9cada despu\u00e9s, al repasar en entrevista con Prensa Latina su trayectoria deportiva, el reconocido tenimesista del pa\u00eds caribe\u00f1o record\u00f3 su participaci\u00f3n en suelo brit\u00e1nico como uno de los momentos m\u00e1s importantes de su carrera.<\/p>\n<p>\u201cAquello fue lo m\u00e1s grande\u201d, resalt\u00f3, y as\u00ed lo confirma un tatuaje en el brazo izquierdo -el mismo con el que maneja la raqueta- en el cual se muestran las fechas de sus dos incursiones en citas estivales.<\/p>\n<p>Indic\u00f3 que, para un atleta de Am\u00e9rica Latina, estar en un evento multideportivo de ese tipo es en s\u00ed mismo un excelente resultado, cuando el principal desarrollo de la disciplina est\u00e1 en otras regiones del mundo.<\/p>\n<p><img loading=\"lazy\" decoding=\"async\" class=\"alignnone size-full wp-image-535329 lazyloaded\" src=\"https:\/\/www.prensa-latina.cu\/wp-content\/uploads\/2023\/08\/Foto-3.jpg\" sizes=\"auto, (max-width: 610px) 100vw, 610px\" srcset=\"https:\/\/www.prensa-latina.cu\/wp-content\/uploads\/2023\/08\/Foto-3.jpg 610w, https:\/\/www.prensa-latina.cu\/wp-content\/uploads\/2023\/08\/Foto-3-500x393.jpg 500w, https:\/\/www.prensa-latina.cu\/wp-content\/uploads\/2023\/08\/Foto-3-150x118.jpg 150w\" alt=\"\" width=\"610\" height=\"480\" data-ll-status=\"loaded\" \/><\/p>\n<p>Sin embargo, y aunque habla con especial emoci\u00f3n de la experiencia londinense, Pereira atesora con gran satisfacci\u00f3n muchos otros acontecimientos de su camino como atleta, desde sus inicios en este deporte \u2014conocido popularmente como ping pong\u2014, con solo siete a\u00f1os, hasta sus m\u00e1s recientes compromisos internacionales.<\/p>\n<p>DE MARIANAO A LONDRES Y R\u00cdO<\/p>\n<p>El joven nacido en 1989 cursaba el segundo grado en una escuela primaria de Marianao cuando un profesor lo seleccion\u00f3 entre un grupo de muchachos a los que ve\u00eda con talento para irrumpir en el deporte.<\/p>\n<p>Durante unos 12 meses se mantuvo practicando en el barrio de Pogolotti, y luego se coron\u00f3 en un torneo provincial de La Habana, a partir de lo cual ingres\u00f3 en la Escuela de Iniciaci\u00f3n Deportiva Escolar (EIDE) Jos\u00e9 Mart\u00ed, donde estuvo alrededor de seis a\u00f1os, para luego pasar directamente al equipo nacional de tenis de mesa.<\/p>\n<p>Pereira indic\u00f3 que, como a todo ni\u00f1o cubano, le gustaba mucho el b\u00e9isbol. \u201cMi pap\u00e1 era pelotero, entonces practicaba con \u00e9l; y adem\u00e1s fue boxeador, me gustaban mucho esos dos deportes\u201d.<\/p>\n<p><img loading=\"lazy\" decoding=\"async\" class=\"alignnone size-full wp-image-535330 lazyloaded\" src=\"https:\/\/www.prensa-latina.cu\/wp-content\/uploads\/2023\/08\/Foto-4.jpeg\" sizes=\"auto, (max-width: 1024px) 100vw, 1024px\" srcset=\"https:\/\/www.prensa-latina.cu\/wp-content\/uploads\/2023\/08\/Foto-4.jpeg 1024w, https:\/\/www.prensa-latina.cu\/wp-content\/uploads\/2023\/08\/Foto-4-500x370.jpeg 500w, https:\/\/www.prensa-latina.cu\/wp-content\/uploads\/2023\/08\/Foto-4-150x111.jpeg 150w, https:\/\/www.prensa-latina.cu\/wp-content\/uploads\/2023\/08\/Foto-4-768x569.jpeg 768w\" alt=\"\" width=\"1024\" height=\"758\" data-ll-status=\"loaded\" \/><\/p>\n<p>Al principio, la pr\u00e1ctica de la disciplina fue como un hobby, pero con la llegada de los triunfos se torn\u00f3 una actividad m\u00e1s seria. En cuarto grado se convirti\u00f3 en campe\u00f3n nacional en la categor\u00eda 9-10 a\u00f1os y el divertimento gan\u00f3 m\u00e1s formalidad. \u201cNos preocup\u00e1bamos por las raquetas, con cu\u00e1l deb\u00eda jugar, los zapatos de la competencia, y as\u00ed poco a poco me fui formando\u201d.<\/p>\n<p>En 2001, en la Ciudad Deportiva de La Habana, lleg\u00f3 su primera competencia internacional, un campeonato latinoamericano en el que obtuvo cuatro medallas de oro.<\/p>\n<p>\u201cYa no eran solamente resultados a nivel nacional, ah\u00ed llegaron personas de Chile, Rep\u00fablica Dominicana y otros pa\u00edses del \u00e1rea\u201d, sostuvo, al recordar que, como ni\u00f1o, no entend\u00eda del todo la magnitud de esos logros, que s\u00ed eran vividos con gran emoci\u00f3n por su familia.<\/p>\n<p>Tres a\u00f1os despu\u00e9s, en Argentina, comenzaron sus participaciones competitivas en otras geograf\u00edas, las cuales pudieron ser abundantes gracias a dos becas que recibi\u00f3 de la Federaci\u00f3n Internacional de Tenis de Mesa en Suecia y Dinamarca.<\/p>\n<p>Su debut en eventos multideportivos ocurri\u00f3 en los Juegos Centroamericanos y del Caribe de Cartagena de Indias, Colombia, en 2006, cuando con solo 16 a\u00f1os alcanz\u00f3 el primer puesto por conjuntos y en dobles para hombres<strong>.<\/strong> De ese modo, abri\u00f3 una senda a la cual sumar\u00eda medallas de oro y plata en esos eventos regionales en Veracruz 2014, Barranquilla 2018 y San Salvador 2023.<\/p>\n<p><img loading=\"lazy\" decoding=\"async\" class=\"alignnone size-full wp-image-535331 lazyloaded\" src=\"https:\/\/www.prensa-latina.cu\/wp-content\/uploads\/2023\/08\/Foto-5.jpg\" sizes=\"auto, (max-width: 1024px) 100vw, 1024px\" srcset=\"https:\/\/www.prensa-latina.cu\/wp-content\/uploads\/2023\/08\/Foto-5.jpg 1024w, https:\/\/www.prensa-latina.cu\/wp-content\/uploads\/2023\/08\/Foto-5-500x333.jpg 500w, https:\/\/www.prensa-latina.cu\/wp-content\/uploads\/2023\/08\/Foto-5-150x100.jpg 150w, https:\/\/www.prensa-latina.cu\/wp-content\/uploads\/2023\/08\/Foto-5-768x512.jpg 768w\" alt=\"\" width=\"1024\" height=\"682\" data-ll-status=\"loaded\" \/><\/p>\n<p>A ese palmar\u00e9s deben sum\u00e1rsele un metal bronceado por equipos en los Juegos Panamericanos de Guadalajara 2011 y Lima 2019; su presencia en los campeonatos mundiales de la disciplina en 2016 y 2019; la mencionada incursi\u00f3n en Londres 2012, donde no alcanz\u00f3 medallas, pero se convirti\u00f3 en el \u00fanico cubano en haber ganado al menos un juego en citas estivales; y una nueva participaci\u00f3n ol\u00edmpica en R\u00edo de Janeiro 2016.<\/p>\n<p>LOS SACRIFICIOS DEL \u00c9XITO<\/p>\n<p>Convertirse en uno de los mejores tenimesistas en la historia de su pa\u00eds y ubicarse en la elite regional ha implicado no pocos sacrificios, desde las fuertes rutinas de entrenamiento hasta el tiempo sin estar en casa.<\/p>\n<p>Desde los 16 a\u00f1os he estado fuera por largos periodos. Siguiendo mi sue\u00f1o de dejar una huella en el tenis de mesa, me he alejado mucho de mi hija, que ya tiene cinco a\u00f1os, nunca he pasado un cumplea\u00f1os con ella. He ganado cosas en el deporte, pero he perdido tambi\u00e9n cosas como padre, reflexion\u00f3.<\/p>\n<p>Sobre sus rutinas habituales de preparaci\u00f3n, afirm\u00f3 que entrena a diario, en las ma\u00f1anas y en las tardes. \u201cEn el tenis de mesa se pierde el toque muy r\u00e1pido, pues si entrenas hoy y descansas dos d\u00edas ya no te sientes igual\u201d.<\/p>\n<p>Acerca de por qu\u00e9 el ping pong en Cuba no ha alcanzado los mismos resultados relevantes a nivel internacional de otras disciplinas, Pereira mencion\u00f3 varias causas, entre ellas, que tradicionalmente en la isla hay deportes de m\u00e1s arraigo, y el hecho de que este en particular resulta costoso.<\/p>\n<p>Hay que tener mesa, raquetas, net, muchas cosas que lo encarecen, y eso dificulta que sea m\u00e1s masivo, por lo cual resulta m\u00e1s dif\u00edcil sacar grandes jugadores, sostuvo el atleta.<\/p>\n<p>Ahora los torneos son muy caros y para los pa\u00edses como el nuestro, que no tenemos grandes posibilidades econ\u00f3micas, se nos hace muy complicada la participaci\u00f3n, agreg\u00f3.<\/p>\n<p>De acuerdo con Pereira, en la naci\u00f3n caribe\u00f1a siempre ha habido mucho talento, pero no han estado los recursos financieros para mostrarlo al resto del orbe. \u201cTuve la suerte de ganar la beca, pero reconozco que antes de m\u00ed hubo jugadores de m\u00e1s clase, que no tuvieron la misma posibilidad\u201d.<\/p>\n<p>Consider\u00f3 que el futuro de esta disciplina en la isla es promisorio. \u201cTenemos buenos atletas j\u00f3venes, con muchos deseos, lo que nos falta a veces es eso, lograr salir afuera, competir, y que el mundo los vea. Ahora est\u00e1n de moda los clubes, pero un club no puede buscarte si no te ha visto, sin saber c\u00f3mo te desempe\u00f1as en competencias, y estamos trabajando para que ellos tengan esa oportunidad\u201d.<\/p>\n<p>&nbsp;<\/p>\n<p>EL CERCANO ADI\u00d3S<\/p>\n<p>Seg\u00fan confes\u00f3 Pereira, para \u00e9l fueron una sorpresa sus resultados en los Centrocaribes celebrados del 23 de junio al 8 de julio en El Salvador, donde alcanz\u00f3 las preseas de oro a nivel individual y en dobles masculino, adem\u00e1s del segundo puesto por equipos, lo cual contribuy\u00f3 a que Cuba dominara el medallero de ese deporte.<\/p>\n<p><img loading=\"lazy\" decoding=\"async\" class=\"alignnone size-full wp-image-535332 lazyloaded\" src=\"https:\/\/www.prensa-latina.cu\/wp-content\/uploads\/2023\/08\/Foto-6.jpg\" sizes=\"auto, (max-width: 922px) 100vw, 922px\" srcset=\"https:\/\/www.prensa-latina.cu\/wp-content\/uploads\/2023\/08\/Foto-6.jpg 922w, https:\/\/www.prensa-latina.cu\/wp-content\/uploads\/2023\/08\/Foto-6-500x416.jpg 500w, https:\/\/www.prensa-latina.cu\/wp-content\/uploads\/2023\/08\/Foto-6-150x125.jpg 150w, https:\/\/www.prensa-latina.cu\/wp-content\/uploads\/2023\/08\/Foto-6-768x640.jpg 768w\" alt=\"\" width=\"922\" height=\"768\" data-ll-status=\"loaded\" \/><\/p>\n<p>No me esperaba volver a ser campe\u00f3n centroamericano en el final de mi carrera, estaba ah\u00ed sobre todo para apoyar a mis compa\u00f1eros, afirm\u00f3.<\/p>\n<p>La expresi\u00f3n \u201cen el final de mi carrera\u201d llam\u00f3 la atenci\u00f3n de esta periodista y llev\u00f3 a preguntar si est\u00e1 pensado en retirarse, ante lo que respondi\u00f3 que los Juegos Panamericanos de Santiago de Chile en octubre y noviembre pr\u00f3ximos pueden ser su \u00faltima competencia.<\/p>\n<p>Hay quienes me dicen que intente ir a otras Olimpiadas, f\u00edsicamente estoy bien, pero el deporte tambi\u00e9n requiere mucho de la mente, expres\u00f3 el atleta, quien se refiri\u00f3 al deseo de estar cerca de sus seres queridos como el motivo principal para tomar esta decisi\u00f3n.<\/p>\n<p>Quisiera dedicarle m\u00e1s tiempo a mi familia, no solo a mi hija, tambi\u00e9n a mis padres, que son cada vez mayores, dijo con ternura el muchacho ol\u00edmpico de Andr\u00e9s Manuel y Mayte Diez, su mam\u00e1.<\/p>\n<p>Acerca de las perspectivas para la capital chilena, estim\u00f3 complicado hacer pron\u00f3sticos, porque hay atletas muy fuertes en el continente, y destac\u00f3 en especial al brasile\u00f1o Hugo Calderano, actual ocupante del cuarto puesto del ranking mundial.<\/p>\n<p>Se\u00f1al\u00f3 que donde m\u00e1s posibilidades tienen de preseas es en el evento por equipos, y resalt\u00f3 que \u00e9l y su compatriota Jorge Mois\u00e9s Campos tambi\u00e9n son fuertes en dobles para hombres, pero habr\u00e1 muchos factores que incidan en el desenlace.<\/p>\n<p>De cualquier modo, acot\u00f3, \u201cvamos a salir a luchar, a ver qu\u00e9 pasa, la mesa siempre va a decir la \u00faltima palabra, por falta de esfuerzos no va a ser\u201d.<\/p>\n<p>Luego de ese compromiso, puede venir la anunciada despedida, pero eso no significa que se alejar\u00e1 del deporte. \u201cTal vez me mantenga activo ayudando a los muchachos, siempre voy a estar, Andy nunca se va a ir, porque el tenis de mesa cubano corre en m\u00ed\u201d, asegur\u00f3.<\/p>\n<\/div>\n<\/div>\n","protected":false},"excerpt":{"rendered":"<p>La Habana (Prensa Latina) Andr\u00e9s Manuel Pereira supo pronto que su hijo ten\u00eda madera de campe\u00f3n; quiz\u00e1s por eso, aunque<\/p>\n<div class='heateor_sss_sharing_container heateor_sss_vertical_sharing heateor_sss_bottom_sharing' style='width:44px;left: -10px;top: 100px;-webkit-box-shadow:none;box-shadow:none;' ><div class=\"heateor_sss_sharing_ul\"><a class=\"heateor_sss_amp heateor_sss_amp_facebook\" href=\"https:\/\/www.facebook.com\/sharer\/sharer.php?u=https%3A%2F%2Fwww.radiomajaguabo.icrt.cu%2Findex.php%3Frest_route%3D%252Fwp%252Fv2%252Fposts%252F4553\" title=\"Facebook\" rel=\"nofollow noopener\" target=\"_blank\"><amp-img src=\"https:\/\/www.radiomajaguabo.icrt.cu\/wp-content\/plugins\/sassy-social-share\/public\/..\/images\/amp\/facebook.svg\" width=\"40\" height=\"40\" alt=\"Facebook\" class=\"amp-wp-enforced-sizes\" style=\"width: 40px;\"><\/amp-img><\/a><a class=\"heateor_sss_amp heateor_sss_amp_linkedin\" href=\"https:\/\/www.linkedin.com\/sharing\/share-offsite\/?url=https%3A%2F%2Fwww.radiomajaguabo.icrt.cu%2Findex.php%3Frest_route%3D%252Fwp%252Fv2%252Fposts%252F4553\" title=\"Linkedin\" rel=\"nofollow noopener\" target=\"_blank\"><amp-img src=\"https:\/\/www.radiomajaguabo.icrt.cu\/wp-content\/plugins\/sassy-social-share\/public\/..\/images\/amp\/linkedin.svg\" width=\"40\" height=\"40\" alt=\"Linkedin\" class=\"amp-wp-enforced-sizes\" style=\"width: 40px;\"><\/amp-img><\/a><a class=\"heateor_sss_amp heateor_sss_amp_whatsapp\" href=\"https:\/\/api.whatsapp.com\/send?text=Radio%20Majaguabo%20-%20Emisora%20Radio%20Majaguabo%2C%20San%20Luis%2C%20Santiago%20de%20Cuba%2C%20Cuba%20https%3A%2F%2Fwww.radiomajaguabo.icrt.cu%2Findex.php%3Frest_route%3D%252Fwp%252Fv2%252Fposts%252F4553\" title=\"Whatsapp\" rel=\"nofollow noopener\" target=\"_blank\"><amp-img src=\"https:\/\/www.radiomajaguabo.icrt.cu\/wp-content\/plugins\/sassy-social-share\/public\/..\/images\/amp\/whatsapp.svg\" width=\"40\" height=\"40\" alt=\"Whatsapp\" class=\"amp-wp-enforced-sizes\" style=\"width: 40px;\"><\/amp-img><\/a><a class=\"heateor_sss_amp heateor_sss_amp_instagram\" href=\"https:\/\/www.instagram.com\/\" title=\"Instagram\" rel=\"nofollow noopener\" target=\"_blank\"><amp-img src=\"https:\/\/www.radiomajaguabo.icrt.cu\/wp-content\/plugins\/sassy-social-share\/public\/..\/images\/amp\/instagram.svg\" width=\"40\" height=\"40\" alt=\"Instagram\" class=\"amp-wp-enforced-sizes\" style=\"width: 40px;\"><\/amp-img><\/a><a class=\"heateor_sss_amp heateor_sss_amp_x\" href=\"https:\/\/twitter.com\/intent\/tweet?text=Radio%20Majaguabo%20-%20Emisora%20Radio%20Majaguabo%2C%20San%20Luis%2C%20Santiago%20de%20Cuba%2C%20Cuba&url=https%3A%2F%2Fwww.radiomajaguabo.icrt.cu%2Findex.php%3Frest_route%3D%252Fwp%252Fv2%252Fposts%252F4553\" title=\"X\" rel=\"nofollow noopener\" target=\"_blank\"><amp-img src=\"https:\/\/www.radiomajaguabo.icrt.cu\/wp-content\/plugins\/sassy-social-share\/public\/..\/images\/amp\/x.svg\" width=\"40\" height=\"40\" alt=\"X\" class=\"amp-wp-enforced-sizes\" style=\"width:40px;\"><\/amp-img><\/a><\/div><div class=\"heateorSssClear\"><\/div><\/div>","protected":false},"author":1,"featured_media":4554,"comment_status":"open","ping_status":"open","sticky":false,"template":"","format":"standard","meta":{"colormag_page_layout":"default_layout","footnotes":""},"categories":[5,10],"tags":[],"ppma_author":[37,39],"class_list":["post-4553","post","type-post","status-publish","format-standard","has-post-thumbnail","hentry","category-deportes","category-san-luis"],"authors":[{"term_id":37,"user_id":1,"is_guest":0,"slug":"alberterie","display_name":"Administrador","avatar_url":"https:\/\/secure.gravatar.com\/avatar\/c7c20c93c5f4c81e7a7dc9b02a42095ae8875c9af446129683aaa06faf7fd1f3?s=96&d=mm&r=g","author_category":"","user_url":"https:\/\/www.radiomajaguabo.icrt.cu","last_name":"Alberterie Rivero","first_name":"Pedro","job_title":"","description":""},{"term_id":39,"user_id":10,"is_guest":0,"slug":"prensa-latina","display_name":"Prensa Latina","avatar_url":"https:\/\/secure.gravatar.com\/avatar\/50c7a3112bb25b21ddc4cf0ff17bac923226a0d4e8814139af94a839af15e315?s=96&d=mm&r=g","author_category":"","user_url":"https:\/\/www.prensa-latina.cu","last_name":"","first_name":"Prensa Latina","job_title":"","description":""}],"amp_enabled":true,"_links":{"self":[{"href":"https:\/\/www.radiomajaguabo.icrt.cu\/index.php?rest_route=\/wp\/v2\/posts\/4553","targetHints":{"allow":["GET"]}}],"collection":[{"href":"https:\/\/www.radiomajaguabo.icrt.cu\/index.php?rest_route=\/wp\/v2\/posts"}],"about":[{"href":"https:\/\/www.radiomajaguabo.icrt.cu\/index.php?rest_route=\/wp\/v2\/types\/post"}],"author":[{"embeddable":true,"href":"https:\/\/www.radiomajaguabo.icrt.cu\/index.php?rest_route=\/wp\/v2\/users\/1"}],"replies":[{"embeddable":true,"href":"https:\/\/www.radiomajaguabo.icrt.cu\/index.php?rest_route=%2Fwp%2Fv2%2Fcomments&post=4553"}],"version-history":[{"count":3,"href":"https:\/\/www.radiomajaguabo.icrt.cu\/index.php?rest_route=\/wp\/v2\/posts\/4553\/revisions"}],"predecessor-version":[{"id":4557,"href":"https:\/\/www.radiomajaguabo.icrt.cu\/index.php?rest_route=\/wp\/v2\/posts\/4553\/revisions\/4557"}],"wp:featuredmedia":[{"embeddable":true,"href":"https:\/\/www.radiomajaguabo.icrt.cu\/index.php?rest_route=\/wp\/v2\/media\/4554"}],"wp:attachment":[{"href":"https:\/\/www.radiomajaguabo.icrt.cu\/index.php?rest_route=%2Fwp%2Fv2%2Fmedia&parent=4553"}],"wp:term":[{"taxonomy":"category","embeddable":true,"href":"https:\/\/www.radiomajaguabo.icrt.cu\/index.php?rest_route=%2Fwp%2Fv2%2Fcategories&post=4553"},{"taxonomy":"post_tag","embeddable":true,"href":"https:\/\/www.radiomajaguabo.icrt.cu\/index.php?rest_route=%2Fwp%2Fv2%2Ftags&post=4553"},{"taxonomy":"author","embeddable":true,"href":"https:\/\/www.radiomajaguabo.icrt.cu\/index.php?rest_route=%2Fwp%2Fv2%2Fppma_author&post=4553"}],"curies":[{"name":"wp","href":"https:\/\/api.w.org\/{rel}","templated":true}]}}