{"id":4505,"date":"2023-08-17T08:40:54","date_gmt":"2023-08-17T08:40:54","guid":{"rendered":"https:\/\/www.radiomajaguabo.icrt.cu\/?p=4505"},"modified":"2023-08-17T17:37:46","modified_gmt":"2023-08-17T17:37:46","slug":"asociados-de-la-cpa-desembarco-del-granma-analizan-resultados-economicos-y-productivos","status":"publish","type":"post","link":"https:\/\/www.radiomajaguabo.icrt.cu\/?p=4505","title":{"rendered":"Asociados de la CPA Desembarco del Granma analizan resultados econ\u00f3micos y productivos"},"content":{"rendered":"<p><strong>San Luis, Santiago de Cuba, ago. 17, 23, _<\/strong>Con la mira puesta en la venidera contienda azucarera los socios de la Cooperativa de Producci\u00f3n Agropecuaria Desembarco del Granma realizaron la asamblea de balance econ\u00f3mico.<!--more--><\/p>\n<p>De la necesidad de atender mejor las plantaciones de ca\u00f1a para elevar el rendimiento por hect\u00e1reas, tener m\u00e1s materia prima para la pr\u00f3xima zafra, evitar las p\u00e9rdidas en esta actividad fundamental, habl\u00f3 el presidente del Comit\u00e9 Provincial de la Asociaci\u00f3n Nacional de Agricultores Peque\u00f1os, George Olivares Mass\u00f3, quien acompa\u00f1\u00f3 a los trabajadores junto a Idelkis R\u00edos Cateura, Funcionario del Comit\u00e9 nacional de la Asociaci\u00f3n Nacional de Agricultores Peque\u00f1os ANAP y Mariceli Montes de Oca Montero, Miembro del Bur\u00f3 municipal de la organizaci\u00f3n campesina.<\/p>\n<p>Esta estructura ca\u00f1era incumpli\u00f3, por diversas razones, el estimado de ca\u00f1a pactado en la zafra anterior, y no pudo cumplimentar producciones tan vitales para su econom\u00eda como las viandas, granos y hortalizas, debido a las afectaciones de la sequ\u00eda y tambi\u00e9n condiciones subjetivas que inciden en la productividad de los hombres en el campo. La situaci\u00f3n econ\u00f3mica existente genera insatisfacciones entre los socios, y muchos tienen claro c\u00f3mo hay que trabajar.<\/p>\n<p>En esa reuni\u00f3n se analiz\u00f3 la situaci\u00f3n financiera de las Cooperativa de Producci\u00f3n Agropecuaria CPA y el ingreso a los trabajadores, en beneficio para la familia y la elevaci\u00f3n del nivel de vida de los socios. George Olivares Mass\u00f3, presidente provincial de la ANAP puntualiz\u00f3 la importancia de sembrar y atender la ca\u00f1a con calidad para producir m\u00e1s az\u00facar, principal objeto social de la cooperativa y adem\u00e1s introducir otros cultivos, atender el ganado y otras tareas que puedan generar ingresos.<\/p>\n<p>Claros del enorme reto que tienen en la venidera zafra quedaron los m\u00e1s de 60 socios de la estructura productiva, por eso tambi\u00e9n se pronunciaron en su balance anual por mantener la estabilidad financiera de la unidad, lograr un mejor aprovechamiento de la jornada laboral y ser disciplinados en materia tecnol\u00f3gica y agr\u00edcola para alcanzar su prop\u00f3sito principal, cumplir los planes de producci\u00f3n ca\u00f1era previstos.<\/p>\n<p>La junta directiva de la Cooperativa de Producci\u00f3n Agropecuaria Desembarco del Granma reconoci\u00f3 a los trabajadores m\u00e1s destacados en las \u00e1reas y lotes de la unidad ca\u00f1era.<\/p>\n<p><img loading=\"lazy\" decoding=\"async\" class=\"wp-image-4507 aligncenter\" src=\"https:\/\/www.radiomajaguabo.icrt.cu\/wp-content\/uploads\/2023\/08\/WhatsApp-Image-2023-08-15-at-5.15.36-PM2-300x135.jpeg\" alt=\"\" width=\"607\" height=\"273\" srcset=\"https:\/\/www.radiomajaguabo.icrt.cu\/wp-content\/uploads\/2023\/08\/WhatsApp-Image-2023-08-15-at-5.15.36-PM2-300x135.jpeg 300w, https:\/\/www.radiomajaguabo.icrt.cu\/wp-content\/uploads\/2023\/08\/WhatsApp-Image-2023-08-15-at-5.15.36-PM2-1024x462.jpeg 1024w, https:\/\/www.radiomajaguabo.icrt.cu\/wp-content\/uploads\/2023\/08\/WhatsApp-Image-2023-08-15-at-5.15.36-PM2-768x346.jpeg 768w, https:\/\/www.radiomajaguabo.icrt.cu\/wp-content\/uploads\/2023\/08\/WhatsApp-Image-2023-08-15-at-5.15.36-PM2.jpeg 1080w\" sizes=\"auto, (max-width: 607px) 100vw, 607px\" \/> <img loading=\"lazy\" decoding=\"async\" class=\"wp-image-4508 aligncenter\" src=\"https:\/\/www.radiomajaguabo.icrt.cu\/wp-content\/uploads\/2023\/08\/WhatsApp-Image-2023-08-15-at-5.15.36-PM1-300x135.jpeg\" alt=\"\" width=\"427\" height=\"192\" srcset=\"https:\/\/www.radiomajaguabo.icrt.cu\/wp-content\/uploads\/2023\/08\/WhatsApp-Image-2023-08-15-at-5.15.36-PM1-300x135.jpeg 300w, https:\/\/www.radiomajaguabo.icrt.cu\/wp-content\/uploads\/2023\/08\/WhatsApp-Image-2023-08-15-at-5.15.36-PM1-1024x462.jpeg 1024w, https:\/\/www.radiomajaguabo.icrt.cu\/wp-content\/uploads\/2023\/08\/WhatsApp-Image-2023-08-15-at-5.15.36-PM1-768x346.jpeg 768w, https:\/\/www.radiomajaguabo.icrt.cu\/wp-content\/uploads\/2023\/08\/WhatsApp-Image-2023-08-15-at-5.15.36-PM1.jpeg 1080w\" sizes=\"auto, (max-width: 427px) 100vw, 427px\" \/> <img loading=\"lazy\" decoding=\"async\" class=\"wp-image-4509 aligncenter\" src=\"https:\/\/www.radiomajaguabo.icrt.cu\/wp-content\/uploads\/2023\/08\/WhatsApp-Image-2023-08-15-at-5.15.35-PM-300x135.jpeg\" alt=\"\" width=\"415\" height=\"187\" srcset=\"https:\/\/www.radiomajaguabo.icrt.cu\/wp-content\/uploads\/2023\/08\/WhatsApp-Image-2023-08-15-at-5.15.35-PM-300x135.jpeg 300w, https:\/\/www.radiomajaguabo.icrt.cu\/wp-content\/uploads\/2023\/08\/WhatsApp-Image-2023-08-15-at-5.15.35-PM-1024x462.jpeg 1024w, https:\/\/www.radiomajaguabo.icrt.cu\/wp-content\/uploads\/2023\/08\/WhatsApp-Image-2023-08-15-at-5.15.35-PM-768x346.jpeg 768w, https:\/\/www.radiomajaguabo.icrt.cu\/wp-content\/uploads\/2023\/08\/WhatsApp-Image-2023-08-15-at-5.15.35-PM.jpeg 1080w\" sizes=\"auto, (max-width: 415px) 100vw, 415px\" \/><\/p>\n","protected":false},"excerpt":{"rendered":"<p>San Luis, Santiago de Cuba, ago. 17, 23, _Con la mira puesta en la venidera contienda azucarera los socios de<\/p>\n<div class='heateor_sss_sharing_container heateor_sss_vertical_sharing heateor_sss_bottom_sharing' style='width:44px;left: -10px;top: 100px;-webkit-box-shadow:none;box-shadow:none;' ><div class=\"heateor_sss_sharing_ul\"><a class=\"heateor_sss_amp heateor_sss_amp_facebook\" href=\"https:\/\/www.facebook.com\/sharer\/sharer.php?u=https%3A%2F%2Fwww.radiomajaguabo.icrt.cu%2Findex.php%3Frest_route%3D%252Fwp%252Fv2%252Fposts%252F4505\" title=\"Facebook\" rel=\"nofollow noopener\" target=\"_blank\"><amp-img src=\"https:\/\/www.radiomajaguabo.icrt.cu\/wp-content\/plugins\/sassy-social-share\/public\/..\/images\/amp\/facebook.svg\" width=\"40\" height=\"40\" alt=\"Facebook\" class=\"amp-wp-enforced-sizes\" style=\"width: 40px;\"><\/amp-img><\/a><a class=\"heateor_sss_amp heateor_sss_amp_linkedin\" href=\"https:\/\/www.linkedin.com\/sharing\/share-offsite\/?url=https%3A%2F%2Fwww.radiomajaguabo.icrt.cu%2Findex.php%3Frest_route%3D%252Fwp%252Fv2%252Fposts%252F4505\" title=\"Linkedin\" rel=\"nofollow noopener\" target=\"_blank\"><amp-img src=\"https:\/\/www.radiomajaguabo.icrt.cu\/wp-content\/plugins\/sassy-social-share\/public\/..\/images\/amp\/linkedin.svg\" width=\"40\" height=\"40\" alt=\"Linkedin\" class=\"amp-wp-enforced-sizes\" style=\"width: 40px;\"><\/amp-img><\/a><a class=\"heateor_sss_amp heateor_sss_amp_whatsapp\" href=\"https:\/\/api.whatsapp.com\/send?text=Radio%20Majaguabo%20-%20Emisora%20Radio%20Majaguabo%2C%20San%20Luis%2C%20Santiago%20de%20Cuba%2C%20Cuba%20https%3A%2F%2Fwww.radiomajaguabo.icrt.cu%2Findex.php%3Frest_route%3D%252Fwp%252Fv2%252Fposts%252F4505\" title=\"Whatsapp\" rel=\"nofollow noopener\" target=\"_blank\"><amp-img src=\"https:\/\/www.radiomajaguabo.icrt.cu\/wp-content\/plugins\/sassy-social-share\/public\/..\/images\/amp\/whatsapp.svg\" width=\"40\" height=\"40\" alt=\"Whatsapp\" class=\"amp-wp-enforced-sizes\" style=\"width: 40px;\"><\/amp-img><\/a><a class=\"heateor_sss_amp heateor_sss_amp_instagram\" href=\"https:\/\/www.instagram.com\/\" title=\"Instagram\" rel=\"nofollow noopener\" target=\"_blank\"><amp-img src=\"https:\/\/www.radiomajaguabo.icrt.cu\/wp-content\/plugins\/sassy-social-share\/public\/..\/images\/amp\/instagram.svg\" width=\"40\" height=\"40\" alt=\"Instagram\" class=\"amp-wp-enforced-sizes\" style=\"width: 40px;\"><\/amp-img><\/a><a class=\"heateor_sss_amp heateor_sss_amp_x\" href=\"https:\/\/twitter.com\/intent\/tweet?text=Radio%20Majaguabo%20-%20Emisora%20Radio%20Majaguabo%2C%20San%20Luis%2C%20Santiago%20de%20Cuba%2C%20Cuba&url=https%3A%2F%2Fwww.radiomajaguabo.icrt.cu%2Findex.php%3Frest_route%3D%252Fwp%252Fv2%252Fposts%252F4505\" title=\"X\" rel=\"nofollow noopener\" target=\"_blank\"><amp-img src=\"https:\/\/www.radiomajaguabo.icrt.cu\/wp-content\/plugins\/sassy-social-share\/public\/..\/images\/amp\/x.svg\" width=\"40\" height=\"40\" alt=\"X\" class=\"amp-wp-enforced-sizes\" style=\"width:40px;\"><\/amp-img><\/a><\/div><div class=\"heateorSssClear\"><\/div><\/div>","protected":false},"author":1,"featured_media":4506,"comment_status":"open","ping_status":"open","sticky":false,"template":"","format":"standard","meta":{"colormag_page_layout":"default_layout","footnotes":""},"categories":[10],"tags":[1306,719,304,49],"ppma_author":[37,299],"class_list":["post-4505","post","type-post","status-publish","format-standard","has-post-thumbnail","hentry","category-san-luis","tag-contienda-azucarera","tag-cooperativa-de-produccion-agropecuaria","tag-san-luis","tag-santiago-de-cuba"],"authors":[{"term_id":37,"user_id":1,"is_guest":0,"slug":"alberterie","display_name":"Administrador","avatar_url":"https:\/\/secure.gravatar.com\/avatar\/c7c20c93c5f4c81e7a7dc9b02a42095ae8875c9af446129683aaa06faf7fd1f3?s=96&d=mm&r=g","author_category":"","user_url":"https:\/\/www.radiomajaguabo.icrt.cu","last_name":"Alberterie Rivero","first_name":"Pedro","job_title":"","description":""},{"term_id":299,"user_id":6,"is_guest":0,"slug":"yaniuska","display_name":"Yaniuska P\u00e9rez Verdecia","avatar_url":"https:\/\/secure.gravatar.com\/avatar\/a6d7e51e5ccf0210b8c939b21a0b37dca410372954868b8ff5b8e51c07cf1a6e?s=96&d=mm&r=g","author_category":"","user_url":"","last_name":"P\u00e9rez Verdecia","first_name":"Yaniuska","job_title":"","description":""}],"amp_enabled":true,"_links":{"self":[{"href":"https:\/\/www.radiomajaguabo.icrt.cu\/index.php?rest_route=\/wp\/v2\/posts\/4505","targetHints":{"allow":["GET"]}}],"collection":[{"href":"https:\/\/www.radiomajaguabo.icrt.cu\/index.php?rest_route=\/wp\/v2\/posts"}],"about":[{"href":"https:\/\/www.radiomajaguabo.icrt.cu\/index.php?rest_route=\/wp\/v2\/types\/post"}],"author":[{"embeddable":true,"href":"https:\/\/www.radiomajaguabo.icrt.cu\/index.php?rest_route=\/wp\/v2\/users\/1"}],"replies":[{"embeddable":true,"href":"https:\/\/www.radiomajaguabo.icrt.cu\/index.php?rest_route=%2Fwp%2Fv2%2Fcomments&post=4505"}],"version-history":[{"count":2,"href":"https:\/\/www.radiomajaguabo.icrt.cu\/index.php?rest_route=\/wp\/v2\/posts\/4505\/revisions"}],"predecessor-version":[{"id":4512,"href":"https:\/\/www.radiomajaguabo.icrt.cu\/index.php?rest_route=\/wp\/v2\/posts\/4505\/revisions\/4512"}],"wp:featuredmedia":[{"embeddable":true,"href":"https:\/\/www.radiomajaguabo.icrt.cu\/index.php?rest_route=\/wp\/v2\/media\/4506"}],"wp:attachment":[{"href":"https:\/\/www.radiomajaguabo.icrt.cu\/index.php?rest_route=%2Fwp%2Fv2%2Fmedia&parent=4505"}],"wp:term":[{"taxonomy":"category","embeddable":true,"href":"https:\/\/www.radiomajaguabo.icrt.cu\/index.php?rest_route=%2Fwp%2Fv2%2Fcategories&post=4505"},{"taxonomy":"post_tag","embeddable":true,"href":"https:\/\/www.radiomajaguabo.icrt.cu\/index.php?rest_route=%2Fwp%2Fv2%2Ftags&post=4505"},{"taxonomy":"author","embeddable":true,"href":"https:\/\/www.radiomajaguabo.icrt.cu\/index.php?rest_route=%2Fwp%2Fv2%2Fppma_author&post=4505"}],"curies":[{"name":"wp","href":"https:\/\/api.w.org\/{rel}","templated":true}]}}