{"id":4499,"date":"2023-08-16T17:12:28","date_gmt":"2023-08-16T17:12:28","guid":{"rendered":"https:\/\/www.radiomajaguabo.icrt.cu\/?p=4499"},"modified":"2023-08-16T17:12:28","modified_gmt":"2023-08-16T17:12:28","slug":"aerolinea-rossiya-realizara-vuelos-a-la-habana-a-partir-de-diciembre","status":"publish","type":"post","link":"https:\/\/www.radiomajaguabo.icrt.cu\/?p=4499","title":{"rendered":"Aerol\u00ednea Rossiya realizar\u00e1 vuelos a La Habana a partir de diciembre"},"content":{"rendered":"<section class=\"elementor-section elementor-top-section elementor-element elementor-element-12604add elementor-section-boxed elementor-section-height-default elementor-section-height-default\" data-id=\"12604add\" data-element_type=\"section\">\n<div class=\"elementor-container elementor-column-gap-default\">\n<div class=\"elementor-column elementor-col-66 elementor-top-column elementor-element elementor-element-69e048c9\" data-id=\"69e048c9\" data-element_type=\"column\">\n<div class=\"elementor-widget-wrap elementor-element-populated e-swiper-container\">\n<div class=\"elementor-element elementor-element-44014e52 elementor-widget elementor-widget-theme-post-excerpt\" data-id=\"44014e52\" data-element_type=\"widget\" data-widget_type=\"theme-post-excerpt.default\">\n<div class=\"elementor-widget-container\"><strong>Mosc\u00fa, 16 ago (Prensa Latina)<\/strong> La compa\u00f1\u00eda a\u00e9rea rusa Rossiya comenzar\u00e1 a efectuar vuelos directos a la ciudad de La Habana, a partir del 24 de diciembre pr\u00f3ximo, comunic\u00f3 hoy el grupo Aeroflot, su casa matriz.<\/div>\n<\/div>\n<\/div>\n<\/div>\n<\/div>\n<\/section>\n<p><!--more--><\/p>\n<div class=\"elementor-element elementor-element-560e1f7e elementor-widget elementor-widget-theme-post-content\" data-id=\"560e1f7e\" data-element_type=\"widget\" data-widget_type=\"theme-post-content.default\">\n<div class=\"elementor-widget-container\">\n<p>El anuncio precisa que los vuelos se efectuar\u00e1n dos veces a la semana, mi\u00e9rcoles y domingo, y ya la compa\u00f1\u00eda inici\u00f3 la venta de billetes con destino a la capital cubana.<\/p>\n<p>De esta forma La Habana se convertir\u00e1 en el segundo destino en Cuba al que vuela Rossiya, el primero es el balneario de Varadero al que la aerol\u00ednea realiza vuelos regulares desde el 1 julio pasado.<\/p>\n<p>Los vuelos regulares entre los dos pa\u00edses fueron paralizados desde el inicio del conflicto en Ucrania y la aplicaci\u00f3n de sanciones a Rusia por parte de Estados Unidos y la Uni\u00f3n Europea, principalmente en el uso del espacio a\u00e9reo y las restricciones al funcionamiento de los sistemas de pagos Visa y Mastercard.<\/p>\n<\/div>\n<\/div>\n","protected":false},"excerpt":{"rendered":"<p>Mosc\u00fa, 16 ago (Prensa Latina) La compa\u00f1\u00eda a\u00e9rea rusa Rossiya comenzar\u00e1 a efectuar vuelos directos a la ciudad de La<\/p>\n<div class='heateor_sss_sharing_container heateor_sss_vertical_sharing heateor_sss_bottom_sharing' style='width:44px;left: -10px;top: 100px;-webkit-box-shadow:none;box-shadow:none;' ><div class=\"heateor_sss_sharing_ul\"><a class=\"heateor_sss_amp heateor_sss_amp_facebook\" href=\"https:\/\/www.facebook.com\/sharer\/sharer.php?u=https%3A%2F%2Fwww.radiomajaguabo.icrt.cu%2Findex.php%3Frest_route%3D%252Fwp%252Fv2%252Fposts%252F4499\" title=\"Facebook\" rel=\"nofollow noopener\" target=\"_blank\"><amp-img src=\"https:\/\/www.radiomajaguabo.icrt.cu\/wp-content\/plugins\/sassy-social-share\/public\/..\/images\/amp\/facebook.svg\" width=\"40\" height=\"40\" alt=\"Facebook\" class=\"amp-wp-enforced-sizes\" style=\"width: 40px;\"><\/amp-img><\/a><a class=\"heateor_sss_amp heateor_sss_amp_linkedin\" href=\"https:\/\/www.linkedin.com\/sharing\/share-offsite\/?url=https%3A%2F%2Fwww.radiomajaguabo.icrt.cu%2Findex.php%3Frest_route%3D%252Fwp%252Fv2%252Fposts%252F4499\" title=\"Linkedin\" rel=\"nofollow noopener\" target=\"_blank\"><amp-img src=\"https:\/\/www.radiomajaguabo.icrt.cu\/wp-content\/plugins\/sassy-social-share\/public\/..\/images\/amp\/linkedin.svg\" width=\"40\" height=\"40\" alt=\"Linkedin\" class=\"amp-wp-enforced-sizes\" style=\"width: 40px;\"><\/amp-img><\/a><a class=\"heateor_sss_amp heateor_sss_amp_whatsapp\" href=\"https:\/\/api.whatsapp.com\/send?text=Radio%20Majaguabo%20-%20Emisora%20Radio%20Majaguabo%2C%20San%20Luis%2C%20Santiago%20de%20Cuba%2C%20Cuba%20https%3A%2F%2Fwww.radiomajaguabo.icrt.cu%2Findex.php%3Frest_route%3D%252Fwp%252Fv2%252Fposts%252F4499\" title=\"Whatsapp\" rel=\"nofollow noopener\" target=\"_blank\"><amp-img src=\"https:\/\/www.radiomajaguabo.icrt.cu\/wp-content\/plugins\/sassy-social-share\/public\/..\/images\/amp\/whatsapp.svg\" width=\"40\" height=\"40\" alt=\"Whatsapp\" class=\"amp-wp-enforced-sizes\" style=\"width: 40px;\"><\/amp-img><\/a><a class=\"heateor_sss_amp heateor_sss_amp_instagram\" href=\"https:\/\/www.instagram.com\/\" title=\"Instagram\" rel=\"nofollow noopener\" target=\"_blank\"><amp-img src=\"https:\/\/www.radiomajaguabo.icrt.cu\/wp-content\/plugins\/sassy-social-share\/public\/..\/images\/amp\/instagram.svg\" width=\"40\" height=\"40\" alt=\"Instagram\" class=\"amp-wp-enforced-sizes\" style=\"width: 40px;\"><\/amp-img><\/a><a class=\"heateor_sss_amp heateor_sss_amp_x\" href=\"https:\/\/twitter.com\/intent\/tweet?text=Radio%20Majaguabo%20-%20Emisora%20Radio%20Majaguabo%2C%20San%20Luis%2C%20Santiago%20de%20Cuba%2C%20Cuba&url=https%3A%2F%2Fwww.radiomajaguabo.icrt.cu%2Findex.php%3Frest_route%3D%252Fwp%252Fv2%252Fposts%252F4499\" title=\"X\" rel=\"nofollow noopener\" target=\"_blank\"><amp-img src=\"https:\/\/www.radiomajaguabo.icrt.cu\/wp-content\/plugins\/sassy-social-share\/public\/..\/images\/amp\/x.svg\" width=\"40\" height=\"40\" alt=\"X\" class=\"amp-wp-enforced-sizes\" style=\"width:40px;\"><\/amp-img><\/a><\/div><div class=\"heateorSssClear\"><\/div><\/div>","protected":false},"author":1,"featured_media":4500,"comment_status":"open","ping_status":"open","sticky":false,"template":"","format":"standard","meta":{"colormag_page_layout":"default_layout","footnotes":""},"categories":[7,10],"tags":[1296,1301,1302,665,1300,1293],"ppma_author":[37,39],"class_list":["post-4499","post","type-post","status-publish","format-standard","has-post-thumbnail","hentry","category-internacionales","category-san-luis","tag-16-ago","tag-compania-aerea-rusa-rossiya","tag-grupo-aeroflot","tag-la-habana","tag-moscu","tag-prensa-latina"],"authors":[{"term_id":37,"user_id":1,"is_guest":0,"slug":"alberterie","display_name":"Administrador","avatar_url":"https:\/\/secure.gravatar.com\/avatar\/c7c20c93c5f4c81e7a7dc9b02a42095ae8875c9af446129683aaa06faf7fd1f3?s=96&d=mm&r=g","author_category":"","user_url":"https:\/\/www.radiomajaguabo.icrt.cu","last_name":"Alberterie Rivero","first_name":"Pedro","job_title":"","description":""},{"term_id":39,"user_id":10,"is_guest":0,"slug":"prensa-latina","display_name":"Prensa Latina","avatar_url":"https:\/\/secure.gravatar.com\/avatar\/50c7a3112bb25b21ddc4cf0ff17bac923226a0d4e8814139af94a839af15e315?s=96&d=mm&r=g","author_category":"","user_url":"https:\/\/www.prensa-latina.cu","last_name":"","first_name":"Prensa Latina","job_title":"","description":""}],"amp_enabled":true,"_links":{"self":[{"href":"https:\/\/www.radiomajaguabo.icrt.cu\/index.php?rest_route=\/wp\/v2\/posts\/4499","targetHints":{"allow":["GET"]}}],"collection":[{"href":"https:\/\/www.radiomajaguabo.icrt.cu\/index.php?rest_route=\/wp\/v2\/posts"}],"about":[{"href":"https:\/\/www.radiomajaguabo.icrt.cu\/index.php?rest_route=\/wp\/v2\/types\/post"}],"author":[{"embeddable":true,"href":"https:\/\/www.radiomajaguabo.icrt.cu\/index.php?rest_route=\/wp\/v2\/users\/1"}],"replies":[{"embeddable":true,"href":"https:\/\/www.radiomajaguabo.icrt.cu\/index.php?rest_route=%2Fwp%2Fv2%2Fcomments&post=4499"}],"version-history":[{"count":1,"href":"https:\/\/www.radiomajaguabo.icrt.cu\/index.php?rest_route=\/wp\/v2\/posts\/4499\/revisions"}],"predecessor-version":[{"id":4501,"href":"https:\/\/www.radiomajaguabo.icrt.cu\/index.php?rest_route=\/wp\/v2\/posts\/4499\/revisions\/4501"}],"wp:featuredmedia":[{"embeddable":true,"href":"https:\/\/www.radiomajaguabo.icrt.cu\/index.php?rest_route=\/wp\/v2\/media\/4500"}],"wp:attachment":[{"href":"https:\/\/www.radiomajaguabo.icrt.cu\/index.php?rest_route=%2Fwp%2Fv2%2Fmedia&parent=4499"}],"wp:term":[{"taxonomy":"category","embeddable":true,"href":"https:\/\/www.radiomajaguabo.icrt.cu\/index.php?rest_route=%2Fwp%2Fv2%2Fcategories&post=4499"},{"taxonomy":"post_tag","embeddable":true,"href":"https:\/\/www.radiomajaguabo.icrt.cu\/index.php?rest_route=%2Fwp%2Fv2%2Ftags&post=4499"},{"taxonomy":"author","embeddable":true,"href":"https:\/\/www.radiomajaguabo.icrt.cu\/index.php?rest_route=%2Fwp%2Fv2%2Fppma_author&post=4499"}],"curies":[{"name":"wp","href":"https:\/\/api.w.org\/{rel}","templated":true}]}}