{"id":4486,"date":"2023-08-15T18:27:14","date_gmt":"2023-08-15T18:27:14","guid":{"rendered":"https:\/\/www.radiomajaguabo.icrt.cu\/?p=4486"},"modified":"2023-08-15T18:27:14","modified_gmt":"2023-08-15T18:27:14","slug":"participo-presidente-de-cuba-en-homenaje-a-mujeres-destacadas","status":"publish","type":"post","link":"https:\/\/www.radiomajaguabo.icrt.cu\/?p=4486","title":{"rendered":"Particip\u00f3 presidente de Cuba en homenaje a mujeres destacadas"},"content":{"rendered":"<section class=\"elementor-section elementor-top-section elementor-element elementor-element-12604add elementor-section-boxed elementor-section-height-default elementor-section-height-default\" data-id=\"12604add\" data-element_type=\"section\">\n<div class=\"elementor-container elementor-column-gap-default\">\n<div class=\"elementor-column elementor-col-66 elementor-top-column elementor-element elementor-element-69e048c9\" data-id=\"69e048c9\" data-element_type=\"column\">\n<div class=\"elementor-widget-wrap elementor-element-populated e-swiper-container\">\n<div class=\"elementor-element elementor-element-44014e52 elementor-widget elementor-widget-theme-post-excerpt\" data-id=\"44014e52\" data-element_type=\"widget\" data-widget_type=\"theme-post-excerpt.default\">\n<div class=\"elementor-widget-container\"><strong>La Habana, 15 ago (Prensa Latina)<\/strong> El presidente de Cuba, Miguel D\u00edaz-Canel, encabez\u00f3 el acto de reconocimiento a f\u00e9minas con una reconocida labor en la Federaci\u00f3n de Mujeres Cubanas (FMC), trasciende hoy en los medios locales.<\/div>\n<\/div>\n<\/div>\n<\/div>\n<\/div>\n<\/section>\n<p><!--more--><\/p>\n<div class=\"elementor-element elementor-element-560e1f7e elementor-widget elementor-widget-theme-post-content\" data-id=\"560e1f7e\" data-element_type=\"widget\" data-widget_type=\"theme-post-content.default\">\n<div class=\"elementor-widget-container\">\n<p>En el acto pol\u00edtico-cultural, celebrado la v\u00edspera en el Sal\u00f3n de Protocolo de El Laguito, cinco federadas recibieron la Orden Mariana Grajales \u2013 m\u00e1xima distinci\u00f3n otorgada por la organizaci\u00f3n-, 18 la Orden Ana Betancourt y siete la distinci\u00f3n 23 de Agosto, inform\u00f3 la Agencia Cubana de Noticias.<\/p>\n<p>La segunda secretaria de la FMC, Rosmery Santiesteban, record\u00f3 la figura del l\u00edder hist\u00f3rico de la Revoluci\u00f3n cubana Fidel Castro, m\u00e1ximo impulsor de la creaci\u00f3n de la Federaci\u00f3n junto a la hero\u00edna Vilma Esp\u00edn.<\/p>\n<p>Sobre las f\u00e9minas reconocidas detall\u00f3 que han sido parte inseparable de importantes procesos, defendiendo el derecho de participaci\u00f3n de las mujeres en todas las escenas de la vida del pa\u00eds.<\/p>\n<p>Por su parte, la Hero\u00edna del Trabajo de la Rep\u00fablica Bertha Luz Rodr\u00edguez, a la que le fue impuesta la Orden Mariana Grajales, expres\u00f3 su orgullo y alegr\u00eda por alcanzar esta importante distinci\u00f3n, y dijo que durante la ceremonia pasaron por su mente muchos recuerdos y an\u00e9cdotas acumulados relacionados con su trabajo en la organizaci\u00f3n.<\/p>\n<p>La FMC desarrolla pol\u00edticas y programas en la naci\u00f3n caribe\u00f1a encaminados a lograr el pleno ejercicio de la igualdad de la mujer en todos los \u00e1mbitos y niveles de la sociedad.<\/p>\n<p>Desde su creaci\u00f3n el 23 de agosto de 1960, la Federaci\u00f3n se traz\u00f3 como objetivo principal la incorporaci\u00f3n de las f\u00e9minas a la sociedad y al empleo, as\u00ed como al programa de cambios sociales y econ\u00f3micos en marcha en el pa\u00eds.<\/p>\n<\/div>\n<\/div>\n","protected":false},"excerpt":{"rendered":"<p>La Habana, 15 ago (Prensa Latina) El presidente de Cuba, Miguel D\u00edaz-Canel, encabez\u00f3 el acto de reconocimiento a f\u00e9minas con<\/p>\n<div class='heateor_sss_sharing_container heateor_sss_vertical_sharing heateor_sss_bottom_sharing' style='width:44px;left: -10px;top: 100px;-webkit-box-shadow:none;box-shadow:none;' ><div class=\"heateor_sss_sharing_ul\"><a class=\"heateor_sss_amp heateor_sss_amp_facebook\" href=\"https:\/\/www.facebook.com\/sharer\/sharer.php?u=https%3A%2F%2Fwww.radiomajaguabo.icrt.cu%2Findex.php%3Frest_route%3D%252Fwp%252Fv2%252Fposts%252F4486\" title=\"Facebook\" rel=\"nofollow noopener\" target=\"_blank\"><amp-img src=\"https:\/\/www.radiomajaguabo.icrt.cu\/wp-content\/plugins\/sassy-social-share\/public\/..\/images\/amp\/facebook.svg\" width=\"40\" height=\"40\" alt=\"Facebook\" class=\"amp-wp-enforced-sizes\" style=\"width: 40px;\"><\/amp-img><\/a><a class=\"heateor_sss_amp heateor_sss_amp_linkedin\" href=\"https:\/\/www.linkedin.com\/sharing\/share-offsite\/?url=https%3A%2F%2Fwww.radiomajaguabo.icrt.cu%2Findex.php%3Frest_route%3D%252Fwp%252Fv2%252Fposts%252F4486\" title=\"Linkedin\" rel=\"nofollow noopener\" target=\"_blank\"><amp-img src=\"https:\/\/www.radiomajaguabo.icrt.cu\/wp-content\/plugins\/sassy-social-share\/public\/..\/images\/amp\/linkedin.svg\" width=\"40\" height=\"40\" alt=\"Linkedin\" class=\"amp-wp-enforced-sizes\" style=\"width: 40px;\"><\/amp-img><\/a><a class=\"heateor_sss_amp heateor_sss_amp_whatsapp\" href=\"https:\/\/api.whatsapp.com\/send?text=Radio%20Majaguabo%20-%20Emisora%20Radio%20Majaguabo%2C%20San%20Luis%2C%20Santiago%20de%20Cuba%2C%20Cuba%20https%3A%2F%2Fwww.radiomajaguabo.icrt.cu%2Findex.php%3Frest_route%3D%252Fwp%252Fv2%252Fposts%252F4486\" title=\"Whatsapp\" rel=\"nofollow noopener\" target=\"_blank\"><amp-img src=\"https:\/\/www.radiomajaguabo.icrt.cu\/wp-content\/plugins\/sassy-social-share\/public\/..\/images\/amp\/whatsapp.svg\" width=\"40\" height=\"40\" alt=\"Whatsapp\" class=\"amp-wp-enforced-sizes\" style=\"width: 40px;\"><\/amp-img><\/a><a class=\"heateor_sss_amp heateor_sss_amp_instagram\" href=\"https:\/\/www.instagram.com\/\" title=\"Instagram\" rel=\"nofollow noopener\" target=\"_blank\"><amp-img src=\"https:\/\/www.radiomajaguabo.icrt.cu\/wp-content\/plugins\/sassy-social-share\/public\/..\/images\/amp\/instagram.svg\" width=\"40\" height=\"40\" alt=\"Instagram\" class=\"amp-wp-enforced-sizes\" style=\"width: 40px;\"><\/amp-img><\/a><a class=\"heateor_sss_amp heateor_sss_amp_x\" href=\"https:\/\/twitter.com\/intent\/tweet?text=Radio%20Majaguabo%20-%20Emisora%20Radio%20Majaguabo%2C%20San%20Luis%2C%20Santiago%20de%20Cuba%2C%20Cuba&url=https%3A%2F%2Fwww.radiomajaguabo.icrt.cu%2Findex.php%3Frest_route%3D%252Fwp%252Fv2%252Fposts%252F4486\" title=\"X\" rel=\"nofollow noopener\" target=\"_blank\"><amp-img src=\"https:\/\/www.radiomajaguabo.icrt.cu\/wp-content\/plugins\/sassy-social-share\/public\/..\/images\/amp\/x.svg\" width=\"40\" height=\"40\" alt=\"X\" class=\"amp-wp-enforced-sizes\" style=\"width:40px;\"><\/amp-img><\/a><\/div><div class=\"heateorSssClear\"><\/div><\/div>","protected":false},"author":1,"featured_media":4487,"comment_status":"open","ping_status":"open","sticky":false,"template":"","format":"standard","meta":{"colormag_page_layout":"default_layout","footnotes":""},"categories":[8,10],"tags":[1287,377,600,665,14,1288],"ppma_author":[37],"class_list":["post-4486","post","type-post","status-publish","format-standard","has-post-thumbnail","hentry","category-nacionales","category-san-luis","tag-15-ago","tag-federacion-de-mujeres-cubanas","tag-fmc","tag-la-habana","tag-miguel-diaz-canel","tag-presidente-de-cuba"],"authors":[{"term_id":37,"user_id":1,"is_guest":0,"slug":"alberterie","display_name":"Administrador","avatar_url":"https:\/\/secure.gravatar.com\/avatar\/c7c20c93c5f4c81e7a7dc9b02a42095ae8875c9af446129683aaa06faf7fd1f3?s=96&d=mm&r=g","author_category":"","user_url":"https:\/\/www.radiomajaguabo.icrt.cu","last_name":"Alberterie Rivero","first_name":"Pedro","job_title":"","description":""}],"amp_enabled":true,"_links":{"self":[{"href":"https:\/\/www.radiomajaguabo.icrt.cu\/index.php?rest_route=\/wp\/v2\/posts\/4486","targetHints":{"allow":["GET"]}}],"collection":[{"href":"https:\/\/www.radiomajaguabo.icrt.cu\/index.php?rest_route=\/wp\/v2\/posts"}],"about":[{"href":"https:\/\/www.radiomajaguabo.icrt.cu\/index.php?rest_route=\/wp\/v2\/types\/post"}],"author":[{"embeddable":true,"href":"https:\/\/www.radiomajaguabo.icrt.cu\/index.php?rest_route=\/wp\/v2\/users\/1"}],"replies":[{"embeddable":true,"href":"https:\/\/www.radiomajaguabo.icrt.cu\/index.php?rest_route=%2Fwp%2Fv2%2Fcomments&post=4486"}],"version-history":[{"count":1,"href":"https:\/\/www.radiomajaguabo.icrt.cu\/index.php?rest_route=\/wp\/v2\/posts\/4486\/revisions"}],"predecessor-version":[{"id":4488,"href":"https:\/\/www.radiomajaguabo.icrt.cu\/index.php?rest_route=\/wp\/v2\/posts\/4486\/revisions\/4488"}],"wp:featuredmedia":[{"embeddable":true,"href":"https:\/\/www.radiomajaguabo.icrt.cu\/index.php?rest_route=\/wp\/v2\/media\/4487"}],"wp:attachment":[{"href":"https:\/\/www.radiomajaguabo.icrt.cu\/index.php?rest_route=%2Fwp%2Fv2%2Fmedia&parent=4486"}],"wp:term":[{"taxonomy":"category","embeddable":true,"href":"https:\/\/www.radiomajaguabo.icrt.cu\/index.php?rest_route=%2Fwp%2Fv2%2Fcategories&post=4486"},{"taxonomy":"post_tag","embeddable":true,"href":"https:\/\/www.radiomajaguabo.icrt.cu\/index.php?rest_route=%2Fwp%2Fv2%2Ftags&post=4486"},{"taxonomy":"author","embeddable":true,"href":"https:\/\/www.radiomajaguabo.icrt.cu\/index.php?rest_route=%2Fwp%2Fv2%2Fppma_author&post=4486"}],"curies":[{"name":"wp","href":"https:\/\/api.w.org\/{rel}","templated":true}]}}