{"id":4463,"date":"2023-08-14T20:42:18","date_gmt":"2023-08-14T20:42:18","guid":{"rendered":"https:\/\/www.radiomajaguabo.icrt.cu\/?p=4463"},"modified":"2023-08-14T20:46:07","modified_gmt":"2023-08-14T20:46:07","slug":"concluyen-en-italia-homenajes-a-fidel-castro-en-su-natalicio-fotos","status":"publish","type":"post","link":"https:\/\/www.radiomajaguabo.icrt.cu\/?p=4463","title":{"rendered":"Concluyen en Italia homenajes a Fidel Castro en su natalicio (+Fotos)"},"content":{"rendered":"<section class=\"elementor-section elementor-top-section elementor-element elementor-element-12604add elementor-section-boxed elementor-section-height-default elementor-section-height-default\" data-id=\"12604add\" data-element_type=\"section\">\n<div class=\"elementor-container elementor-column-gap-default\">\n<div class=\"elementor-column elementor-col-66 elementor-top-column elementor-element elementor-element-69e048c9\" data-id=\"69e048c9\" data-element_type=\"column\">\n<div class=\"elementor-widget-wrap elementor-element-populated e-swiper-container\">\n<div class=\"elementor-element elementor-element-6c6d10c3 dce_masking-none elementor-widget elementor-widget-image\" data-id=\"6c6d10c3\" data-element_type=\"widget\" data-widget_type=\"image.default\">\n<div class=\"elementor-widget-container\"><\/div>\n<\/div>\n<div class=\"elementor-element elementor-element-44014e52 elementor-widget elementor-widget-theme-post-excerpt\" data-id=\"44014e52\" data-element_type=\"widget\" data-widget_type=\"theme-post-excerpt.default\">\n<div class=\"elementor-widget-container\"><strong>Roma, 14 ago (Prensa Latina)<\/strong> Con un solemne acto de recordaci\u00f3n en la Embajada de Cuba en Italia concluyeron hoy los homenajes por el aniversario 97 del natalicio del l\u00edder revolucionario cubano Fidel Castro.<\/div>\n<\/div>\n<\/div>\n<\/div>\n<\/div>\n<\/section>\n<p><!--more--><\/p>\n<div class=\"elementor-element elementor-element-560e1f7e elementor-widget elementor-widget-theme-post-content\" data-id=\"560e1f7e\" data-element_type=\"widget\" data-widget_type=\"theme-post-content.default\">\n<div class=\"elementor-widget-container\">\n<p>Foto: <span class=\"css-901oao css-16my406 r-poiln3 r-bcqeeo r-qvutc0\">@MirtaGranda<\/span> (Embajadora de Cuba en Italia)<\/p>\n<p>En la actividad, presidida por la embajadora de la naci\u00f3n antillana, Mirta Granda, se proyectaron documentales sobre la vida del heroico Comandante en Jefe, su formaci\u00f3n pol\u00edtica, su lucha para liberar la Patria y por construir una sociedad socialista m\u00e1s justa, que mostr\u00f3 a otros pueblos el camino hacia un mundo mejor.<\/p>\n<p><img loading=\"lazy\" decoding=\"async\" class=\"alignnone size-medium wp-image-534342 lazyloaded\" src=\"https:\/\/www.prensa-latina.cu\/wp-content\/uploads\/2023\/08\/fidel-pico-italia-500x333.jpg\" sizes=\"auto, (max-width: 500px) 100vw, 500px\" srcset=\"https:\/\/www.prensa-latina.cu\/wp-content\/uploads\/2023\/08\/fidel-pico-italia-500x333.jpg 500w, https:\/\/www.prensa-latina.cu\/wp-content\/uploads\/2023\/08\/fidel-pico-italia-150x100.jpg 150w, https:\/\/www.prensa-latina.cu\/wp-content\/uploads\/2023\/08\/fidel-pico-italia-768x512.jpg 768w, https:\/\/www.prensa-latina.cu\/wp-content\/uploads\/2023\/08\/fidel-pico-italia.jpg 1024w\" alt=\"fidel-pico-italia\" width=\"500\" height=\"333\" data-ll-status=\"loaded\" \/><\/p>\n<p>Se desarroll\u00f3 un conversatorio en el que miembros de la misi\u00f3n diplom\u00e1tica destacaron la trascendencia del ejemplo y la obra Fidel, quien naci\u00f3 el 13 de agosto de 1926 en Bir\u00e1n, localidad de la actual provincia oriental de Holgu\u00edn, y falleci\u00f3 a los 90 a\u00f1os, el 25 de noviembre de 2016.<\/p>\n<p>Granda expres\u00f3 que \u201cel mejor homenaje al Comandante en jefe, a su memoria, es ser consecuentes con sus ideas, y trabajar cada d\u00eda por lograr que Cuba siga siendo el pa\u00eds que Fidel nos leg\u00f3\u201d, para lo cual es necesario \u201cconocer bien nuestra historia, las causas por las que lucharon nuestros pr\u00f3ceres, y defenderlas\u201d.<\/p>\n<p>Entre las iniciativas desarrolladas en Italia por esta fecha hist\u00f3rica, se destac\u00f3 adem\u00e1s la efectuada el domingo \u00faltimo en el Pico Fidel, en un punto de los Alpes pr\u00f3ximo a la ciudad de Tur\u00edn, por funcionarios del consulado general de Cuba en Mil\u00e1n, miembros de la comunidad de nacionales de ese pa\u00eds e italianos amigos de la isla.<\/p>\n<p>El grupo que ascendi\u00f3 a esa altura ubicada en el monte Arpone, a mil 600 metros sobre el nivel del mar, encabezado por el c\u00f3nsul general cubano, Marcos Hern\u00e1ndez, realiz\u00f3 un acto al pie de una escultura en honor a Fidel, colocada en ese lugar el 25 de noviembre de 2017, en el primer aniversario de su desaparici\u00f3n f\u00edsica.<\/p>\n<\/div>\n<\/div>\n","protected":false},"excerpt":{"rendered":"<p>Roma, 14 ago (Prensa Latina) Con un solemne acto de recordaci\u00f3n en la Embajada de Cuba en Italia concluyeron hoy<\/p>\n<div class='heateor_sss_sharing_container heateor_sss_vertical_sharing heateor_sss_bottom_sharing' style='width:44px;left: -10px;top: 100px;-webkit-box-shadow:none;box-shadow:none;' ><div class=\"heateor_sss_sharing_ul\"><a class=\"heateor_sss_amp heateor_sss_amp_facebook\" href=\"https:\/\/www.facebook.com\/sharer\/sharer.php?u=https%3A%2F%2Fwww.radiomajaguabo.icrt.cu%2Findex.php%3Frest_route%3D%252Fwp%252Fv2%252Fposts%252F4463\" title=\"Facebook\" rel=\"nofollow noopener\" target=\"_blank\"><amp-img src=\"https:\/\/www.radiomajaguabo.icrt.cu\/wp-content\/plugins\/sassy-social-share\/public\/..\/images\/amp\/facebook.svg\" width=\"40\" height=\"40\" alt=\"Facebook\" class=\"amp-wp-enforced-sizes\" style=\"width: 40px;\"><\/amp-img><\/a><a class=\"heateor_sss_amp heateor_sss_amp_linkedin\" href=\"https:\/\/www.linkedin.com\/sharing\/share-offsite\/?url=https%3A%2F%2Fwww.radiomajaguabo.icrt.cu%2Findex.php%3Frest_route%3D%252Fwp%252Fv2%252Fposts%252F4463\" title=\"Linkedin\" rel=\"nofollow noopener\" target=\"_blank\"><amp-img src=\"https:\/\/www.radiomajaguabo.icrt.cu\/wp-content\/plugins\/sassy-social-share\/public\/..\/images\/amp\/linkedin.svg\" width=\"40\" height=\"40\" alt=\"Linkedin\" class=\"amp-wp-enforced-sizes\" style=\"width: 40px;\"><\/amp-img><\/a><a class=\"heateor_sss_amp heateor_sss_amp_whatsapp\" href=\"https:\/\/api.whatsapp.com\/send?text=Radio%20Majaguabo%20-%20Emisora%20Radio%20Majaguabo%2C%20San%20Luis%2C%20Santiago%20de%20Cuba%2C%20Cuba%20https%3A%2F%2Fwww.radiomajaguabo.icrt.cu%2Findex.php%3Frest_route%3D%252Fwp%252Fv2%252Fposts%252F4463\" title=\"Whatsapp\" rel=\"nofollow noopener\" target=\"_blank\"><amp-img src=\"https:\/\/www.radiomajaguabo.icrt.cu\/wp-content\/plugins\/sassy-social-share\/public\/..\/images\/amp\/whatsapp.svg\" width=\"40\" height=\"40\" alt=\"Whatsapp\" class=\"amp-wp-enforced-sizes\" style=\"width: 40px;\"><\/amp-img><\/a><a class=\"heateor_sss_amp heateor_sss_amp_instagram\" href=\"https:\/\/www.instagram.com\/\" title=\"Instagram\" rel=\"nofollow noopener\" target=\"_blank\"><amp-img src=\"https:\/\/www.radiomajaguabo.icrt.cu\/wp-content\/plugins\/sassy-social-share\/public\/..\/images\/amp\/instagram.svg\" width=\"40\" height=\"40\" alt=\"Instagram\" class=\"amp-wp-enforced-sizes\" style=\"width: 40px;\"><\/amp-img><\/a><a class=\"heateor_sss_amp heateor_sss_amp_x\" href=\"https:\/\/twitter.com\/intent\/tweet?text=Radio%20Majaguabo%20-%20Emisora%20Radio%20Majaguabo%2C%20San%20Luis%2C%20Santiago%20de%20Cuba%2C%20Cuba&url=https%3A%2F%2Fwww.radiomajaguabo.icrt.cu%2Findex.php%3Frest_route%3D%252Fwp%252Fv2%252Fposts%252F4463\" title=\"X\" rel=\"nofollow noopener\" target=\"_blank\"><amp-img src=\"https:\/\/www.radiomajaguabo.icrt.cu\/wp-content\/plugins\/sassy-social-share\/public\/..\/images\/amp\/x.svg\" width=\"40\" height=\"40\" alt=\"X\" class=\"amp-wp-enforced-sizes\" style=\"width:40px;\"><\/amp-img><\/a><\/div><div class=\"heateorSssClear\"><\/div><\/div>","protected":false},"author":10,"featured_media":4466,"comment_status":"open","ping_status":"open","sticky":false,"template":"","format":"standard","meta":{"colormag_page_layout":"default_layout","footnotes":""},"categories":[7,9,10],"tags":[1273,151,200],"ppma_author":[39],"class_list":["post-4463","post","type-post","status-publish","format-standard","has-post-thumbnail","hentry","category-internacionales","category-historia","category-san-luis","tag-aniversario-97-del-natalicio","tag-fidel-castro","tag-italia"],"authors":[{"term_id":39,"user_id":10,"is_guest":0,"slug":"prensa-latina","display_name":"Prensa Latina","avatar_url":"https:\/\/secure.gravatar.com\/avatar\/50c7a3112bb25b21ddc4cf0ff17bac923226a0d4e8814139af94a839af15e315?s=96&d=mm&r=g","author_category":"","user_url":"https:\/\/www.prensa-latina.cu","last_name":"","first_name":"Prensa Latina","job_title":"","description":""}],"amp_enabled":true,"_links":{"self":[{"href":"https:\/\/www.radiomajaguabo.icrt.cu\/index.php?rest_route=\/wp\/v2\/posts\/4463","targetHints":{"allow":["GET"]}}],"collection":[{"href":"https:\/\/www.radiomajaguabo.icrt.cu\/index.php?rest_route=\/wp\/v2\/posts"}],"about":[{"href":"https:\/\/www.radiomajaguabo.icrt.cu\/index.php?rest_route=\/wp\/v2\/types\/post"}],"author":[{"embeddable":true,"href":"https:\/\/www.radiomajaguabo.icrt.cu\/index.php?rest_route=\/wp\/v2\/users\/10"}],"replies":[{"embeddable":true,"href":"https:\/\/www.radiomajaguabo.icrt.cu\/index.php?rest_route=%2Fwp%2Fv2%2Fcomments&post=4463"}],"version-history":[{"count":3,"href":"https:\/\/www.radiomajaguabo.icrt.cu\/index.php?rest_route=\/wp\/v2\/posts\/4463\/revisions"}],"predecessor-version":[{"id":4465,"href":"https:\/\/www.radiomajaguabo.icrt.cu\/index.php?rest_route=\/wp\/v2\/posts\/4463\/revisions\/4465"}],"wp:featuredmedia":[{"embeddable":true,"href":"https:\/\/www.radiomajaguabo.icrt.cu\/index.php?rest_route=\/wp\/v2\/media\/4466"}],"wp:attachment":[{"href":"https:\/\/www.radiomajaguabo.icrt.cu\/index.php?rest_route=%2Fwp%2Fv2%2Fmedia&parent=4463"}],"wp:term":[{"taxonomy":"category","embeddable":true,"href":"https:\/\/www.radiomajaguabo.icrt.cu\/index.php?rest_route=%2Fwp%2Fv2%2Fcategories&post=4463"},{"taxonomy":"post_tag","embeddable":true,"href":"https:\/\/www.radiomajaguabo.icrt.cu\/index.php?rest_route=%2Fwp%2Fv2%2Ftags&post=4463"},{"taxonomy":"author","embeddable":true,"href":"https:\/\/www.radiomajaguabo.icrt.cu\/index.php?rest_route=%2Fwp%2Fv2%2Fppma_author&post=4463"}],"curies":[{"name":"wp","href":"https:\/\/api.w.org\/{rel}","templated":true}]}}