{"id":4455,"date":"2023-08-14T20:29:17","date_gmt":"2023-08-14T20:29:17","guid":{"rendered":"https:\/\/www.radiomajaguabo.icrt.cu\/?p=4455"},"modified":"2023-08-14T20:29:17","modified_gmt":"2023-08-14T20:29:17","slug":"debaten-situacion-economica-en-cooperativa-sanluisera","status":"publish","type":"post","link":"https:\/\/www.radiomajaguabo.icrt.cu\/?p=4455","title":{"rendered":"Debaten situaci\u00f3n econ\u00f3mica en cooperativa sanluisera"},"content":{"rendered":"<p><strong>San Luis, Santiago de Cuba, ago. 14, 23, _<\/strong> Atender mejor las plantaciones de ca\u00f1a para elevar el rendimiento por hect\u00e1reas y tener m\u00e1s materia prima para la pr\u00f3xima zafra, la adecuada atenci\u00f3n a los trabajadores y la situaci\u00f3n de la maquinaria agr\u00edcola, fueron temas tratados con \u00e9nfasis en la Asamblea de Balance Econ\u00f3mico de la Cooperativa de Producci\u00f3n Agropecuaria (CPA) ca\u00f1era Jes\u00fas Su\u00e1rez Gayol.<!--more--><\/p>\n<p><img loading=\"lazy\" decoding=\"async\" class=\"wp-image-4457 alignleft\" src=\"https:\/\/www.radiomajaguabo.icrt.cu\/wp-content\/uploads\/2023\/08\/WhatsApp-Image-2023-08-14-at-5.28.17-AM-300x135.jpeg\" alt=\"\" width=\"338\" height=\"152\" srcset=\"https:\/\/www.radiomajaguabo.icrt.cu\/wp-content\/uploads\/2023\/08\/WhatsApp-Image-2023-08-14-at-5.28.17-AM-300x135.jpeg 300w, https:\/\/www.radiomajaguabo.icrt.cu\/wp-content\/uploads\/2023\/08\/WhatsApp-Image-2023-08-14-at-5.28.17-AM-1024x462.jpeg 1024w, https:\/\/www.radiomajaguabo.icrt.cu\/wp-content\/uploads\/2023\/08\/WhatsApp-Image-2023-08-14-at-5.28.17-AM-768x346.jpeg 768w, https:\/\/www.radiomajaguabo.icrt.cu\/wp-content\/uploads\/2023\/08\/WhatsApp-Image-2023-08-14-at-5.28.17-AM.jpeg 1080w\" sizes=\"auto, (max-width: 338px) 100vw, 338px\" \/>En la estructura productora de ca\u00f1a se evidencia el trabajo sostenido de su junta directiva y de los m\u00e1s 70 asociados, pero factores objetivos y subjetivos influyen en el incumplimiento de la zafra azucarera, sobre todo el corte mecanizado. Urge cohesi\u00f3n para lograr mejorar los resultados en la producci\u00f3n ca\u00f1era y de alimentos as\u00ed destacaron los presentes.<\/p>\n<p>La situaci\u00f3n econ\u00f3mica existente no fue positiva en el a\u00f1o, la inestabilidad en esa \u00e1rea de la cooperativa gener\u00f3 dificultades, aunque hoy muestra otro panorama.<\/p>\n<p>En esa reuni\u00f3n se analizaron algunos mecanismos que entorpecen el trabajo en la cooperativa y la necesidad de estar asesorados jur\u00eddicamente para poder reclamar lo que est\u00e1 legislado en los contratos. La situaci\u00f3n de la maquinaria agr\u00edcola sobre todo, los tractores y las combinadas fue uno de los temas m\u00e1s debatidos.<\/p>\n<p>El Balance Econ\u00f3mico de la Cooperativa de Producci\u00f3n Agropecuaria (CPA) ca\u00f1era Jes\u00fas Su\u00e1rez Gayol se caracteriz\u00f3 por las profundas reflexiones sobre los planes de limpieza de los campos de la gram\u00ednea y otros asuntos de medular importancia para mejorar la econom\u00eda de la estructura. Fueron reconocidos los cooperativistas m\u00e1s destacados en el periodo por los distintos frentes.<\/p>\n<p><img loading=\"lazy\" decoding=\"async\" class=\"wp-image-4458 alignleft\" src=\"https:\/\/www.radiomajaguabo.icrt.cu\/wp-content\/uploads\/2023\/08\/WhatsApp-Image-2023-08-14-at-5.28.14-AM1-300x135.jpeg\" alt=\"\" width=\"467\" height=\"210\" srcset=\"https:\/\/www.radiomajaguabo.icrt.cu\/wp-content\/uploads\/2023\/08\/WhatsApp-Image-2023-08-14-at-5.28.14-AM1-300x135.jpeg 300w, https:\/\/www.radiomajaguabo.icrt.cu\/wp-content\/uploads\/2023\/08\/WhatsApp-Image-2023-08-14-at-5.28.14-AM1-1024x462.jpeg 1024w, https:\/\/www.radiomajaguabo.icrt.cu\/wp-content\/uploads\/2023\/08\/WhatsApp-Image-2023-08-14-at-5.28.14-AM1-768x346.jpeg 768w, https:\/\/www.radiomajaguabo.icrt.cu\/wp-content\/uploads\/2023\/08\/WhatsApp-Image-2023-08-14-at-5.28.14-AM1.jpeg 1080w\" sizes=\"auto, (max-width: 467px) 100vw, 467px\" \/><img loading=\"lazy\" decoding=\"async\" class=\"alignnone  wp-image-4459 alignleft\" src=\"https:\/\/www.radiomajaguabo.icrt.cu\/wp-content\/uploads\/2023\/08\/WhatsApp-Image-2023-08-14-at-5.28.14-AM-300x135.jpeg\" alt=\"\" width=\"369\" height=\"166\" srcset=\"https:\/\/www.radiomajaguabo.icrt.cu\/wp-content\/uploads\/2023\/08\/WhatsApp-Image-2023-08-14-at-5.28.14-AM-300x135.jpeg 300w, https:\/\/www.radiomajaguabo.icrt.cu\/wp-content\/uploads\/2023\/08\/WhatsApp-Image-2023-08-14-at-5.28.14-AM-1024x462.jpeg 1024w, https:\/\/www.radiomajaguabo.icrt.cu\/wp-content\/uploads\/2023\/08\/WhatsApp-Image-2023-08-14-at-5.28.14-AM-768x346.jpeg 768w, https:\/\/www.radiomajaguabo.icrt.cu\/wp-content\/uploads\/2023\/08\/WhatsApp-Image-2023-08-14-at-5.28.14-AM.jpeg 1080w\" sizes=\"auto, (max-width: 369px) 100vw, 369px\" \/> <img loading=\"lazy\" decoding=\"async\" class=\"alignnone size-medium wp-image-4460 alignleft\" src=\"https:\/\/www.radiomajaguabo.icrt.cu\/wp-content\/uploads\/2023\/08\/WhatsApp-Image-2023-08-14-at-5.28.13-AM1-135x300.jpeg\" alt=\"\" width=\"135\" height=\"300\" srcset=\"https:\/\/www.radiomajaguabo.icrt.cu\/wp-content\/uploads\/2023\/08\/WhatsApp-Image-2023-08-14-at-5.28.13-AM1-135x300.jpeg 135w, https:\/\/www.radiomajaguabo.icrt.cu\/wp-content\/uploads\/2023\/08\/WhatsApp-Image-2023-08-14-at-5.28.13-AM1-462x1024.jpeg 462w, https:\/\/www.radiomajaguabo.icrt.cu\/wp-content\/uploads\/2023\/08\/WhatsApp-Image-2023-08-14-at-5.28.13-AM1.jpeg 487w\" sizes=\"auto, (max-width: 135px) 100vw, 135px\" \/> <img loading=\"lazy\" decoding=\"async\" class=\"size-medium wp-image-4461 alignleft\" src=\"https:\/\/www.radiomajaguabo.icrt.cu\/wp-content\/uploads\/2023\/08\/WhatsApp-Image-2023-08-14-at-5.28.13-AM-300x135.jpeg\" alt=\"\" width=\"300\" height=\"135\" srcset=\"https:\/\/www.radiomajaguabo.icrt.cu\/wp-content\/uploads\/2023\/08\/WhatsApp-Image-2023-08-14-at-5.28.13-AM-300x135.jpeg 300w, https:\/\/www.radiomajaguabo.icrt.cu\/wp-content\/uploads\/2023\/08\/WhatsApp-Image-2023-08-14-at-5.28.13-AM-1024x462.jpeg 1024w, https:\/\/www.radiomajaguabo.icrt.cu\/wp-content\/uploads\/2023\/08\/WhatsApp-Image-2023-08-14-at-5.28.13-AM-768x346.jpeg 768w, https:\/\/www.radiomajaguabo.icrt.cu\/wp-content\/uploads\/2023\/08\/WhatsApp-Image-2023-08-14-at-5.28.13-AM.jpeg 1080w\" sizes=\"auto, (max-width: 300px) 100vw, 300px\" \/><\/p>\n<p>&nbsp;<\/p>\n<p>&nbsp;<\/p>\n<p>&nbsp;<\/p>\n<p>&nbsp;<\/p>\n<p>&nbsp;<\/p>\n<p>All\u00ed qued\u00f3 patentizado que para superar las dificultades resulta decisiva la cohesi\u00f3n del colectivo y el trabajo intencionado con los socios para que todos apoyen la labor fundamental, el cultivo de la ca\u00f1a.<\/p>\n","protected":false},"excerpt":{"rendered":"<p>San Luis, Santiago de Cuba, ago. 14, 23, _ Atender mejor las plantaciones de ca\u00f1a para elevar el rendimiento por<\/p>\n<div class='heateor_sss_sharing_container heateor_sss_vertical_sharing heateor_sss_bottom_sharing' style='width:44px;left: -10px;top: 100px;-webkit-box-shadow:none;box-shadow:none;' ><div class=\"heateor_sss_sharing_ul\"><a class=\"heateor_sss_amp heateor_sss_amp_facebook\" href=\"https:\/\/www.facebook.com\/sharer\/sharer.php?u=https%3A%2F%2Fwww.radiomajaguabo.icrt.cu%2Findex.php%3Frest_route%3D%252Fwp%252Fv2%252Fposts%252F4455\" title=\"Facebook\" rel=\"nofollow noopener\" target=\"_blank\"><amp-img src=\"https:\/\/www.radiomajaguabo.icrt.cu\/wp-content\/plugins\/sassy-social-share\/public\/..\/images\/amp\/facebook.svg\" width=\"40\" height=\"40\" alt=\"Facebook\" class=\"amp-wp-enforced-sizes\" style=\"width: 40px;\"><\/amp-img><\/a><a class=\"heateor_sss_amp heateor_sss_amp_linkedin\" href=\"https:\/\/www.linkedin.com\/sharing\/share-offsite\/?url=https%3A%2F%2Fwww.radiomajaguabo.icrt.cu%2Findex.php%3Frest_route%3D%252Fwp%252Fv2%252Fposts%252F4455\" title=\"Linkedin\" rel=\"nofollow noopener\" target=\"_blank\"><amp-img src=\"https:\/\/www.radiomajaguabo.icrt.cu\/wp-content\/plugins\/sassy-social-share\/public\/..\/images\/amp\/linkedin.svg\" width=\"40\" height=\"40\" alt=\"Linkedin\" class=\"amp-wp-enforced-sizes\" style=\"width: 40px;\"><\/amp-img><\/a><a class=\"heateor_sss_amp heateor_sss_amp_whatsapp\" href=\"https:\/\/api.whatsapp.com\/send?text=Radio%20Majaguabo%20-%20Emisora%20Radio%20Majaguabo%2C%20San%20Luis%2C%20Santiago%20de%20Cuba%2C%20Cuba%20https%3A%2F%2Fwww.radiomajaguabo.icrt.cu%2Findex.php%3Frest_route%3D%252Fwp%252Fv2%252Fposts%252F4455\" title=\"Whatsapp\" rel=\"nofollow noopener\" target=\"_blank\"><amp-img src=\"https:\/\/www.radiomajaguabo.icrt.cu\/wp-content\/plugins\/sassy-social-share\/public\/..\/images\/amp\/whatsapp.svg\" width=\"40\" height=\"40\" alt=\"Whatsapp\" class=\"amp-wp-enforced-sizes\" style=\"width: 40px;\"><\/amp-img><\/a><a class=\"heateor_sss_amp heateor_sss_amp_instagram\" href=\"https:\/\/www.instagram.com\/\" title=\"Instagram\" rel=\"nofollow noopener\" target=\"_blank\"><amp-img src=\"https:\/\/www.radiomajaguabo.icrt.cu\/wp-content\/plugins\/sassy-social-share\/public\/..\/images\/amp\/instagram.svg\" width=\"40\" height=\"40\" alt=\"Instagram\" class=\"amp-wp-enforced-sizes\" style=\"width: 40px;\"><\/amp-img><\/a><a class=\"heateor_sss_amp heateor_sss_amp_x\" href=\"https:\/\/twitter.com\/intent\/tweet?text=Radio%20Majaguabo%20-%20Emisora%20Radio%20Majaguabo%2C%20San%20Luis%2C%20Santiago%20de%20Cuba%2C%20Cuba&url=https%3A%2F%2Fwww.radiomajaguabo.icrt.cu%2Findex.php%3Frest_route%3D%252Fwp%252Fv2%252Fposts%252F4455\" title=\"X\" rel=\"nofollow noopener\" target=\"_blank\"><amp-img src=\"https:\/\/www.radiomajaguabo.icrt.cu\/wp-content\/plugins\/sassy-social-share\/public\/..\/images\/amp\/x.svg\" width=\"40\" height=\"40\" alt=\"X\" class=\"amp-wp-enforced-sizes\" style=\"width:40px;\"><\/amp-img><\/a><\/div><div class=\"heateorSssClear\"><\/div><\/div>","protected":false},"author":1,"featured_media":4456,"comment_status":"open","ping_status":"open","sticky":false,"template":"","format":"standard","meta":{"colormag_page_layout":"default_layout","footnotes":""},"categories":[10],"tags":[1272,1270,1271,304,49,616],"ppma_author":[37,299],"class_list":["post-4455","post","type-post","status-publish","format-standard","has-post-thumbnail","hentry","category-san-luis","tag-balance-economico","tag-cooperativa-de-produccion-agropecuaria-cpa-canera","tag-jesus-suarez-gayol","tag-san-luis","tag-santiago-de-cuba","tag-zafra-azucarera"],"authors":[{"term_id":37,"user_id":1,"is_guest":0,"slug":"alberterie","display_name":"Administrador","avatar_url":"https:\/\/secure.gravatar.com\/avatar\/c7c20c93c5f4c81e7a7dc9b02a42095ae8875c9af446129683aaa06faf7fd1f3?s=96&d=mm&r=g","author_category":"","user_url":"https:\/\/www.radiomajaguabo.icrt.cu","last_name":"Alberterie Rivero","first_name":"Pedro","job_title":"","description":""},{"term_id":299,"user_id":6,"is_guest":0,"slug":"yaniuska","display_name":"Yaniuska P\u00e9rez Verdecia","avatar_url":"https:\/\/secure.gravatar.com\/avatar\/a6d7e51e5ccf0210b8c939b21a0b37dca410372954868b8ff5b8e51c07cf1a6e?s=96&d=mm&r=g","author_category":"","user_url":"","last_name":"P\u00e9rez Verdecia","first_name":"Yaniuska","job_title":"","description":""}],"amp_enabled":true,"_links":{"self":[{"href":"https:\/\/www.radiomajaguabo.icrt.cu\/index.php?rest_route=\/wp\/v2\/posts\/4455","targetHints":{"allow":["GET"]}}],"collection":[{"href":"https:\/\/www.radiomajaguabo.icrt.cu\/index.php?rest_route=\/wp\/v2\/posts"}],"about":[{"href":"https:\/\/www.radiomajaguabo.icrt.cu\/index.php?rest_route=\/wp\/v2\/types\/post"}],"author":[{"embeddable":true,"href":"https:\/\/www.radiomajaguabo.icrt.cu\/index.php?rest_route=\/wp\/v2\/users\/1"}],"replies":[{"embeddable":true,"href":"https:\/\/www.radiomajaguabo.icrt.cu\/index.php?rest_route=%2Fwp%2Fv2%2Fcomments&post=4455"}],"version-history":[{"count":1,"href":"https:\/\/www.radiomajaguabo.icrt.cu\/index.php?rest_route=\/wp\/v2\/posts\/4455\/revisions"}],"predecessor-version":[{"id":4462,"href":"https:\/\/www.radiomajaguabo.icrt.cu\/index.php?rest_route=\/wp\/v2\/posts\/4455\/revisions\/4462"}],"wp:featuredmedia":[{"embeddable":true,"href":"https:\/\/www.radiomajaguabo.icrt.cu\/index.php?rest_route=\/wp\/v2\/media\/4456"}],"wp:attachment":[{"href":"https:\/\/www.radiomajaguabo.icrt.cu\/index.php?rest_route=%2Fwp%2Fv2%2Fmedia&parent=4455"}],"wp:term":[{"taxonomy":"category","embeddable":true,"href":"https:\/\/www.radiomajaguabo.icrt.cu\/index.php?rest_route=%2Fwp%2Fv2%2Fcategories&post=4455"},{"taxonomy":"post_tag","embeddable":true,"href":"https:\/\/www.radiomajaguabo.icrt.cu\/index.php?rest_route=%2Fwp%2Fv2%2Ftags&post=4455"},{"taxonomy":"author","embeddable":true,"href":"https:\/\/www.radiomajaguabo.icrt.cu\/index.php?rest_route=%2Fwp%2Fv2%2Fppma_author&post=4455"}],"curies":[{"name":"wp","href":"https:\/\/api.w.org\/{rel}","templated":true}]}}