{"id":442,"date":"2022-09-27T06:21:57","date_gmt":"2022-09-27T06:21:57","guid":{"rendered":"https:\/\/localhost\/radiomajaguabo\/?p=442"},"modified":"2022-09-27T14:24:24","modified_gmt":"2022-09-27T14:24:24","slug":"costa-rica-vence-in-extremis-a-uzbekistan-en-amistoso-de-futbol","status":"publish","type":"post","link":"https:\/\/www.radiomajaguabo.icrt.cu\/?p=442","title":{"rendered":"Costa Rica vence in extremis a Uzbekist\u00e1n en amistoso de f\u00fatbol"},"content":{"rendered":"<div class=\"elementor-element elementor-element-44014e52 elementor-widget elementor-widget-theme-post-excerpt\" data-id=\"44014e52\" data-element_type=\"widget\" data-widget_type=\"theme-post-excerpt.default\">\n<div class=\"elementor-widget-container\">San Jos\u00e9, 27 sep (Prensa Latina) La selecci\u00f3n nacional de f\u00fatbol de Costa Rica venci\u00f3 hoy 2-1 in extremis a Uzbekist\u00e1n en partido amistoso en Corea del Sur de preparaci\u00f3n para la Copa del Mundo Qatar 2022.<\/div>\n<\/div>\n<p><!--more--><\/p>\n<div class=\"elementor-element elementor-element-560e1f7e elementor-widget elementor-widget-theme-post-content\" data-id=\"560e1f7e\" data-element_type=\"widget\" data-widget_type=\"theme-post-content.default\">\n<div class=\"elementor-widget-container\">\n<p>En tiempo extra y en dos minutos, Costa Rica consigui\u00f3 los dos goles que le dieron la victoria cuando parec\u00eda que saldr\u00edan del estadio mundialista Suwon con una derrota que le permitir\u00eda al conjunto uzbeko mantener su paso arrollador en siete partidos.<\/p>\n<p>De esa forma, los ticos dejaron en seis la racha victoriosa de la selecci\u00f3n rival.<\/p>\n<p>Realmente Costa Rica fue muy d\u00e9bil en el ataque durante todo el partido y por eso tuvieron que venir de atr\u00e1s, ya que al minuto 25 el mejor futbolista y capit\u00e1n uzbeko, el delantero Eldor Shomrodov, puso a su equipo delante con gran tiro cruzado, luego de un error garrafal de los ticos Juan Pablo Vargas y Orlando Galo en la salida.<\/p>\n<p>Sin embargo, los futbolistas ticos le ten\u00edan una sorpresa a sus rivales de hoy, pues en el minuto 90+2, un pase de cabeza del defensor Kendall Waston al delantero Anthony Contreras, quien define, pero el portero Utkir Yusupov le niega el grito de gol, al despejar el bal\u00f3n, pero esto es aprovechado por el volante Anthony Hern\u00e1ndez que lo empuja para igualar.<\/p>\n<p>Solo dos minutos despu\u00e9s, a los 90+4, Hern\u00e1ndez cobra una falta cerca del \u00e1rea y env\u00eda el bal\u00f3n al centro de la zona chica, donde Waston la cabecea hasta el fondo de la red rival, para darle un triunfo totalmente inesperado a Costa Rica.<\/p>\n<p>Al igual que en el amistoso Costa Rica-Corea del Sur del viernes pasado, el cual termin\u00f3 empatado a dos, el t\u00e9cnico de la selecci\u00f3n tica, el colombiano Luis Fernando Su\u00e1rez, coloc\u00f3 a figuras j\u00f3venes, junto a experimentados, para probar a todos los convocados en busca de las figuras que representar\u00e1n a la naci\u00f3n centroamericana en Qatar 2022.<\/p>\n<p>El encuentro con los sudcoreanos termin\u00f3 empatado a dos, en un resultado que puede considerarse positivo para el conjunto centroamericano, toda vez que soport\u00f3 la presi\u00f3n del local en un Estadio Goyang repleto de aficionados locales.<\/p>\n<p>Poco antes de este primer tope amistoso de preparaci\u00f3n, el t\u00e9cnico colombiano afirm\u00f3 en conferencia de prensa que el objetivo de los mismos era observar las virtudes y debilidades del conjunto nacional de cara al primer mundial de f\u00fatbol en un pa\u00eds \u00e1rabe, que comenzar\u00e1 en 54 d\u00edas.<\/p>\n<p>Costa Rica aparece en el Grupo E de la fase eliminatoria de Qatar 2022, junto a Espa\u00f1a, Brasil y Jap\u00f3n.<\/p>\n<p>acl\/ale<\/p>\n<\/div>\n<\/div>\n<div class=\"elementor-element elementor-element-1fdbd0a elementor-widget elementor-widget-post-info\" data-id=\"1fdbd0a\" data-element_type=\"widget\" data-widget_type=\"post-info.default\">\n<div class=\"elementor-widget-container\">\n<ul class=\"elementor-inline-items elementor-icon-list-items elementor-post-info\">\n<li class=\"elementor-icon-list-item elementor-repeater-item-170494c elementor-inline-item\"><span class=\"elementor-icon-list-text elementor-post-info__item elementor-post-info__item--type-custom\"> #<a href=\"https:\/\/www.prensa-latina.cu\/tags\/costa-rica\" rel=\"tag noopener\" target=\"_blank\">costa rica<\/a> #<a href=\"https:\/\/www.prensa-latina.cu\/tags\/futbol\" rel=\"tag noopener\" target=\"_blank\">futbol<\/a> #<a href=\"https:\/\/www.prensa-latina.cu\/tags\/prensa-latina\" rel=\"tag noopener\" target=\"_blank\">Prensa Latina<\/a> <\/span><\/li>\n<\/ul>\n<\/div>\n<\/div>\n","protected":false},"excerpt":{"rendered":"<p>San Jos\u00e9, 27 sep (Prensa Latina) La selecci\u00f3n nacional de f\u00fatbol de Costa Rica venci\u00f3 hoy 2-1 in extremis a<\/p>\n<div class='heateor_sss_sharing_container heateor_sss_vertical_sharing heateor_sss_bottom_sharing' style='width:44px;left: -10px;top: 100px;-webkit-box-shadow:none;box-shadow:none;' ><div class=\"heateor_sss_sharing_ul\"><a class=\"heateor_sss_amp heateor_sss_amp_facebook\" href=\"https:\/\/www.facebook.com\/sharer\/sharer.php?u=https%3A%2F%2Fwww.radiomajaguabo.icrt.cu%2Findex.php%3Frest_route%3D%252Fwp%252Fv2%252Fposts%252F442\" title=\"Facebook\" rel=\"nofollow noopener\" target=\"_blank\"><amp-img src=\"https:\/\/www.radiomajaguabo.icrt.cu\/wp-content\/plugins\/sassy-social-share\/public\/..\/images\/amp\/facebook.svg\" width=\"40\" height=\"40\" alt=\"Facebook\" class=\"amp-wp-enforced-sizes\" style=\"width: 40px;\"><\/amp-img><\/a><a class=\"heateor_sss_amp heateor_sss_amp_linkedin\" href=\"https:\/\/www.linkedin.com\/sharing\/share-offsite\/?url=https%3A%2F%2Fwww.radiomajaguabo.icrt.cu%2Findex.php%3Frest_route%3D%252Fwp%252Fv2%252Fposts%252F442\" title=\"Linkedin\" rel=\"nofollow noopener\" target=\"_blank\"><amp-img src=\"https:\/\/www.radiomajaguabo.icrt.cu\/wp-content\/plugins\/sassy-social-share\/public\/..\/images\/amp\/linkedin.svg\" width=\"40\" height=\"40\" alt=\"Linkedin\" class=\"amp-wp-enforced-sizes\" style=\"width: 40px;\"><\/amp-img><\/a><a class=\"heateor_sss_amp heateor_sss_amp_whatsapp\" href=\"https:\/\/api.whatsapp.com\/send?text=Radio%20Majaguabo%20-%20Emisora%20Radio%20Majaguabo%2C%20San%20Luis%2C%20Santiago%20de%20Cuba%2C%20Cuba%20https%3A%2F%2Fwww.radiomajaguabo.icrt.cu%2Findex.php%3Frest_route%3D%252Fwp%252Fv2%252Fposts%252F442\" title=\"Whatsapp\" rel=\"nofollow noopener\" target=\"_blank\"><amp-img src=\"https:\/\/www.radiomajaguabo.icrt.cu\/wp-content\/plugins\/sassy-social-share\/public\/..\/images\/amp\/whatsapp.svg\" width=\"40\" height=\"40\" alt=\"Whatsapp\" class=\"amp-wp-enforced-sizes\" style=\"width: 40px;\"><\/amp-img><\/a><a class=\"heateor_sss_amp heateor_sss_amp_instagram\" href=\"https:\/\/www.instagram.com\/\" title=\"Instagram\" rel=\"nofollow noopener\" target=\"_blank\"><amp-img src=\"https:\/\/www.radiomajaguabo.icrt.cu\/wp-content\/plugins\/sassy-social-share\/public\/..\/images\/amp\/instagram.svg\" width=\"40\" height=\"40\" alt=\"Instagram\" class=\"amp-wp-enforced-sizes\" style=\"width: 40px;\"><\/amp-img><\/a><a class=\"heateor_sss_amp heateor_sss_amp_x\" href=\"https:\/\/twitter.com\/intent\/tweet?text=Radio%20Majaguabo%20-%20Emisora%20Radio%20Majaguabo%2C%20San%20Luis%2C%20Santiago%20de%20Cuba%2C%20Cuba&url=https%3A%2F%2Fwww.radiomajaguabo.icrt.cu%2Findex.php%3Frest_route%3D%252Fwp%252Fv2%252Fposts%252F442\" title=\"X\" rel=\"nofollow noopener\" target=\"_blank\"><amp-img src=\"https:\/\/www.radiomajaguabo.icrt.cu\/wp-content\/plugins\/sassy-social-share\/public\/..\/images\/amp\/x.svg\" width=\"40\" height=\"40\" alt=\"X\" class=\"amp-wp-enforced-sizes\" style=\"width:40px;\"><\/amp-img><\/a><\/div><div class=\"heateorSssClear\"><\/div><\/div>","protected":false},"author":1,"featured_media":443,"comment_status":"open","ping_status":"open","sticky":false,"template":"","format":"standard","meta":{"colormag_page_layout":"default_layout","footnotes":""},"categories":[5],"tags":[240,239,238,232],"ppma_author":[37],"class_list":["post-442","post","type-post","status-publish","format-standard","has-post-thumbnail","hentry","category-deportes","tag-copa-del-mundo","tag-costa-rica","tag-futbol","tag-qatar-2022"],"authors":[{"term_id":37,"user_id":1,"is_guest":0,"slug":"alberterie","display_name":"Administrador","avatar_url":"https:\/\/secure.gravatar.com\/avatar\/c7c20c93c5f4c81e7a7dc9b02a42095ae8875c9af446129683aaa06faf7fd1f3?s=96&d=mm&r=g","author_category":"","user_url":"https:\/\/www.radiomajaguabo.icrt.cu","last_name":"Alberterie Rivero","first_name":"Pedro","job_title":"","description":""}],"amp_enabled":true,"_links":{"self":[{"href":"https:\/\/www.radiomajaguabo.icrt.cu\/index.php?rest_route=\/wp\/v2\/posts\/442","targetHints":{"allow":["GET"]}}],"collection":[{"href":"https:\/\/www.radiomajaguabo.icrt.cu\/index.php?rest_route=\/wp\/v2\/posts"}],"about":[{"href":"https:\/\/www.radiomajaguabo.icrt.cu\/index.php?rest_route=\/wp\/v2\/types\/post"}],"author":[{"embeddable":true,"href":"https:\/\/www.radiomajaguabo.icrt.cu\/index.php?rest_route=\/wp\/v2\/users\/1"}],"replies":[{"embeddable":true,"href":"https:\/\/www.radiomajaguabo.icrt.cu\/index.php?rest_route=%2Fwp%2Fv2%2Fcomments&post=442"}],"version-history":[{"count":1,"href":"https:\/\/www.radiomajaguabo.icrt.cu\/index.php?rest_route=\/wp\/v2\/posts\/442\/revisions"}],"predecessor-version":[{"id":444,"href":"https:\/\/www.radiomajaguabo.icrt.cu\/index.php?rest_route=\/wp\/v2\/posts\/442\/revisions\/444"}],"wp:featuredmedia":[{"embeddable":true,"href":"https:\/\/www.radiomajaguabo.icrt.cu\/index.php?rest_route=\/wp\/v2\/media\/443"}],"wp:attachment":[{"href":"https:\/\/www.radiomajaguabo.icrt.cu\/index.php?rest_route=%2Fwp%2Fv2%2Fmedia&parent=442"}],"wp:term":[{"taxonomy":"category","embeddable":true,"href":"https:\/\/www.radiomajaguabo.icrt.cu\/index.php?rest_route=%2Fwp%2Fv2%2Fcategories&post=442"},{"taxonomy":"post_tag","embeddable":true,"href":"https:\/\/www.radiomajaguabo.icrt.cu\/index.php?rest_route=%2Fwp%2Fv2%2Ftags&post=442"},{"taxonomy":"author","embeddable":true,"href":"https:\/\/www.radiomajaguabo.icrt.cu\/index.php?rest_route=%2Fwp%2Fv2%2Fppma_author&post=442"}],"curies":[{"name":"wp","href":"https:\/\/api.w.org\/{rel}","templated":true}]}}