{"id":434,"date":"2022-09-27T14:15:03","date_gmt":"2022-09-27T14:15:03","guid":{"rendered":"https:\/\/localhost\/radiomajaguabo\/?p=434"},"modified":"2022-09-27T14:16:02","modified_gmt":"2022-09-27T14:16:02","slug":"exalta-presidente-de-cuba-labor-de-dirigentes-frente-al-huracan-ian","status":"publish","type":"post","link":"https:\/\/www.radiomajaguabo.icrt.cu\/?p=434","title":{"rendered":"Exalta presidente de Cuba labor de dirigentes frente al hurac\u00e1n Ian"},"content":{"rendered":"<div class=\"elementor-element elementor-element-44014e52 elementor-widget elementor-widget-theme-post-excerpt\" data-id=\"44014e52\" data-element_type=\"widget\" data-widget_type=\"theme-post-excerpt.default\">\n<div class=\"elementor-widget-container\">La Habana, 27 sep (Prensa Latina) El presidente Miguel D\u00edaz-Canel exalt\u00f3 hoy la labor de los dirigentes del Partido Comunista de Cuba (PCC) y del Gobierno, quienes conducen las acciones para hacer frente al hurac\u00e1n Ian.<\/div>\n<\/div>\n<p><!--more--><\/p>\n<div class=\"elementor-element elementor-element-560e1f7e elementor-widget elementor-widget-theme-post-content\" data-id=\"560e1f7e\" data-element_type=\"widget\" data-widget_type=\"theme-post-content.default\">\n<div class=\"elementor-widget-container\">\n<p>En particular el mandatario destac\u00f3 el protagonismo de las cuatro mujeres jefas de los Consejos de Defensa de los principales territorios afectados: las provincias occidentales de Pinar del R\u00edo, Artemisa y Mayabeque y el municipio especial Isla de la Juventud, de quienes expres\u00f3 que enorgullece su trabajo.<\/p>\n<p>En su cuenta de Twitter el tambi\u00e9n primer secretario del Comit\u00e9 Central del PCC escribi\u00f3: \u201cOtra madrugada sin reposo para los cuadros del @PartidoPCC y el Gobierno de la naci\u00f3n, bajo las tensiones que desata un hurac\u00e1n. Enorgullecen las cuatro jefas de Consejos de Defensa en territorios afectados. #CubaEsAmor\u201d.<\/p>\n<p>El hurac\u00e1n Ian transitaba a las 06:00 hora local por la ciudad cabecera de la provincia de Pinar del R\u00edo, con vientos sostenidos de 205 kil\u00f3metros por hora, seg\u00fan el Instituto de Meteorolog\u00eda.<\/p>\n<p>El meteoro, categor\u00eda 3 en la escala Saffir-Simpson, en las \u00faltimas 24 horas provoc\u00f3 lluvias fuertes e intensas, las cuales llegaron a acumular 108.3 mil\u00edmetros en la estaci\u00f3n meteorol\u00f3gica de Amistad Cuba-Francia, en el municipio especial Isla de la Juventud.<\/p>\n<p>Seg\u00fan los pron\u00f3sticos, el territorio m\u00e1s occidental de Cuba continuar\u00e1 bajo el impacto del evento hidrometeorol\u00f3gico hasta aproximadamente las 08:00 (hora local), cuando debe salir por un punto de la costa norte cercano a Puerto Esperanza (Vi\u00f1ales).<\/p>\n<p>Las \u00e1reas de chubascos, lluvias y fuerte actividad el\u00e9ctrica asociadas al hurac\u00e1n han afectado tambi\u00e9n a las provincias de Artemisa, Mayabeque y Matanzas, mientras que los vientos con fuerza de tormenta tropical (70-85 kil\u00f3metros por hora) continuar\u00e1n sobre Artemisa, Mayabeque, La Habana y la Isla de la Juventud.<\/p>\n<p>Persist\u00edan las inundaciones costeras fuertes en la costa del golfo de Guanahacabibes, al norte de la provincia de Pinar del R\u00edo e inundaciones moderadas en el sur de la Isla de la Juventud y Pinar del R\u00edo.<\/p>\n<p>mem\/kmg<\/p>\n<\/div>\n<\/div>\n<div class=\"elementor-element elementor-element-1fdbd0a elementor-widget elementor-widget-post-info\" data-id=\"1fdbd0a\" data-element_type=\"widget\" data-widget_type=\"post-info.default\">\n<div class=\"elementor-widget-container\">\n<ul class=\"elementor-inline-items elementor-icon-list-items elementor-post-info\">\n<li class=\"elementor-icon-list-item elementor-repeater-item-170494c elementor-inline-item\"><span class=\"elementor-icon-list-text elementor-post-info__item elementor-post-info__item--type-custom\"> #<a href=\"https:\/\/www.prensa-latina.cu\/tags\/cuba\" rel=\"tag noopener\" target=\"_blank\">cuba<\/a> #<a href=\"https:\/\/www.prensa-latina.cu\/tags\/huracan\" rel=\"tag noopener\" target=\"_blank\">hurac\u00e1n<\/a> #<a href=\"https:\/\/www.prensa-latina.cu\/tags\/miguel-diaz-canel\" rel=\"tag noopener\" target=\"_blank\">Miguel D\u00edaz Canel<\/a> #<a href=\"https:\/\/www.prensa-latina.cu\/tags\/pinar-del-rio\" rel=\"tag noopener\" target=\"_blank\">Pinar del r\u00edo<\/a> <\/span><\/li>\n<\/ul>\n<\/div>\n<\/div>\n","protected":false},"excerpt":{"rendered":"<p>La Habana, 27 sep (Prensa Latina) El presidente Miguel D\u00edaz-Canel exalt\u00f3 hoy la labor de los dirigentes del Partido Comunista<\/p>\n<div class='heateor_sss_sharing_container heateor_sss_vertical_sharing heateor_sss_bottom_sharing' style='width:44px;left: -10px;top: 100px;-webkit-box-shadow:none;box-shadow:none;' ><div class=\"heateor_sss_sharing_ul\"><a class=\"heateor_sss_amp heateor_sss_amp_facebook\" href=\"https:\/\/www.facebook.com\/sharer\/sharer.php?u=https%3A%2F%2Fwww.radiomajaguabo.icrt.cu%2Findex.php%3Frest_route%3D%252Fwp%252Fv2%252Fposts%252F434\" title=\"Facebook\" rel=\"nofollow noopener\" target=\"_blank\"><amp-img src=\"https:\/\/www.radiomajaguabo.icrt.cu\/wp-content\/plugins\/sassy-social-share\/public\/..\/images\/amp\/facebook.svg\" width=\"40\" height=\"40\" alt=\"Facebook\" class=\"amp-wp-enforced-sizes\" style=\"width: 40px;\"><\/amp-img><\/a><a class=\"heateor_sss_amp heateor_sss_amp_linkedin\" href=\"https:\/\/www.linkedin.com\/sharing\/share-offsite\/?url=https%3A%2F%2Fwww.radiomajaguabo.icrt.cu%2Findex.php%3Frest_route%3D%252Fwp%252Fv2%252Fposts%252F434\" title=\"Linkedin\" rel=\"nofollow noopener\" target=\"_blank\"><amp-img src=\"https:\/\/www.radiomajaguabo.icrt.cu\/wp-content\/plugins\/sassy-social-share\/public\/..\/images\/amp\/linkedin.svg\" width=\"40\" height=\"40\" alt=\"Linkedin\" class=\"amp-wp-enforced-sizes\" style=\"width: 40px;\"><\/amp-img><\/a><a class=\"heateor_sss_amp heateor_sss_amp_whatsapp\" href=\"https:\/\/api.whatsapp.com\/send?text=Radio%20Majaguabo%20-%20Emisora%20Radio%20Majaguabo%2C%20San%20Luis%2C%20Santiago%20de%20Cuba%2C%20Cuba%20https%3A%2F%2Fwww.radiomajaguabo.icrt.cu%2Findex.php%3Frest_route%3D%252Fwp%252Fv2%252Fposts%252F434\" title=\"Whatsapp\" rel=\"nofollow noopener\" target=\"_blank\"><amp-img src=\"https:\/\/www.radiomajaguabo.icrt.cu\/wp-content\/plugins\/sassy-social-share\/public\/..\/images\/amp\/whatsapp.svg\" width=\"40\" height=\"40\" alt=\"Whatsapp\" class=\"amp-wp-enforced-sizes\" style=\"width: 40px;\"><\/amp-img><\/a><a class=\"heateor_sss_amp heateor_sss_amp_instagram\" href=\"https:\/\/www.instagram.com\/\" title=\"Instagram\" rel=\"nofollow noopener\" target=\"_blank\"><amp-img src=\"https:\/\/www.radiomajaguabo.icrt.cu\/wp-content\/plugins\/sassy-social-share\/public\/..\/images\/amp\/instagram.svg\" width=\"40\" height=\"40\" alt=\"Instagram\" class=\"amp-wp-enforced-sizes\" style=\"width: 40px;\"><\/amp-img><\/a><a class=\"heateor_sss_amp heateor_sss_amp_x\" href=\"https:\/\/twitter.com\/intent\/tweet?text=Radio%20Majaguabo%20-%20Emisora%20Radio%20Majaguabo%2C%20San%20Luis%2C%20Santiago%20de%20Cuba%2C%20Cuba&url=https%3A%2F%2Fwww.radiomajaguabo.icrt.cu%2Findex.php%3Frest_route%3D%252Fwp%252Fv2%252Fposts%252F434\" title=\"X\" rel=\"nofollow noopener\" target=\"_blank\"><amp-img src=\"https:\/\/www.radiomajaguabo.icrt.cu\/wp-content\/plugins\/sassy-social-share\/public\/..\/images\/amp\/x.svg\" width=\"40\" height=\"40\" alt=\"X\" class=\"amp-wp-enforced-sizes\" style=\"width:40px;\"><\/amp-img><\/a><\/div><div class=\"heateorSssClear\"><\/div><\/div>","protected":false},"author":10,"featured_media":438,"comment_status":"open","ping_status":"open","sticky":false,"template":"","format":"standard","meta":{"colormag_page_layout":"default_layout","footnotes":""},"categories":[8],"tags":[13,235,14],"ppma_author":[39],"class_list":["post-434","post","type-post","status-publish","format-standard","has-post-thumbnail","hentry","category-nacionales","tag-cuba","tag-huracan-ian","tag-miguel-diaz-canel"],"authors":[{"term_id":39,"user_id":10,"is_guest":0,"slug":"prensa-latina","display_name":"Prensa Latina","avatar_url":"https:\/\/secure.gravatar.com\/avatar\/50c7a3112bb25b21ddc4cf0ff17bac923226a0d4e8814139af94a839af15e315?s=96&d=mm&r=g","author_category":"","user_url":"https:\/\/www.prensa-latina.cu","last_name":"","first_name":"Prensa Latina","job_title":"","description":""}],"amp_enabled":true,"_links":{"self":[{"href":"https:\/\/www.radiomajaguabo.icrt.cu\/index.php?rest_route=\/wp\/v2\/posts\/434","targetHints":{"allow":["GET"]}}],"collection":[{"href":"https:\/\/www.radiomajaguabo.icrt.cu\/index.php?rest_route=\/wp\/v2\/posts"}],"about":[{"href":"https:\/\/www.radiomajaguabo.icrt.cu\/index.php?rest_route=\/wp\/v2\/types\/post"}],"author":[{"embeddable":true,"href":"https:\/\/www.radiomajaguabo.icrt.cu\/index.php?rest_route=\/wp\/v2\/users\/10"}],"replies":[{"embeddable":true,"href":"https:\/\/www.radiomajaguabo.icrt.cu\/index.php?rest_route=%2Fwp%2Fv2%2Fcomments&post=434"}],"version-history":[{"count":2,"href":"https:\/\/www.radiomajaguabo.icrt.cu\/index.php?rest_route=\/wp\/v2\/posts\/434\/revisions"}],"predecessor-version":[{"id":437,"href":"https:\/\/www.radiomajaguabo.icrt.cu\/index.php?rest_route=\/wp\/v2\/posts\/434\/revisions\/437"}],"wp:featuredmedia":[{"embeddable":true,"href":"https:\/\/www.radiomajaguabo.icrt.cu\/index.php?rest_route=\/wp\/v2\/media\/438"}],"wp:attachment":[{"href":"https:\/\/www.radiomajaguabo.icrt.cu\/index.php?rest_route=%2Fwp%2Fv2%2Fmedia&parent=434"}],"wp:term":[{"taxonomy":"category","embeddable":true,"href":"https:\/\/www.radiomajaguabo.icrt.cu\/index.php?rest_route=%2Fwp%2Fv2%2Fcategories&post=434"},{"taxonomy":"post_tag","embeddable":true,"href":"https:\/\/www.radiomajaguabo.icrt.cu\/index.php?rest_route=%2Fwp%2Fv2%2Ftags&post=434"},{"taxonomy":"author","embeddable":true,"href":"https:\/\/www.radiomajaguabo.icrt.cu\/index.php?rest_route=%2Fwp%2Fv2%2Fppma_author&post=434"}],"curies":[{"name":"wp","href":"https:\/\/api.w.org\/{rel}","templated":true}]}}