{"id":421,"date":"2022-09-26T06:37:14","date_gmt":"2022-09-26T06:37:14","guid":{"rendered":"https:\/\/localhost\/radiomajaguabo\/?p=421"},"modified":"2022-09-26T16:39:44","modified_gmt":"2022-09-26T16:39:44","slug":"libro-en-cuba-ilustra-resiliencia-de-las-mujeres-ante-la-covid-19","status":"publish","type":"post","link":"https:\/\/www.radiomajaguabo.icrt.cu\/?p=421","title":{"rendered":"Libro en Cuba ilustra resiliencia de las mujeres ante la Covid-19"},"content":{"rendered":"<div class=\"elementor-element elementor-element-44014e52 elementor-widget elementor-widget-theme-post-excerpt\" data-id=\"44014e52\" data-element_type=\"widget\" data-widget_type=\"theme-post-excerpt.default\">\n<div class=\"elementor-widget-container\">La Habana, 26 sep (Prensa Latina) A trav\u00e9s de los testimonios de 56 protagonistas de las diferentes esferas de la vida social cubana, la escritora Irma Mar\u00eda Bernal pone al descubierto hoy la resiliencia de las mujeres en tiempos de crisis.<\/div>\n<\/div>\n<p><!--more--><\/p>\n<div class=\"elementor-element elementor-element-560e1f7e elementor-widget elementor-widget-theme-post-content\" data-id=\"560e1f7e\" data-element_type=\"widget\" data-widget_type=\"theme-post-content.default\">\n<div class=\"elementor-widget-container\">\n<p>La autora del libro Conversando entre nosotras, Las mujeres en tiempos de Covid-19, expone en estas p\u00e1ginas las experiencias de ellas durante dos a\u00f1os (2020-2022), bajo el sello Ediciones Acuario, adscrito al Centro F\u00e9lix Varela.<\/p>\n<p>Seg\u00fan informa el Centro Oscar Arnulfo Romero, colectivo al que pertenece Bernal, el t\u00edtulo agrupa las voces de mujeres procedentes de toda la isla, con edades, profesiones u oficios, credos religiosos, orientaci\u00f3n sexual y color de la piel diferentes, quienes transmitieron sus vivencias durante el confinamiento por la pandemia.<\/p>\n<p>Entre los temas abordados en el volumen, destacan aquellos asociados a la infancia, adolescencia, desempe\u00f1o laboral, violencia de g\u00e9nero, machismo, acoso, aborto, religi\u00f3n, el nuevo C\u00f3digo de las Familias y el impacto de la crisis sanitaria.<\/p>\n<p>Como denominador com\u00fan del texto sobresale \u201cla resiliencia de las mujeres cubanas, cuyo quehacer contribuye a la construcci\u00f3n de una sociedad inclusiva y plena de equidad\u201d, se\u00f1ala en la nota de contracubierta Gabriel Coderch.<\/p>\n<p>Por su parte, el historiador Julio C\u00e9sar Gonz\u00e1lez-Pag\u00e9s asever\u00f3 la validez del trabajo investigativo realizado, que pese a las condiciones adversas apost\u00f3 por visibilizar las voces de las personas que regularmente no son protag\u00f3nicas.<\/p>\n<p>Asimismo, el perfil en la red social Facebook de Articulaci\u00f3n Juvenil del Centro Oscar Arnulfo Romero resalta la coherencia de las historias, que habla de derechos, participaci\u00f3n, equidad, inclusi\u00f3n, empoderamiento, mientras logra que el lector se identifique con esas experiencias.<\/p>\n<p>Nombres como Oderay N\u00e1poles Quintanilla, Liliana Lam, Isel Calzadilla Acosta, Yeni Turi\u00f1o, Rochy Ameneiro y Magda Gonz\u00e1lez Grau figuran en las p\u00e1ginas del libro.<\/p>\n<p>jf\/lbl<\/p>\n<\/div>\n<\/div>\n<div class=\"elementor-element elementor-element-1fdbd0a elementor-widget elementor-widget-post-info\" data-id=\"1fdbd0a\" data-element_type=\"widget\" data-widget_type=\"post-info.default\">\n<div class=\"elementor-widget-container\">\n<ul class=\"elementor-inline-items elementor-icon-list-items elementor-post-info\">\n<li class=\"elementor-icon-list-item elementor-repeater-item-170494c elementor-inline-item\"><span class=\"elementor-icon-list-text elementor-post-info__item elementor-post-info__item--type-custom\"> #<a href=\"https:\/\/www.prensa-latina.cu\/tags\/cubalibro\" rel=\"tag noopener\" target=\"_blank\">CubaLibro<\/a> #<a href=\"https:\/\/www.prensa-latina.cu\/tags\/irmamariabernal\" rel=\"tag noopener\" target=\"_blank\">IrmaMar\u00edaBernal<\/a> #<a href=\"https:\/\/www.prensa-latina.cu\/tags\/lasmujeresentiemposdecovid19\" rel=\"tag noopener\" target=\"_blank\">LasMujeresEnTiemposDeCovid19<\/a> <\/span><\/li>\n<\/ul>\n<\/div>\n<\/div>\n","protected":false},"excerpt":{"rendered":"<p>La Habana, 26 sep (Prensa Latina) A trav\u00e9s de los testimonios de 56 protagonistas de las diferentes esferas de la<\/p>\n<div class='heateor_sss_sharing_container heateor_sss_vertical_sharing heateor_sss_bottom_sharing' style='width:44px;left: -10px;top: 100px;-webkit-box-shadow:none;box-shadow:none;' ><div class=\"heateor_sss_sharing_ul\"><a class=\"heateor_sss_amp heateor_sss_amp_facebook\" href=\"https:\/\/www.facebook.com\/sharer\/sharer.php?u=https%3A%2F%2Fwww.radiomajaguabo.icrt.cu%2Findex.php%3Frest_route%3D%252Fwp%252Fv2%252Fposts%252F421\" title=\"Facebook\" rel=\"nofollow noopener\" target=\"_blank\"><amp-img src=\"https:\/\/www.radiomajaguabo.icrt.cu\/wp-content\/plugins\/sassy-social-share\/public\/..\/images\/amp\/facebook.svg\" width=\"40\" height=\"40\" alt=\"Facebook\" class=\"amp-wp-enforced-sizes\" style=\"width: 40px;\"><\/amp-img><\/a><a class=\"heateor_sss_amp heateor_sss_amp_linkedin\" href=\"https:\/\/www.linkedin.com\/sharing\/share-offsite\/?url=https%3A%2F%2Fwww.radiomajaguabo.icrt.cu%2Findex.php%3Frest_route%3D%252Fwp%252Fv2%252Fposts%252F421\" title=\"Linkedin\" rel=\"nofollow noopener\" target=\"_blank\"><amp-img src=\"https:\/\/www.radiomajaguabo.icrt.cu\/wp-content\/plugins\/sassy-social-share\/public\/..\/images\/amp\/linkedin.svg\" width=\"40\" height=\"40\" alt=\"Linkedin\" class=\"amp-wp-enforced-sizes\" style=\"width: 40px;\"><\/amp-img><\/a><a class=\"heateor_sss_amp heateor_sss_amp_whatsapp\" href=\"https:\/\/api.whatsapp.com\/send?text=Radio%20Majaguabo%20-%20Emisora%20Radio%20Majaguabo%2C%20San%20Luis%2C%20Santiago%20de%20Cuba%2C%20Cuba%20https%3A%2F%2Fwww.radiomajaguabo.icrt.cu%2Findex.php%3Frest_route%3D%252Fwp%252Fv2%252Fposts%252F421\" title=\"Whatsapp\" rel=\"nofollow noopener\" target=\"_blank\"><amp-img src=\"https:\/\/www.radiomajaguabo.icrt.cu\/wp-content\/plugins\/sassy-social-share\/public\/..\/images\/amp\/whatsapp.svg\" width=\"40\" height=\"40\" alt=\"Whatsapp\" class=\"amp-wp-enforced-sizes\" style=\"width: 40px;\"><\/amp-img><\/a><a class=\"heateor_sss_amp heateor_sss_amp_instagram\" href=\"https:\/\/www.instagram.com\/\" title=\"Instagram\" rel=\"nofollow noopener\" target=\"_blank\"><amp-img src=\"https:\/\/www.radiomajaguabo.icrt.cu\/wp-content\/plugins\/sassy-social-share\/public\/..\/images\/amp\/instagram.svg\" width=\"40\" height=\"40\" alt=\"Instagram\" class=\"amp-wp-enforced-sizes\" style=\"width: 40px;\"><\/amp-img><\/a><a class=\"heateor_sss_amp heateor_sss_amp_x\" href=\"https:\/\/twitter.com\/intent\/tweet?text=Radio%20Majaguabo%20-%20Emisora%20Radio%20Majaguabo%2C%20San%20Luis%2C%20Santiago%20de%20Cuba%2C%20Cuba&url=https%3A%2F%2Fwww.radiomajaguabo.icrt.cu%2Findex.php%3Frest_route%3D%252Fwp%252Fv2%252Fposts%252F421\" title=\"X\" rel=\"nofollow noopener\" target=\"_blank\"><amp-img src=\"https:\/\/www.radiomajaguabo.icrt.cu\/wp-content\/plugins\/sassy-social-share\/public\/..\/images\/amp\/x.svg\" width=\"40\" height=\"40\" alt=\"X\" class=\"amp-wp-enforced-sizes\" style=\"width:40px;\"><\/amp-img><\/a><\/div><div class=\"heateorSssClear\"><\/div><\/div>","protected":false},"author":10,"featured_media":422,"comment_status":"open","ping_status":"open","sticky":false,"template":"","format":"standard","meta":{"colormag_page_layout":"default_layout","footnotes":""},"categories":[6],"tags":[16,13,227],"ppma_author":[39],"class_list":["post-421","post","type-post","status-publish","format-standard","has-post-thumbnail","hentry","category-cultura","tag-covid-19","tag-cuba","tag-irma-maria-bernal"],"authors":[{"term_id":39,"user_id":10,"is_guest":0,"slug":"prensa-latina","display_name":"Prensa Latina","avatar_url":"https:\/\/secure.gravatar.com\/avatar\/50c7a3112bb25b21ddc4cf0ff17bac923226a0d4e8814139af94a839af15e315?s=96&d=mm&r=g","author_category":"","user_url":"https:\/\/www.prensa-latina.cu","last_name":"","first_name":"Prensa Latina","job_title":"","description":""}],"amp_enabled":true,"_links":{"self":[{"href":"https:\/\/www.radiomajaguabo.icrt.cu\/index.php?rest_route=\/wp\/v2\/posts\/421","targetHints":{"allow":["GET"]}}],"collection":[{"href":"https:\/\/www.radiomajaguabo.icrt.cu\/index.php?rest_route=\/wp\/v2\/posts"}],"about":[{"href":"https:\/\/www.radiomajaguabo.icrt.cu\/index.php?rest_route=\/wp\/v2\/types\/post"}],"author":[{"embeddable":true,"href":"https:\/\/www.radiomajaguabo.icrt.cu\/index.php?rest_route=\/wp\/v2\/users\/10"}],"replies":[{"embeddable":true,"href":"https:\/\/www.radiomajaguabo.icrt.cu\/index.php?rest_route=%2Fwp%2Fv2%2Fcomments&post=421"}],"version-history":[{"count":1,"href":"https:\/\/www.radiomajaguabo.icrt.cu\/index.php?rest_route=\/wp\/v2\/posts\/421\/revisions"}],"predecessor-version":[{"id":423,"href":"https:\/\/www.radiomajaguabo.icrt.cu\/index.php?rest_route=\/wp\/v2\/posts\/421\/revisions\/423"}],"wp:featuredmedia":[{"embeddable":true,"href":"https:\/\/www.radiomajaguabo.icrt.cu\/index.php?rest_route=\/wp\/v2\/media\/422"}],"wp:attachment":[{"href":"https:\/\/www.radiomajaguabo.icrt.cu\/index.php?rest_route=%2Fwp%2Fv2%2Fmedia&parent=421"}],"wp:term":[{"taxonomy":"category","embeddable":true,"href":"https:\/\/www.radiomajaguabo.icrt.cu\/index.php?rest_route=%2Fwp%2Fv2%2Fcategories&post=421"},{"taxonomy":"post_tag","embeddable":true,"href":"https:\/\/www.radiomajaguabo.icrt.cu\/index.php?rest_route=%2Fwp%2Fv2%2Ftags&post=421"},{"taxonomy":"author","embeddable":true,"href":"https:\/\/www.radiomajaguabo.icrt.cu\/index.php?rest_route=%2Fwp%2Fv2%2Fppma_author&post=421"}],"curies":[{"name":"wp","href":"https:\/\/api.w.org\/{rel}","templated":true}]}}