{"id":4172,"date":"2023-07-23T15:12:17","date_gmt":"2023-07-23T15:12:17","guid":{"rendered":"https:\/\/www.radiomajaguabo.icrt.cu\/?p=4172"},"modified":"2023-07-23T15:12:17","modified_gmt":"2023-07-23T15:12:17","slug":"en-san-luis-toda-santiago-celebro-el-70-aniversario","status":"publish","type":"post","link":"https:\/\/www.radiomajaguabo.icrt.cu\/?p=4172","title":{"rendered":"En San Luis toda Santiago celebr\u00f3 el 70 aniversario"},"content":{"rendered":"<div class=\"itemIntroText\">\n<div dir=\"auto\">\n<div dir=\"auto\"><strong>San Luis, Santiago de Cuba, jul. 23, 23._<\/strong> Miles de sanluiseros y una representaci\u00f3n del resto de los municipios de Santiago de Cuba celebraron, en la Plaza Roja de la Ciudad Ferroviaria, el 70 aniversario de la Gesta del Moncada\u00a0 en el emotivo acto central provincial que aconteci\u00f3 hoy.<\/div>\n<\/div>\n<div class=\"itemFullText\">\n<div><\/div>\n<div dir=\"auto\">Liderados por los miembros del Comit\u00e9 Central del Partido, Jos\u00e9 Ram\u00f3n Monteagudo Ruiz, primer secretario, y Beatriz Johnson Urrutia, gobernadora, los presentes reafirmaron el compromiso del pueblo santiaguero \u00abcuando restan horas para que en la Ciudad Escolar 26 de Julio conmemoremos el glorioso aniversario\u00bb, destac\u00f3 Yusmaikel Valier Ram\u00edrez, primer secretario en San Luis.<\/div>\n<div><\/div>\n<div dir=\"auto\">\u00abPara nosotros es un orgullo homenajear el legado de la Generaci\u00f3n del Centenario y un compromiso para impulsar los programa sociecon\u00f3micos\u00bb, a\u00f1adi\u00f3 Valier Ram\u00edrez.<\/div>\n<div dir=\"auto\">El talento art\u00edstico local tuvo a su cargo los n\u00fameros culturales y a 52 sanluiseros les fueron entregados los carn\u00e9 que los acredita como militantes del Partido (39) y de la Uni\u00f3n de J\u00f3venes Comunistas (13).<\/div>\n<div><\/div>\n<div dir=\"auto\"><img loading=\"lazy\" decoding=\"async\" src=\"http:\/\/www.sierramaestra.cu\/images\/2023\/junio\/IMG-20230723-WA0007.jpg\" alt=\"IMG 20230723 WA0007\" width=\"824\" height=\"618\" \/>Jos\u00e9 Ram\u00f3n Monteagudo Ruiz, en las palabras centrales, refiri\u00f3 que \u00abnos propusimos, con esfuerzo, obtener la sede nacional y lo logramos; conscientes de las insatisfacci\u00f3n de la poblaci\u00f3n pero decididos a continuar trabajando\u00bb.<\/div>\n<div><\/div>\n<div dir=\"auto\">Los nueve municipios de la provincia fueron reconocidos por sus resultados integrales -de manera especial a San Luis- al tiempo que Monteagudo Ruiz convoc\u00f3 \u00aba la nueva etapa de trabajo motivada principalmente por el 65 aniversario del triunfo de la Revoluci\u00f3n, en la que se deben cumplir los planes econ\u00f3micos, agroalimentarios y de construcci\u00f3n de viviendas, as\u00ed como el enfrentamiento a la inflaci\u00f3n y los hechos de corrupci\u00f3n y las ilegalidades\u00bb.<\/div>\n<div><\/div>\n<div dir=\"auto\">En el municipio sede fueron inauguradas 14 obras de impacto para la poblacion y la econom\u00eda sanluisera.<\/div>\n<div><img loading=\"lazy\" decoding=\"async\" src=\"http:\/\/www.sierramaestra.cu\/images\/2023\/junio\/IMG-20230723-WA0004.jpg\" alt=\"IMG 20230723 WA0004\" width=\"824\" height=\"618\" \/><\/div>\n<\/div>\n<\/div>\n<p>&nbsp;<\/p>\n<div class=\"clr\"><\/div>\n","protected":false},"excerpt":{"rendered":"<p>San Luis, Santiago de Cuba, jul. 23, 23._ Miles de sanluiseros y una representaci\u00f3n del resto de los municipios de<\/p>\n<div class='heateor_sss_sharing_container heateor_sss_vertical_sharing heateor_sss_bottom_sharing' style='width:44px;left: -10px;top: 100px;-webkit-box-shadow:none;box-shadow:none;' ><div class=\"heateor_sss_sharing_ul\"><a class=\"heateor_sss_amp heateor_sss_amp_facebook\" href=\"https:\/\/www.facebook.com\/sharer\/sharer.php?u=https%3A%2F%2Fwww.radiomajaguabo.icrt.cu%2Findex.php%3Frest_route%3D%252Fwp%252Fv2%252Fposts%252F4172\" title=\"Facebook\" rel=\"nofollow noopener\" target=\"_blank\"><amp-img src=\"https:\/\/www.radiomajaguabo.icrt.cu\/wp-content\/plugins\/sassy-social-share\/public\/..\/images\/amp\/facebook.svg\" width=\"40\" height=\"40\" alt=\"Facebook\" class=\"amp-wp-enforced-sizes\" style=\"width: 40px;\"><\/amp-img><\/a><a class=\"heateor_sss_amp heateor_sss_amp_linkedin\" href=\"https:\/\/www.linkedin.com\/sharing\/share-offsite\/?url=https%3A%2F%2Fwww.radiomajaguabo.icrt.cu%2Findex.php%3Frest_route%3D%252Fwp%252Fv2%252Fposts%252F4172\" title=\"Linkedin\" rel=\"nofollow noopener\" target=\"_blank\"><amp-img src=\"https:\/\/www.radiomajaguabo.icrt.cu\/wp-content\/plugins\/sassy-social-share\/public\/..\/images\/amp\/linkedin.svg\" width=\"40\" height=\"40\" alt=\"Linkedin\" class=\"amp-wp-enforced-sizes\" style=\"width: 40px;\"><\/amp-img><\/a><a class=\"heateor_sss_amp heateor_sss_amp_whatsapp\" href=\"https:\/\/api.whatsapp.com\/send?text=Radio%20Majaguabo%20-%20Emisora%20Radio%20Majaguabo%2C%20San%20Luis%2C%20Santiago%20de%20Cuba%2C%20Cuba%20https%3A%2F%2Fwww.radiomajaguabo.icrt.cu%2Findex.php%3Frest_route%3D%252Fwp%252Fv2%252Fposts%252F4172\" title=\"Whatsapp\" rel=\"nofollow noopener\" target=\"_blank\"><amp-img src=\"https:\/\/www.radiomajaguabo.icrt.cu\/wp-content\/plugins\/sassy-social-share\/public\/..\/images\/amp\/whatsapp.svg\" width=\"40\" height=\"40\" alt=\"Whatsapp\" class=\"amp-wp-enforced-sizes\" style=\"width: 40px;\"><\/amp-img><\/a><a class=\"heateor_sss_amp heateor_sss_amp_instagram\" href=\"https:\/\/www.instagram.com\/\" title=\"Instagram\" rel=\"nofollow noopener\" target=\"_blank\"><amp-img src=\"https:\/\/www.radiomajaguabo.icrt.cu\/wp-content\/plugins\/sassy-social-share\/public\/..\/images\/amp\/instagram.svg\" width=\"40\" height=\"40\" alt=\"Instagram\" class=\"amp-wp-enforced-sizes\" style=\"width: 40px;\"><\/amp-img><\/a><a class=\"heateor_sss_amp heateor_sss_amp_x\" href=\"https:\/\/twitter.com\/intent\/tweet?text=Radio%20Majaguabo%20-%20Emisora%20Radio%20Majaguabo%2C%20San%20Luis%2C%20Santiago%20de%20Cuba%2C%20Cuba&url=https%3A%2F%2Fwww.radiomajaguabo.icrt.cu%2Findex.php%3Frest_route%3D%252Fwp%252Fv2%252Fposts%252F4172\" title=\"X\" rel=\"nofollow noopener\" target=\"_blank\"><amp-img src=\"https:\/\/www.radiomajaguabo.icrt.cu\/wp-content\/plugins\/sassy-social-share\/public\/..\/images\/amp\/x.svg\" width=\"40\" height=\"40\" alt=\"X\" class=\"amp-wp-enforced-sizes\" style=\"width:40px;\"><\/amp-img><\/a><\/div><div class=\"heateorSssClear\"><\/div><\/div>","protected":false},"author":9,"featured_media":4173,"comment_status":"open","ping_status":"open","sticky":false,"template":"","format":"standard","meta":{"colormag_page_layout":"default_layout","footnotes":""},"categories":[10,6,9],"tags":[1218,1196,1227,989,304,49,1195],"ppma_author":[40],"class_list":["post-4172","post","type-post","status-publish","format-standard","has-post-thumbnail","hentry","category-san-luis","category-cultura","category-historia","tag-70-aniversario","tag-acto-provincial","tag-gesta","tag-moncada","tag-san-luis","tag-santiago-de-cuba","tag-sede"],"authors":[{"term_id":40,"user_id":9,"is_guest":0,"slug":"luis-alberto","display_name":"Luis Alberto Portuondo Ortega","avatar_url":"https:\/\/secure.gravatar.com\/avatar\/e2bd34d9f3cf4d8c04e278788df56509bf2a4ad20477f81184f4d3096933eedc?s=96&d=mm&r=g","author_category":"","user_url":"","last_name":"Portuondo Ortega","first_name":"Luis Alberto","job_title":"","description":""}],"amp_enabled":true,"_links":{"self":[{"href":"https:\/\/www.radiomajaguabo.icrt.cu\/index.php?rest_route=\/wp\/v2\/posts\/4172","targetHints":{"allow":["GET"]}}],"collection":[{"href":"https:\/\/www.radiomajaguabo.icrt.cu\/index.php?rest_route=\/wp\/v2\/posts"}],"about":[{"href":"https:\/\/www.radiomajaguabo.icrt.cu\/index.php?rest_route=\/wp\/v2\/types\/post"}],"author":[{"embeddable":true,"href":"https:\/\/www.radiomajaguabo.icrt.cu\/index.php?rest_route=\/wp\/v2\/users\/9"}],"replies":[{"embeddable":true,"href":"https:\/\/www.radiomajaguabo.icrt.cu\/index.php?rest_route=%2Fwp%2Fv2%2Fcomments&post=4172"}],"version-history":[{"count":1,"href":"https:\/\/www.radiomajaguabo.icrt.cu\/index.php?rest_route=\/wp\/v2\/posts\/4172\/revisions"}],"predecessor-version":[{"id":4174,"href":"https:\/\/www.radiomajaguabo.icrt.cu\/index.php?rest_route=\/wp\/v2\/posts\/4172\/revisions\/4174"}],"wp:featuredmedia":[{"embeddable":true,"href":"https:\/\/www.radiomajaguabo.icrt.cu\/index.php?rest_route=\/wp\/v2\/media\/4173"}],"wp:attachment":[{"href":"https:\/\/www.radiomajaguabo.icrt.cu\/index.php?rest_route=%2Fwp%2Fv2%2Fmedia&parent=4172"}],"wp:term":[{"taxonomy":"category","embeddable":true,"href":"https:\/\/www.radiomajaguabo.icrt.cu\/index.php?rest_route=%2Fwp%2Fv2%2Fcategories&post=4172"},{"taxonomy":"post_tag","embeddable":true,"href":"https:\/\/www.radiomajaguabo.icrt.cu\/index.php?rest_route=%2Fwp%2Fv2%2Ftags&post=4172"},{"taxonomy":"author","embeddable":true,"href":"https:\/\/www.radiomajaguabo.icrt.cu\/index.php?rest_route=%2Fwp%2Fv2%2Fppma_author&post=4172"}],"curies":[{"name":"wp","href":"https:\/\/api.w.org\/{rel}","templated":true}]}}