{"id":4167,"date":"2023-07-23T12:54:55","date_gmt":"2023-07-23T12:54:55","guid":{"rendered":"https:\/\/www.radiomajaguabo.icrt.cu\/?p=4167"},"modified":"2023-07-23T12:54:55","modified_gmt":"2023-07-23T12:54:55","slug":"reciben-maximas-autoridades-sanluiseras-reconocimiento-como-municipio-vanguardia-en-la-emulacion-por-dia-de-la-rebeldia-nacional","status":"publish","type":"post","link":"https:\/\/www.radiomajaguabo.icrt.cu\/?p=4167","title":{"rendered":"Reciben M\u00e1ximas Autoridades sanluiseras reconocimiento como Municipio Vanguardia en la emulaci\u00f3n por D\u00eda de la Rebeld\u00eda Nacional"},"content":{"rendered":"<p><span class=\"x193iq5w xeuugli x13faqbe x1vvkbs x1xmvt09 x1lliihq x1s928wv xhkezso x1gmr53x x1cpjm7i x1fgarty x1943h6x xudqn12 x3x7a5m x6prxxf xvq8zen xo1l8bm xzsf02u x1yc453h\" dir=\"auto\"><strong>San Luis, Santiago de Cuba, jul. 23, 23._<\/strong> Reciben las M\u00e1ximas Autoridades del Partido y el Gobierno aqu\u00ed el reconocimiento de Municipio Vanguardia en la emulaci\u00f3n para saludar el 70 aniversario del Moncada. <\/span><!--more--><\/p>\n<div class=\"x1i10hfl xjbqb8w x6umtig x1b1mbwd xaqea5y xav7gou x9f619 x1ypdohk xt0psk2 xe8uvvx xdj266r x11i5rnm xat24cr x1mh8g0r xexx8yu x4uap5 x18d9i69 xkhd6sd x16tdsg8 x1hl2dhg xggy1nq x1a2a7pz\" tabindex=\"0\" role=\"button\"><img loading=\"lazy\" decoding=\"async\" class=\" wp-image-4169 aligncenter\" src=\"https:\/\/www.radiomajaguabo.icrt.cu\/wp-content\/uploads\/2023\/07\/reconocmiento_26dejulio2-300x225.jpg\" alt=\"\" width=\"524\" height=\"393\" srcset=\"https:\/\/www.radiomajaguabo.icrt.cu\/wp-content\/uploads\/2023\/07\/reconocmiento_26dejulio2-300x225.jpg 300w, https:\/\/www.radiomajaguabo.icrt.cu\/wp-content\/uploads\/2023\/07\/reconocmiento_26dejulio2.jpg 640w\" sizes=\"auto, (max-width: 524px) 100vw, 524px\" \/><\/div>\n<div tabindex=\"0\" role=\"button\"><\/div>\n<div class=\"x1i10hfl xjbqb8w x6umtig x1b1mbwd xaqea5y xav7gou x9f619 x1ypdohk xt0psk2 xe8uvvx xdj266r x11i5rnm xat24cr x1mh8g0r xexx8yu x4uap5 x18d9i69 xkhd6sd x16tdsg8 x1hl2dhg xggy1nq x1a2a7pz\" tabindex=\"0\" role=\"button\"><img loading=\"lazy\" decoding=\"async\" class=\" wp-image-4170 aligncenter\" src=\"https:\/\/www.radiomajaguabo.icrt.cu\/wp-content\/uploads\/2023\/07\/reconocmiento_26dejulio3-300x225.jpg\" alt=\"\" width=\"499\" height=\"374\" srcset=\"https:\/\/www.radiomajaguabo.icrt.cu\/wp-content\/uploads\/2023\/07\/reconocmiento_26dejulio3-300x225.jpg 300w, https:\/\/www.radiomajaguabo.icrt.cu\/wp-content\/uploads\/2023\/07\/reconocmiento_26dejulio3.jpg 640w\" sizes=\"auto, (max-width: 499px) 100vw, 499px\" \/><\/div>\n<div tabindex=\"0\" role=\"button\"><\/div>\n<div class=\"x1i10hfl xjbqb8w x6umtig x1b1mbwd xaqea5y xav7gou x9f619 x1ypdohk xt0psk2 xe8uvvx xdj266r x11i5rnm xat24cr x1mh8g0r xexx8yu x4uap5 x18d9i69 xkhd6sd x16tdsg8 x1hl2dhg xggy1nq x1a2a7pz\" tabindex=\"0\" role=\"button\"><span class=\"x193iq5w xeuugli x13faqbe x1vvkbs x1xmvt09 x1lliihq x1s928wv xhkezso x1gmr53x x1cpjm7i x1fgarty x1943h6x xudqn12 x3x7a5m x6prxxf xvq8zen xo1l8bm xzsf02u x1yc453h\" dir=\"auto\"> Felicitaciones al pueblo sanluisero que ha sido el protagonista de estos resultados. <a class=\"x1i10hfl xjbqb8w x6umtig x1b1mbwd xaqea5y xav7gou x9f619 x1ypdohk xt0psk2 xe8uvvx xdj266r x11i5rnm xat24cr x1mh8g0r xexx8yu x4uap5 x18d9i69 xkhd6sd x16tdsg8 x1hl2dhg xggy1nq x1a2a7pz xt0b8zv x1qq9wsj xo1l8bm\" tabindex=\"0\" role=\"link\" href=\"https:\/\/www.facebook.com\/hashtag\/santiagodecuba?__eep__=6&amp;__cft__[0]=AZXWDHG_xEBPnSOB98oquNU4WfaNmA-gMbmTjm0A6hoeNrxXtO3_91RTEJy1enXb1f8nSx7S4bsIUBbsZsSA9P1IGcCHIUogOWM5KXKf4fck32m_WOjui02If3n3oZJyxVY&amp;__tn__=*NK-R\" target=\"_blank\" rel=\"noopener\">#SantiagodeCuba<\/a> <a class=\"x1i10hfl xjbqb8w x6umtig x1b1mbwd xaqea5y xav7gou x9f619 x1ypdohk xt0psk2 xe8uvvx xdj266r x11i5rnm xat24cr x1mh8g0r xexx8yu x4uap5 x18d9i69 xkhd6sd x16tdsg8 x1hl2dhg xggy1nq x1a2a7pz xt0b8zv x1qq9wsj xo1l8bm\" tabindex=\"0\" role=\"link\" href=\"https:\/\/www.facebook.com\/hashtag\/sanluis?__eep__=6&amp;__cft__[0]=AZXWDHG_xEBPnSOB98oquNU4WfaNmA-gMbmTjm0A6hoeNrxXtO3_91RTEJy1enXb1f8nSx7S4bsIUBbsZsSA9P1IGcCHIUogOWM5KXKf4fck32m_WOjui02If3n3oZJyxVY&amp;__tn__=*NK-R\" target=\"_blank\" rel=\"noopener\">#SanLuis<\/a> <a class=\"x1i10hfl xjbqb8w x6umtig x1b1mbwd xaqea5y xav7gou x9f619 x1ypdohk xt0psk2 xe8uvvx xdj266r x11i5rnm xat24cr x1mh8g0r xexx8yu x4uap5 x18d9i69 xkhd6sd x16tdsg8 x1hl2dhg xggy1nq x1a2a7pz xt0b8zv x1qq9wsj xo1l8bm\" tabindex=\"0\" role=\"link\" href=\"https:\/\/www.facebook.com\/hashtag\/tierradelosmaceo?__eep__=6&amp;__cft__[0]=AZXWDHG_xEBPnSOB98oquNU4WfaNmA-gMbmTjm0A6hoeNrxXtO3_91RTEJy1enXb1f8nSx7S4bsIUBbsZsSA9P1IGcCHIUogOWM5KXKf4fck32m_WOjui02If3n3oZJyxVY&amp;__tn__=*NK-R\" target=\"_blank\" rel=\"noopener\">#TierradelosMaceo<\/a> <a class=\"x1i10hfl xjbqb8w x6umtig x1b1mbwd xaqea5y xav7gou x9f619 x1ypdohk xt0psk2 xe8uvvx xdj266r x11i5rnm xat24cr x1mh8g0r xexx8yu x4uap5 x18d9i69 xkhd6sd x16tdsg8 x1hl2dhg xggy1nq x1a2a7pz xt0b8zv x1qq9wsj xo1l8bm\" tabindex=\"0\" role=\"link\" href=\"https:\/\/www.facebook.com\/hashtag\/70moncada?__eep__=6&amp;__cft__[0]=AZXWDHG_xEBPnSOB98oquNU4WfaNmA-gMbmTjm0A6hoeNrxXtO3_91RTEJy1enXb1f8nSx7S4bsIUBbsZsSA9P1IGcCHIUogOWM5KXKf4fck32m_WOjui02If3n3oZJyxVY&amp;__tn__=*NK-R\" target=\"_blank\" rel=\"noopener\">#70Moncada<\/a><\/span><\/div>\n","protected":false},"excerpt":{"rendered":"<p>San Luis, Santiago de Cuba, jul. 23, 23._ Reciben las M\u00e1ximas Autoridades del Partido y el Gobierno aqu\u00ed el reconocimiento<\/p>\n<div class='heateor_sss_sharing_container heateor_sss_vertical_sharing heateor_sss_bottom_sharing' style='width:44px;left: -10px;top: 100px;-webkit-box-shadow:none;box-shadow:none;' ><div class=\"heateor_sss_sharing_ul\"><a class=\"heateor_sss_amp heateor_sss_amp_facebook\" href=\"https:\/\/www.facebook.com\/sharer\/sharer.php?u=https%3A%2F%2Fwww.radiomajaguabo.icrt.cu%2Findex.php%3Frest_route%3D%252Fwp%252Fv2%252Fposts%252F4167\" title=\"Facebook\" rel=\"nofollow noopener\" target=\"_blank\"><amp-img src=\"https:\/\/www.radiomajaguabo.icrt.cu\/wp-content\/plugins\/sassy-social-share\/public\/..\/images\/amp\/facebook.svg\" width=\"40\" height=\"40\" alt=\"Facebook\" class=\"amp-wp-enforced-sizes\" style=\"width: 40px;\"><\/amp-img><\/a><a class=\"heateor_sss_amp heateor_sss_amp_linkedin\" href=\"https:\/\/www.linkedin.com\/sharing\/share-offsite\/?url=https%3A%2F%2Fwww.radiomajaguabo.icrt.cu%2Findex.php%3Frest_route%3D%252Fwp%252Fv2%252Fposts%252F4167\" title=\"Linkedin\" rel=\"nofollow noopener\" target=\"_blank\"><amp-img src=\"https:\/\/www.radiomajaguabo.icrt.cu\/wp-content\/plugins\/sassy-social-share\/public\/..\/images\/amp\/linkedin.svg\" width=\"40\" height=\"40\" alt=\"Linkedin\" class=\"amp-wp-enforced-sizes\" style=\"width: 40px;\"><\/amp-img><\/a><a class=\"heateor_sss_amp heateor_sss_amp_whatsapp\" href=\"https:\/\/api.whatsapp.com\/send?text=Radio%20Majaguabo%20-%20Emisora%20Radio%20Majaguabo%2C%20San%20Luis%2C%20Santiago%20de%20Cuba%2C%20Cuba%20https%3A%2F%2Fwww.radiomajaguabo.icrt.cu%2Findex.php%3Frest_route%3D%252Fwp%252Fv2%252Fposts%252F4167\" title=\"Whatsapp\" rel=\"nofollow noopener\" target=\"_blank\"><amp-img src=\"https:\/\/www.radiomajaguabo.icrt.cu\/wp-content\/plugins\/sassy-social-share\/public\/..\/images\/amp\/whatsapp.svg\" width=\"40\" height=\"40\" alt=\"Whatsapp\" class=\"amp-wp-enforced-sizes\" style=\"width: 40px;\"><\/amp-img><\/a><a class=\"heateor_sss_amp heateor_sss_amp_instagram\" href=\"https:\/\/www.instagram.com\/\" title=\"Instagram\" rel=\"nofollow noopener\" target=\"_blank\"><amp-img src=\"https:\/\/www.radiomajaguabo.icrt.cu\/wp-content\/plugins\/sassy-social-share\/public\/..\/images\/amp\/instagram.svg\" width=\"40\" height=\"40\" alt=\"Instagram\" class=\"amp-wp-enforced-sizes\" style=\"width: 40px;\"><\/amp-img><\/a><a class=\"heateor_sss_amp heateor_sss_amp_x\" href=\"https:\/\/twitter.com\/intent\/tweet?text=Radio%20Majaguabo%20-%20Emisora%20Radio%20Majaguabo%2C%20San%20Luis%2C%20Santiago%20de%20Cuba%2C%20Cuba&url=https%3A%2F%2Fwww.radiomajaguabo.icrt.cu%2Findex.php%3Frest_route%3D%252Fwp%252Fv2%252Fposts%252F4167\" title=\"X\" rel=\"nofollow noopener\" target=\"_blank\"><amp-img src=\"https:\/\/www.radiomajaguabo.icrt.cu\/wp-content\/plugins\/sassy-social-share\/public\/..\/images\/amp\/x.svg\" width=\"40\" height=\"40\" alt=\"X\" class=\"amp-wp-enforced-sizes\" style=\"width:40px;\"><\/amp-img><\/a><\/div><div class=\"heateorSssClear\"><\/div><\/div>","protected":false},"author":5,"featured_media":4170,"comment_status":"open","ping_status":"open","sticky":false,"template":"","format":"standard","meta":{"colormag_page_layout":"default_layout","footnotes":""},"categories":[9,10],"tags":[1196,1226,989,304,49,1225],"ppma_author":[309],"class_list":["post-4167","post","type-post","status-publish","format-standard","has-post-thumbnail","hentry","category-historia","category-san-luis","tag-acto-provincial","tag-emulacion","tag-moncada","tag-san-luis","tag-santiago-de-cuba","tag-vanguardia"],"authors":[{"term_id":309,"user_id":5,"is_guest":0,"slug":"barbara","display_name":"Barbara Vila Falc\u00f3n","avatar_url":"https:\/\/secure.gravatar.com\/avatar\/166cfc6b0e4818846bdbe2a3a669bb229e3e16837a966d98ecbf03b27993f4c2?s=96&d=mm&r=g","author_category":"","user_url":"","last_name":"Vila Falc\u00f3n","first_name":"Barbara","job_title":"","description":""}],"amp_enabled":true,"_links":{"self":[{"href":"https:\/\/www.radiomajaguabo.icrt.cu\/index.php?rest_route=\/wp\/v2\/posts\/4167","targetHints":{"allow":["GET"]}}],"collection":[{"href":"https:\/\/www.radiomajaguabo.icrt.cu\/index.php?rest_route=\/wp\/v2\/posts"}],"about":[{"href":"https:\/\/www.radiomajaguabo.icrt.cu\/index.php?rest_route=\/wp\/v2\/types\/post"}],"author":[{"embeddable":true,"href":"https:\/\/www.radiomajaguabo.icrt.cu\/index.php?rest_route=\/wp\/v2\/users\/5"}],"replies":[{"embeddable":true,"href":"https:\/\/www.radiomajaguabo.icrt.cu\/index.php?rest_route=%2Fwp%2Fv2%2Fcomments&post=4167"}],"version-history":[{"count":1,"href":"https:\/\/www.radiomajaguabo.icrt.cu\/index.php?rest_route=\/wp\/v2\/posts\/4167\/revisions"}],"predecessor-version":[{"id":4171,"href":"https:\/\/www.radiomajaguabo.icrt.cu\/index.php?rest_route=\/wp\/v2\/posts\/4167\/revisions\/4171"}],"wp:featuredmedia":[{"embeddable":true,"href":"https:\/\/www.radiomajaguabo.icrt.cu\/index.php?rest_route=\/wp\/v2\/media\/4170"}],"wp:attachment":[{"href":"https:\/\/www.radiomajaguabo.icrt.cu\/index.php?rest_route=%2Fwp%2Fv2%2Fmedia&parent=4167"}],"wp:term":[{"taxonomy":"category","embeddable":true,"href":"https:\/\/www.radiomajaguabo.icrt.cu\/index.php?rest_route=%2Fwp%2Fv2%2Fcategories&post=4167"},{"taxonomy":"post_tag","embeddable":true,"href":"https:\/\/www.radiomajaguabo.icrt.cu\/index.php?rest_route=%2Fwp%2Fv2%2Ftags&post=4167"},{"taxonomy":"author","embeddable":true,"href":"https:\/\/www.radiomajaguabo.icrt.cu\/index.php?rest_route=%2Fwp%2Fv2%2Fppma_author&post=4167"}],"curies":[{"name":"wp","href":"https:\/\/api.w.org\/{rel}","templated":true}]}}