{"id":4050,"date":"2023-07-18T18:07:38","date_gmt":"2023-07-18T18:07:38","guid":{"rendered":"https:\/\/www.radiomajaguabo.icrt.cu\/?p=4050"},"modified":"2023-07-18T18:29:44","modified_gmt":"2023-07-18T18:29:44","slug":"instituciones-escolares-sanluiseras-despiden-a-sus-estudiantes-hasta-el-proximo-septiembre-fotosvideo","status":"publish","type":"post","link":"https:\/\/www.radiomajaguabo.icrt.cu\/?p=4050","title":{"rendered":"Instituciones escolares sanluiseras despiden a sus estudiantes hasta el pr\u00f3ximo septiembre (FOTOS)"},"content":{"rendered":"<p><strong>San Luis, Santiago de Cuba, jul. 18, 23. _<\/strong> La escuela cubana actual tiene como fin contribuir a la formaci\u00f3n integral de la personalidad del escolar, la cual se reflejar\u00e1 gradualmente en sus sentimientos, formas de pensar y comportamiento.<!--more--><\/p>\n<p>Las instituciones para ni\u00f1os con necesidades especiales no son la excepci\u00f3n. Una muestra de ello fue el acto de fin de curso en el centro escolar \u201c8 de diciembre\u201d, de esta localidad, en el que maestros, alumnos y familiares disfrutaron de una actividad pol\u00edtico_ cultural emotiva.<\/p>\n<p><img loading=\"lazy\" decoding=\"async\" class=\" wp-image-4052 aligncenter\" src=\"https:\/\/www.radiomajaguabo.icrt.cu\/wp-content\/uploads\/2023\/07\/1-300x225.jpg\" alt=\"\" width=\"467\" height=\"350\" srcset=\"https:\/\/www.radiomajaguabo.icrt.cu\/wp-content\/uploads\/2023\/07\/1-300x225.jpg 300w, https:\/\/www.radiomajaguabo.icrt.cu\/wp-content\/uploads\/2023\/07\/1.jpg 640w\" sizes=\"auto, (max-width: 467px) 100vw, 467px\" \/><\/p>\n<p>All\u00ed fueron reconocidos los trabajadores destacados, as\u00ed como los estudiantes integrales de cada grupo.<\/p>\n<p><img loading=\"lazy\" decoding=\"async\" class=\" wp-image-4063 aligncenter\" src=\"https:\/\/www.radiomajaguabo.icrt.cu\/wp-content\/uploads\/2023\/07\/trabajadores_destacados-300x164.jpg\" alt=\"\" width=\"464\" height=\"253\" srcset=\"https:\/\/www.radiomajaguabo.icrt.cu\/wp-content\/uploads\/2023\/07\/trabajadores_destacados-300x164.jpg 300w, https:\/\/www.radiomajaguabo.icrt.cu\/wp-content\/uploads\/2023\/07\/trabajadores_destacados.jpg 640w\" sizes=\"auto, (max-width: 464px) 100vw, 464px\" \/><\/p>\n<p>Una de las alumnas destacadas es Yenedi Reyes Bravo, quien cursar\u00e1 la Secundaria B\u00e1sica.<\/p>\n<p><img loading=\"lazy\" decoding=\"async\" class=\" wp-image-4051 aligncenter\" src=\"https:\/\/www.radiomajaguabo.icrt.cu\/wp-content\/uploads\/2023\/07\/yeni-rotated-e1689702881677-300x278.jpg\" alt=\"\" width=\"461\" height=\"427\" srcset=\"https:\/\/www.radiomajaguabo.icrt.cu\/wp-content\/uploads\/2023\/07\/yeni-rotated-e1689702881677-300x278.jpg 300w, https:\/\/www.radiomajaguabo.icrt.cu\/wp-content\/uploads\/2023\/07\/yeni-rotated-e1689702881677.jpg 518w\" sizes=\"auto, (max-width: 461px) 100vw, 461px\" \/><\/p>\n<p>Tambi\u00e9n se entregaron diplomas a quienes concluyeron sus estudios all\u00ed y ahora comenzar\u00e1n su vida laboral.<\/p>\n<p><img loading=\"lazy\" decoding=\"async\" class=\"wp-image-4067  aligncenter\" src=\"https:\/\/www.radiomajaguabo.icrt.cu\/wp-content\/uploads\/2023\/07\/20230718_094924-1-rotated-e1689704746921-300x209.jpg\" alt=\"\" width=\"490\" height=\"342\" srcset=\"https:\/\/www.radiomajaguabo.icrt.cu\/wp-content\/uploads\/2023\/07\/20230718_094924-1-rotated-e1689704746921-300x209.jpg 300w, https:\/\/www.radiomajaguabo.icrt.cu\/wp-content\/uploads\/2023\/07\/20230718_094924-1-rotated-e1689704746921-130x90.jpg 130w, https:\/\/www.radiomajaguabo.icrt.cu\/wp-content\/uploads\/2023\/07\/20230718_094924-1-rotated-e1689704746921.jpg 640w\" sizes=\"auto, (max-width: 490px) 100vw, 490px\" \/><br \/>\nEl colectivo de profesionales, personal t\u00e9cnico y administrativo puso su empe\u00f1o para que los presentes recordaran este como un momento agradable.<\/p>\n<p><img loading=\"lazy\" decoding=\"async\" class=\" wp-image-4062 aligncenter\" src=\"https:\/\/www.radiomajaguabo.icrt.cu\/wp-content\/uploads\/2023\/07\/todos-300x225.jpg\" alt=\"\" width=\"456\" height=\"342\" srcset=\"https:\/\/www.radiomajaguabo.icrt.cu\/wp-content\/uploads\/2023\/07\/todos-300x225.jpg 300w, https:\/\/www.radiomajaguabo.icrt.cu\/wp-content\/uploads\/2023\/07\/todos.jpg 640w\" sizes=\"auto, (max-width: 456px) 100vw, 456px\" \/><\/p>\n<p>Manifestar el m\u00e1ximo desarrollo intelectual posible en correspondencia con sus caracter\u00edsticas individuales que le facilite a cada ni\u00f1o o joven solucionar los problemas de la vida cotidiana es el principal objetivo de la Educaci\u00f3n Especial en Cuba.<\/p>\n","protected":false},"excerpt":{"rendered":"<p>San Luis, Santiago de Cuba, jul. 18, 23. _ La escuela cubana actual tiene como fin contribuir a la formaci\u00f3n<\/p>\n<div class='heateor_sss_sharing_container heateor_sss_vertical_sharing heateor_sss_bottom_sharing' style='width:44px;left: -10px;top: 100px;-webkit-box-shadow:none;box-shadow:none;' ><div class=\"heateor_sss_sharing_ul\"><a class=\"heateor_sss_amp heateor_sss_amp_facebook\" href=\"https:\/\/www.facebook.com\/sharer\/sharer.php?u=https%3A%2F%2Fwww.radiomajaguabo.icrt.cu%2Findex.php%3Frest_route%3D%252Fwp%252Fv2%252Fposts%252F4050\" title=\"Facebook\" rel=\"nofollow noopener\" target=\"_blank\"><amp-img src=\"https:\/\/www.radiomajaguabo.icrt.cu\/wp-content\/plugins\/sassy-social-share\/public\/..\/images\/amp\/facebook.svg\" width=\"40\" height=\"40\" alt=\"Facebook\" class=\"amp-wp-enforced-sizes\" style=\"width: 40px;\"><\/amp-img><\/a><a class=\"heateor_sss_amp heateor_sss_amp_linkedin\" href=\"https:\/\/www.linkedin.com\/sharing\/share-offsite\/?url=https%3A%2F%2Fwww.radiomajaguabo.icrt.cu%2Findex.php%3Frest_route%3D%252Fwp%252Fv2%252Fposts%252F4050\" title=\"Linkedin\" rel=\"nofollow noopener\" target=\"_blank\"><amp-img src=\"https:\/\/www.radiomajaguabo.icrt.cu\/wp-content\/plugins\/sassy-social-share\/public\/..\/images\/amp\/linkedin.svg\" width=\"40\" height=\"40\" alt=\"Linkedin\" class=\"amp-wp-enforced-sizes\" style=\"width: 40px;\"><\/amp-img><\/a><a class=\"heateor_sss_amp heateor_sss_amp_whatsapp\" href=\"https:\/\/api.whatsapp.com\/send?text=Radio%20Majaguabo%20-%20Emisora%20Radio%20Majaguabo%2C%20San%20Luis%2C%20Santiago%20de%20Cuba%2C%20Cuba%20https%3A%2F%2Fwww.radiomajaguabo.icrt.cu%2Findex.php%3Frest_route%3D%252Fwp%252Fv2%252Fposts%252F4050\" title=\"Whatsapp\" rel=\"nofollow noopener\" target=\"_blank\"><amp-img src=\"https:\/\/www.radiomajaguabo.icrt.cu\/wp-content\/plugins\/sassy-social-share\/public\/..\/images\/amp\/whatsapp.svg\" width=\"40\" height=\"40\" alt=\"Whatsapp\" class=\"amp-wp-enforced-sizes\" style=\"width: 40px;\"><\/amp-img><\/a><a class=\"heateor_sss_amp heateor_sss_amp_instagram\" href=\"https:\/\/www.instagram.com\/\" title=\"Instagram\" rel=\"nofollow noopener\" target=\"_blank\"><amp-img src=\"https:\/\/www.radiomajaguabo.icrt.cu\/wp-content\/plugins\/sassy-social-share\/public\/..\/images\/amp\/instagram.svg\" width=\"40\" height=\"40\" alt=\"Instagram\" class=\"amp-wp-enforced-sizes\" style=\"width: 40px;\"><\/amp-img><\/a><a class=\"heateor_sss_amp heateor_sss_amp_x\" href=\"https:\/\/twitter.com\/intent\/tweet?text=Radio%20Majaguabo%20-%20Emisora%20Radio%20Majaguabo%2C%20San%20Luis%2C%20Santiago%20de%20Cuba%2C%20Cuba&url=https%3A%2F%2Fwww.radiomajaguabo.icrt.cu%2Findex.php%3Frest_route%3D%252Fwp%252Fv2%252Fposts%252F4050\" title=\"X\" rel=\"nofollow noopener\" target=\"_blank\"><amp-img src=\"https:\/\/www.radiomajaguabo.icrt.cu\/wp-content\/plugins\/sassy-social-share\/public\/..\/images\/amp\/x.svg\" width=\"40\" height=\"40\" alt=\"X\" class=\"amp-wp-enforced-sizes\" style=\"width:40px;\"><\/amp-img><\/a><\/div><div class=\"heateorSssClear\"><\/div><\/div>","protected":false},"author":2,"featured_media":4062,"comment_status":"open","ping_status":"open","sticky":false,"template":"","format":"standard","meta":{"colormag_page_layout":"default_layout","footnotes":""},"categories":[6,9,10],"tags":[1212,584,1211,304],"ppma_author":[296],"class_list":["post-4050","post","type-post","status-publish","format-standard","has-post-thumbnail","hentry","category-cultura","category-historia","category-san-luis","tag-actos","tag-escuelas","tag-fin-de-curso","tag-san-luis"],"authors":[{"term_id":296,"user_id":2,"is_guest":0,"slug":"marieta","display_name":"Marieta de la Fe Rivero","avatar_url":"https:\/\/secure.gravatar.com\/avatar\/7c279ce23eb2256067fd230f2fc8cd09aad64c0444d42e1ce12ec1d1ffc7413f?s=96&d=mm&r=g","author_category":"","user_url":"https:\/\/www.radiomajaguabo.icrt.cu","last_name":"de la Fe Rivero","first_name":"Marieta","job_title":"","description":""}],"amp_enabled":true,"_links":{"self":[{"href":"https:\/\/www.radiomajaguabo.icrt.cu\/index.php?rest_route=\/wp\/v2\/posts\/4050","targetHints":{"allow":["GET"]}}],"collection":[{"href":"https:\/\/www.radiomajaguabo.icrt.cu\/index.php?rest_route=\/wp\/v2\/posts"}],"about":[{"href":"https:\/\/www.radiomajaguabo.icrt.cu\/index.php?rest_route=\/wp\/v2\/types\/post"}],"author":[{"embeddable":true,"href":"https:\/\/www.radiomajaguabo.icrt.cu\/index.php?rest_route=\/wp\/v2\/users\/2"}],"replies":[{"embeddable":true,"href":"https:\/\/www.radiomajaguabo.icrt.cu\/index.php?rest_route=%2Fwp%2Fv2%2Fcomments&post=4050"}],"version-history":[{"count":4,"href":"https:\/\/www.radiomajaguabo.icrt.cu\/index.php?rest_route=\/wp\/v2\/posts\/4050\/revisions"}],"predecessor-version":[{"id":4068,"href":"https:\/\/www.radiomajaguabo.icrt.cu\/index.php?rest_route=\/wp\/v2\/posts\/4050\/revisions\/4068"}],"wp:featuredmedia":[{"embeddable":true,"href":"https:\/\/www.radiomajaguabo.icrt.cu\/index.php?rest_route=\/wp\/v2\/media\/4062"}],"wp:attachment":[{"href":"https:\/\/www.radiomajaguabo.icrt.cu\/index.php?rest_route=%2Fwp%2Fv2%2Fmedia&parent=4050"}],"wp:term":[{"taxonomy":"category","embeddable":true,"href":"https:\/\/www.radiomajaguabo.icrt.cu\/index.php?rest_route=%2Fwp%2Fv2%2Fcategories&post=4050"},{"taxonomy":"post_tag","embeddable":true,"href":"https:\/\/www.radiomajaguabo.icrt.cu\/index.php?rest_route=%2Fwp%2Fv2%2Ftags&post=4050"},{"taxonomy":"author","embeddable":true,"href":"https:\/\/www.radiomajaguabo.icrt.cu\/index.php?rest_route=%2Fwp%2Fv2%2Fppma_author&post=4050"}],"curies":[{"name":"wp","href":"https:\/\/api.w.org\/{rel}","templated":true}]}}