{"id":4028,"date":"2023-07-17T12:51:25","date_gmt":"2023-07-17T12:51:25","guid":{"rendered":"https:\/\/www.radiomajaguabo.icrt.cu\/?p=4028"},"modified":"2023-07-17T12:51:25","modified_gmt":"2023-07-17T12:51:25","slug":"diversas-propuestas-amenizaron-la-celebracion-del-dia-de-los-ninos-en-san-luis-fotos","status":"publish","type":"post","link":"https:\/\/www.radiomajaguabo.icrt.cu\/?p=4028","title":{"rendered":"Diversas propuestas amenizaron la celebraci\u00f3n del D\u00eda de los Ni\u00f1os en San Luis (FOTOS)"},"content":{"rendered":"<p><strong>San Luis, Santiago de Cuba, jul. 17, 23. _<\/strong> En el parque Mariana Grajales de la cabecera municipal, los peque\u00f1os y sus padres disfrutaron de variadas ofertas como parte de las celebraciones por el D\u00eda de los Ni\u00f1os, este domingo.<!--more--><\/p>\n<p>Pudieron saborear del espect\u00e1culo Repartiendo Sue\u00f1os, protagonizado por la Payasita Piruleta, el animador Aldo Aranda, los instructores de arte y promotores de la Casa Municipal de Cultura Manuel Armero y los ni\u00f1os integrantes de las iniciativas comunitarias La Isla del Coco y Reparadores de Sue\u00f1os de las instructoras Leanne Bueno Caminero y Suratnia Ortega, respectivamente.<\/p>\n<p><img loading=\"lazy\" decoding=\"async\" class=\" wp-image-4034 aligncenter\" src=\"https:\/\/www.radiomajaguabo.icrt.cu\/wp-content\/uploads\/2023\/07\/infantes5-300x135.jpg\" alt=\"\" width=\"535\" height=\"241\" srcset=\"https:\/\/www.radiomajaguabo.icrt.cu\/wp-content\/uploads\/2023\/07\/infantes5-300x135.jpg 300w, https:\/\/www.radiomajaguabo.icrt.cu\/wp-content\/uploads\/2023\/07\/infantes5-1024x462.jpg 1024w, https:\/\/www.radiomajaguabo.icrt.cu\/wp-content\/uploads\/2023\/07\/infantes5-768x346.jpg 768w, https:\/\/www.radiomajaguabo.icrt.cu\/wp-content\/uploads\/2023\/07\/infantes5.jpg 1080w\" sizes=\"auto, (max-width: 535px) 100vw, 535px\" \/><\/p>\n<p><img loading=\"lazy\" decoding=\"async\" class=\" wp-image-4033 aligncenter\" src=\"https:\/\/www.radiomajaguabo.icrt.cu\/wp-content\/uploads\/2023\/07\/infantes4-300x158.jpg\" alt=\"\" width=\"530\" height=\"279\" srcset=\"https:\/\/www.radiomajaguabo.icrt.cu\/wp-content\/uploads\/2023\/07\/infantes4-300x158.jpg 300w, https:\/\/www.radiomajaguabo.icrt.cu\/wp-content\/uploads\/2023\/07\/infantes4-390x205.jpg 390w, https:\/\/www.radiomajaguabo.icrt.cu\/wp-content\/uploads\/2023\/07\/infantes4.jpg 640w\" sizes=\"auto, (max-width: 530px) 100vw, 530px\" \/><\/p>\n<p><img loading=\"lazy\" decoding=\"async\" class=\" wp-image-4032 aligncenter\" src=\"https:\/\/www.radiomajaguabo.icrt.cu\/wp-content\/uploads\/2023\/07\/infantes3-300x135.jpg\" alt=\"\" width=\"542\" height=\"244\" srcset=\"https:\/\/www.radiomajaguabo.icrt.cu\/wp-content\/uploads\/2023\/07\/infantes3-300x135.jpg 300w, https:\/\/www.radiomajaguabo.icrt.cu\/wp-content\/uploads\/2023\/07\/infantes3.jpg 640w\" sizes=\"auto, (max-width: 542px) 100vw, 542px\" \/><\/p>\n<p><img loading=\"lazy\" decoding=\"async\" class=\" wp-image-4031 aligncenter\" src=\"https:\/\/www.radiomajaguabo.icrt.cu\/wp-content\/uploads\/2023\/07\/infantes2-300x135.jpg\" alt=\"\" width=\"555\" height=\"250\" srcset=\"https:\/\/www.radiomajaguabo.icrt.cu\/wp-content\/uploads\/2023\/07\/infantes2-300x135.jpg 300w, https:\/\/www.radiomajaguabo.icrt.cu\/wp-content\/uploads\/2023\/07\/infantes2.jpg 640w\" sizes=\"auto, (max-width: 555px) 100vw, 555px\" \/><\/p>\n<p><img loading=\"lazy\" decoding=\"async\" class=\" wp-image-4030 aligncenter\" src=\"https:\/\/www.radiomajaguabo.icrt.cu\/wp-content\/uploads\/2023\/07\/infantes1-300x171.jpg\" alt=\"\" width=\"535\" height=\"305\" srcset=\"https:\/\/www.radiomajaguabo.icrt.cu\/wp-content\/uploads\/2023\/07\/infantes1-300x171.jpg 300w, https:\/\/www.radiomajaguabo.icrt.cu\/wp-content\/uploads\/2023\/07\/infantes1.jpg 640w\" sizes=\"auto, (max-width: 535px) 100vw, 535px\" \/><\/p>\n<p>Bien temprano en la ma\u00f1ana la m\u00fasica, juegos infantiles, competencias, bailes, deleitaron a peque\u00f1os y grandes ingresados en la Sala de Pediatr\u00eda del Hospital municipal Alberto Fern\u00e1ndez Montes de Oca, una iniciativa de los instructores de arte de la Casa Municipal de la Cultura.<\/p>\n<p>Los m\u00e1s peque\u00f1os disfrutaron de propuestas protagonizadas por el Instituto Nacional de Deportes, Educaci\u00f3n F\u00edsica y Recreaci\u00f3n (INDER) aqu\u00ed, la Organizaci\u00f3n de Pioneros Jos\u00e9 Mart\u00ed, la Brigada de Instructores de Arte y otros proyectos que dedican su quehacer a este segmento poblacional.<\/p>\n<p>Asimismo, hubo venta de confituras, refrescos, frutas por parte de estructuras de la zona de monta\u00f1a y aparatos para el disfrute de los ni\u00f1os y ni\u00f1as. La fiesta fue de agrado de los presentes, aunque como manifestaron familiares, bien pudieran revisarse los precios de los equipos y dulces, pues el poder adquisitivo no es igual para todas las familias.<\/p>\n<p>D\u00eda colmado de alegr\u00eda para los ni\u00f1os sanluiseros, quienes recordaron que esta fecha, escogida no para, sino por los propios ni\u00f1os, a quienes el Comandante en Jefe Fidel Castro Ruz, en inigualable ejercicio de democracia, consult\u00f3 durante un encuentro con pioneros de todo el pa\u00eds, reunidos en el Parque Lenin, en la capital cubana, en julio de 1974.<\/p>\n<p>Aqu\u00ed se celebr\u00f3 de manera amena porque los ni\u00f1os y ni\u00f1as tienen mucho que festejar: oportunidades, realizaciones, derechos conquistados para todos, y preservados contra viento y marea, sin importar crisis globales, bloqueos ni contingencias.<\/p>\n<p>&nbsp;<\/p>\n<p>&nbsp;<\/p>\n","protected":false},"excerpt":{"rendered":"<p>San Luis, Santiago de Cuba, jul. 17, 23. _ En el parque Mariana Grajales de la cabecera municipal, los peque\u00f1os<\/p>\n<div class='heateor_sss_sharing_container heateor_sss_vertical_sharing heateor_sss_bottom_sharing' style='width:44px;left: -10px;top: 100px;-webkit-box-shadow:none;box-shadow:none;' ><div class=\"heateor_sss_sharing_ul\"><a class=\"heateor_sss_amp heateor_sss_amp_facebook\" href=\"https:\/\/www.facebook.com\/sharer\/sharer.php?u=https%3A%2F%2Fwww.radiomajaguabo.icrt.cu%2Findex.php%3Frest_route%3D%252Fwp%252Fv2%252Fposts%252F4028\" title=\"Facebook\" rel=\"nofollow noopener\" target=\"_blank\"><amp-img src=\"https:\/\/www.radiomajaguabo.icrt.cu\/wp-content\/plugins\/sassy-social-share\/public\/..\/images\/amp\/facebook.svg\" width=\"40\" height=\"40\" alt=\"Facebook\" class=\"amp-wp-enforced-sizes\" style=\"width: 40px;\"><\/amp-img><\/a><a class=\"heateor_sss_amp heateor_sss_amp_linkedin\" href=\"https:\/\/www.linkedin.com\/sharing\/share-offsite\/?url=https%3A%2F%2Fwww.radiomajaguabo.icrt.cu%2Findex.php%3Frest_route%3D%252Fwp%252Fv2%252Fposts%252F4028\" title=\"Linkedin\" rel=\"nofollow noopener\" target=\"_blank\"><amp-img src=\"https:\/\/www.radiomajaguabo.icrt.cu\/wp-content\/plugins\/sassy-social-share\/public\/..\/images\/amp\/linkedin.svg\" width=\"40\" height=\"40\" alt=\"Linkedin\" class=\"amp-wp-enforced-sizes\" style=\"width: 40px;\"><\/amp-img><\/a><a class=\"heateor_sss_amp heateor_sss_amp_whatsapp\" href=\"https:\/\/api.whatsapp.com\/send?text=Radio%20Majaguabo%20-%20Emisora%20Radio%20Majaguabo%2C%20San%20Luis%2C%20Santiago%20de%20Cuba%2C%20Cuba%20https%3A%2F%2Fwww.radiomajaguabo.icrt.cu%2Findex.php%3Frest_route%3D%252Fwp%252Fv2%252Fposts%252F4028\" title=\"Whatsapp\" rel=\"nofollow noopener\" target=\"_blank\"><amp-img src=\"https:\/\/www.radiomajaguabo.icrt.cu\/wp-content\/plugins\/sassy-social-share\/public\/..\/images\/amp\/whatsapp.svg\" width=\"40\" height=\"40\" alt=\"Whatsapp\" class=\"amp-wp-enforced-sizes\" style=\"width: 40px;\"><\/amp-img><\/a><a class=\"heateor_sss_amp heateor_sss_amp_instagram\" href=\"https:\/\/www.instagram.com\/\" title=\"Instagram\" rel=\"nofollow noopener\" target=\"_blank\"><amp-img src=\"https:\/\/www.radiomajaguabo.icrt.cu\/wp-content\/plugins\/sassy-social-share\/public\/..\/images\/amp\/instagram.svg\" width=\"40\" height=\"40\" alt=\"Instagram\" class=\"amp-wp-enforced-sizes\" style=\"width: 40px;\"><\/amp-img><\/a><a class=\"heateor_sss_amp heateor_sss_amp_x\" href=\"https:\/\/twitter.com\/intent\/tweet?text=Radio%20Majaguabo%20-%20Emisora%20Radio%20Majaguabo%2C%20San%20Luis%2C%20Santiago%20de%20Cuba%2C%20Cuba&url=https%3A%2F%2Fwww.radiomajaguabo.icrt.cu%2Findex.php%3Frest_route%3D%252Fwp%252Fv2%252Fposts%252F4028\" title=\"X\" rel=\"nofollow noopener\" target=\"_blank\"><amp-img src=\"https:\/\/www.radiomajaguabo.icrt.cu\/wp-content\/plugins\/sassy-social-share\/public\/..\/images\/amp\/x.svg\" width=\"40\" height=\"40\" alt=\"X\" class=\"amp-wp-enforced-sizes\" style=\"width:40px;\"><\/amp-img><\/a><\/div><div class=\"heateorSssClear\"><\/div><\/div>","protected":false},"author":6,"featured_media":4031,"comment_status":"open","ping_status":"open","sticky":false,"template":"","format":"standard","meta":{"colormag_page_layout":"default_layout","footnotes":""},"categories":[10,6,5,9],"tags":[462,1208,304],"ppma_author":[299],"class_list":["post-4028","post","type-post","status-publish","format-standard","has-post-thumbnail","hentry","category-san-luis","category-cultura","category-deportes","category-historia","tag-actividades","tag-dia-de-los-ninos","tag-san-luis"],"authors":[{"term_id":299,"user_id":6,"is_guest":0,"slug":"yaniuska","display_name":"Yaniuska P\u00e9rez Verdecia","avatar_url":"https:\/\/secure.gravatar.com\/avatar\/a6d7e51e5ccf0210b8c939b21a0b37dca410372954868b8ff5b8e51c07cf1a6e?s=96&d=mm&r=g","author_category":"","user_url":"","last_name":"P\u00e9rez Verdecia","first_name":"Yaniuska","job_title":"","description":""}],"amp_enabled":true,"_links":{"self":[{"href":"https:\/\/www.radiomajaguabo.icrt.cu\/index.php?rest_route=\/wp\/v2\/posts\/4028","targetHints":{"allow":["GET"]}}],"collection":[{"href":"https:\/\/www.radiomajaguabo.icrt.cu\/index.php?rest_route=\/wp\/v2\/posts"}],"about":[{"href":"https:\/\/www.radiomajaguabo.icrt.cu\/index.php?rest_route=\/wp\/v2\/types\/post"}],"author":[{"embeddable":true,"href":"https:\/\/www.radiomajaguabo.icrt.cu\/index.php?rest_route=\/wp\/v2\/users\/6"}],"replies":[{"embeddable":true,"href":"https:\/\/www.radiomajaguabo.icrt.cu\/index.php?rest_route=%2Fwp%2Fv2%2Fcomments&post=4028"}],"version-history":[{"count":1,"href":"https:\/\/www.radiomajaguabo.icrt.cu\/index.php?rest_route=\/wp\/v2\/posts\/4028\/revisions"}],"predecessor-version":[{"id":4038,"href":"https:\/\/www.radiomajaguabo.icrt.cu\/index.php?rest_route=\/wp\/v2\/posts\/4028\/revisions\/4038"}],"wp:featuredmedia":[{"embeddable":true,"href":"https:\/\/www.radiomajaguabo.icrt.cu\/index.php?rest_route=\/wp\/v2\/media\/4031"}],"wp:attachment":[{"href":"https:\/\/www.radiomajaguabo.icrt.cu\/index.php?rest_route=%2Fwp%2Fv2%2Fmedia&parent=4028"}],"wp:term":[{"taxonomy":"category","embeddable":true,"href":"https:\/\/www.radiomajaguabo.icrt.cu\/index.php?rest_route=%2Fwp%2Fv2%2Fcategories&post=4028"},{"taxonomy":"post_tag","embeddable":true,"href":"https:\/\/www.radiomajaguabo.icrt.cu\/index.php?rest_route=%2Fwp%2Fv2%2Ftags&post=4028"},{"taxonomy":"author","embeddable":true,"href":"https:\/\/www.radiomajaguabo.icrt.cu\/index.php?rest_route=%2Fwp%2Fv2%2Fppma_author&post=4028"}],"curies":[{"name":"wp","href":"https:\/\/api.w.org\/{rel}","templated":true}]}}