{"id":3982,"date":"2023-07-14T15:13:26","date_gmt":"2023-07-14T15:13:26","guid":{"rendered":"https:\/\/www.radiomajaguabo.icrt.cu\/?p=3982"},"modified":"2023-07-14T15:13:26","modified_gmt":"2023-07-14T15:13:26","slug":"los-jovenes-sanluiseros-en-26","status":"publish","type":"post","link":"https:\/\/www.radiomajaguabo.icrt.cu\/?p=3982","title":{"rendered":"Los j\u00f3venes sanluiseros en 26"},"content":{"rendered":"<p><strong>San Luis, Santiago de Cuba, jul. 14, 23._ Los j\u00f3venes de este municipio <\/strong>est\u00e1n en 26 y en saludo al 70 aniversario de la Gesta del Moncada se insertan en actividades culturales, productivas y de embellecimiento de barrios y comunidades.<!--more--><\/p>\n<p>Vilma Larrea Oliva, Primera Secretaria de la organizaci\u00f3n juvenil en la Tierra de los Maceo, puntualiz\u00f3 que las nuevas generaciones de sanluiseros aportan a la celebraci\u00f3n del 26 no solo en acciones de embellecimiento, en la realizaci\u00f3n de actividades productivas y sociales, tambi\u00e9n se logran resultados loables en el crecimiento a la organizaci\u00f3n por los diferentes sectores, se trabaja para consolidar la pol\u00edtica de cuadros en el Comit\u00e9 Municipal, y atender de forma diferenciada a todos los j\u00f3venes del municipio, sean militantes o no.<\/p>\n<p><img loading=\"lazy\" decoding=\"async\" class=\" wp-image-3990 aligncenter\" src=\"https:\/\/www.radiomajaguabo.icrt.cu\/wp-content\/uploads\/2023\/07\/jovenes4-300x183.jpg\" alt=\"\" width=\"532\" height=\"324\" srcset=\"https:\/\/www.radiomajaguabo.icrt.cu\/wp-content\/uploads\/2023\/07\/jovenes4-300x183.jpg 300w, https:\/\/www.radiomajaguabo.icrt.cu\/wp-content\/uploads\/2023\/07\/jovenes4.jpg 640w\" sizes=\"auto, (max-width: 532px) 100vw, 532px\" \/><\/p>\n<p>La trascendental efem\u00e9rides que por estos d\u00edas marca la vida de los sanluiseros, el 70 aniversario del Asalto a los Cuarteles Moncada y Carlos Manuel de C\u00e9spedes, es motivaci\u00f3n para que los j\u00f3venes y pioneros sanluiseros sean protagonistas del desarrollo social y econ\u00f3mico del municipio.<\/p>\n<p><img loading=\"lazy\" decoding=\"async\" class=\" wp-image-3988 aligncenter\" src=\"https:\/\/www.radiomajaguabo.icrt.cu\/wp-content\/uploads\/2023\/07\/jovenes-300x186.jpg\" alt=\"\" width=\"535\" height=\"332\" srcset=\"https:\/\/www.radiomajaguabo.icrt.cu\/wp-content\/uploads\/2023\/07\/jovenes-300x186.jpg 300w, https:\/\/www.radiomajaguabo.icrt.cu\/wp-content\/uploads\/2023\/07\/jovenes.jpg 640w\" sizes=\"auto, (max-width: 535px) 100vw, 535px\" \/><\/p>\n<p>Nuevamente la juventud y los ni\u00f1os del territorio, como fieles continuadores de la historia, saludan la significativa fecha homenajeando a los ca\u00eddos en las acciones del 26 de Julio con el compromiso de perfeccionar cada vez m\u00e1s el Socialismo que escogimos.<\/p>\n","protected":false},"excerpt":{"rendered":"<p>San Luis, Santiago de Cuba, jul. 14, 23._ Los j\u00f3venes de este municipio est\u00e1n en 26 y en saludo al<\/p>\n<div class='heateor_sss_sharing_container heateor_sss_vertical_sharing heateor_sss_bottom_sharing' style='width:44px;left: -10px;top: 100px;-webkit-box-shadow:none;box-shadow:none;' ><div class=\"heateor_sss_sharing_ul\"><a class=\"heateor_sss_amp heateor_sss_amp_facebook\" href=\"https:\/\/www.facebook.com\/sharer\/sharer.php?u=https%3A%2F%2Fwww.radiomajaguabo.icrt.cu%2Findex.php%3Frest_route%3D%252Fwp%252Fv2%252Fposts%252F3982\" title=\"Facebook\" rel=\"nofollow noopener\" target=\"_blank\"><amp-img src=\"https:\/\/www.radiomajaguabo.icrt.cu\/wp-content\/plugins\/sassy-social-share\/public\/..\/images\/amp\/facebook.svg\" width=\"40\" height=\"40\" alt=\"Facebook\" class=\"amp-wp-enforced-sizes\" style=\"width: 40px;\"><\/amp-img><\/a><a class=\"heateor_sss_amp heateor_sss_amp_linkedin\" href=\"https:\/\/www.linkedin.com\/sharing\/share-offsite\/?url=https%3A%2F%2Fwww.radiomajaguabo.icrt.cu%2Findex.php%3Frest_route%3D%252Fwp%252Fv2%252Fposts%252F3982\" title=\"Linkedin\" rel=\"nofollow noopener\" target=\"_blank\"><amp-img src=\"https:\/\/www.radiomajaguabo.icrt.cu\/wp-content\/plugins\/sassy-social-share\/public\/..\/images\/amp\/linkedin.svg\" width=\"40\" height=\"40\" alt=\"Linkedin\" class=\"amp-wp-enforced-sizes\" style=\"width: 40px;\"><\/amp-img><\/a><a class=\"heateor_sss_amp heateor_sss_amp_whatsapp\" href=\"https:\/\/api.whatsapp.com\/send?text=Radio%20Majaguabo%20-%20Emisora%20Radio%20Majaguabo%2C%20San%20Luis%2C%20Santiago%20de%20Cuba%2C%20Cuba%20https%3A%2F%2Fwww.radiomajaguabo.icrt.cu%2Findex.php%3Frest_route%3D%252Fwp%252Fv2%252Fposts%252F3982\" title=\"Whatsapp\" rel=\"nofollow noopener\" target=\"_blank\"><amp-img src=\"https:\/\/www.radiomajaguabo.icrt.cu\/wp-content\/plugins\/sassy-social-share\/public\/..\/images\/amp\/whatsapp.svg\" width=\"40\" height=\"40\" alt=\"Whatsapp\" class=\"amp-wp-enforced-sizes\" style=\"width: 40px;\"><\/amp-img><\/a><a class=\"heateor_sss_amp heateor_sss_amp_instagram\" href=\"https:\/\/www.instagram.com\/\" title=\"Instagram\" rel=\"nofollow noopener\" target=\"_blank\"><amp-img src=\"https:\/\/www.radiomajaguabo.icrt.cu\/wp-content\/plugins\/sassy-social-share\/public\/..\/images\/amp\/instagram.svg\" width=\"40\" height=\"40\" alt=\"Instagram\" class=\"amp-wp-enforced-sizes\" style=\"width: 40px;\"><\/amp-img><\/a><a class=\"heateor_sss_amp heateor_sss_amp_x\" href=\"https:\/\/twitter.com\/intent\/tweet?text=Radio%20Majaguabo%20-%20Emisora%20Radio%20Majaguabo%2C%20San%20Luis%2C%20Santiago%20de%20Cuba%2C%20Cuba&url=https%3A%2F%2Fwww.radiomajaguabo.icrt.cu%2Findex.php%3Frest_route%3D%252Fwp%252Fv2%252Fposts%252F3982\" title=\"X\" rel=\"nofollow noopener\" target=\"_blank\"><amp-img src=\"https:\/\/www.radiomajaguabo.icrt.cu\/wp-content\/plugins\/sassy-social-share\/public\/..\/images\/amp\/x.svg\" width=\"40\" height=\"40\" alt=\"X\" class=\"amp-wp-enforced-sizes\" style=\"width:40px;\"><\/amp-img><\/a><\/div><div class=\"heateorSssClear\"><\/div><\/div>","protected":false},"author":6,"featured_media":3989,"comment_status":"open","ping_status":"open","sticky":false,"template":"","format":"standard","meta":{"colormag_page_layout":"default_layout","footnotes":""},"categories":[10,6,9],"tags":[839,482,304,49,760],"ppma_author":[299],"class_list":["post-3982","post","type-post","status-publish","format-standard","has-post-thumbnail","hentry","category-san-luis","category-cultura","category-historia","tag-26-de-julio","tag-jovenes","tag-san-luis","tag-santiago-de-cuba","tag-ujc"],"authors":[{"term_id":299,"user_id":6,"is_guest":0,"slug":"yaniuska","display_name":"Yaniuska P\u00e9rez Verdecia","avatar_url":"https:\/\/secure.gravatar.com\/avatar\/a6d7e51e5ccf0210b8c939b21a0b37dca410372954868b8ff5b8e51c07cf1a6e?s=96&d=mm&r=g","author_category":"","user_url":"","last_name":"P\u00e9rez Verdecia","first_name":"Yaniuska","job_title":"","description":""}],"amp_enabled":true,"_links":{"self":[{"href":"https:\/\/www.radiomajaguabo.icrt.cu\/index.php?rest_route=\/wp\/v2\/posts\/3982","targetHints":{"allow":["GET"]}}],"collection":[{"href":"https:\/\/www.radiomajaguabo.icrt.cu\/index.php?rest_route=\/wp\/v2\/posts"}],"about":[{"href":"https:\/\/www.radiomajaguabo.icrt.cu\/index.php?rest_route=\/wp\/v2\/types\/post"}],"author":[{"embeddable":true,"href":"https:\/\/www.radiomajaguabo.icrt.cu\/index.php?rest_route=\/wp\/v2\/users\/6"}],"replies":[{"embeddable":true,"href":"https:\/\/www.radiomajaguabo.icrt.cu\/index.php?rest_route=%2Fwp%2Fv2%2Fcomments&post=3982"}],"version-history":[{"count":1,"href":"https:\/\/www.radiomajaguabo.icrt.cu\/index.php?rest_route=\/wp\/v2\/posts\/3982\/revisions"}],"predecessor-version":[{"id":3992,"href":"https:\/\/www.radiomajaguabo.icrt.cu\/index.php?rest_route=\/wp\/v2\/posts\/3982\/revisions\/3992"}],"wp:featuredmedia":[{"embeddable":true,"href":"https:\/\/www.radiomajaguabo.icrt.cu\/index.php?rest_route=\/wp\/v2\/media\/3989"}],"wp:attachment":[{"href":"https:\/\/www.radiomajaguabo.icrt.cu\/index.php?rest_route=%2Fwp%2Fv2%2Fmedia&parent=3982"}],"wp:term":[{"taxonomy":"category","embeddable":true,"href":"https:\/\/www.radiomajaguabo.icrt.cu\/index.php?rest_route=%2Fwp%2Fv2%2Fcategories&post=3982"},{"taxonomy":"post_tag","embeddable":true,"href":"https:\/\/www.radiomajaguabo.icrt.cu\/index.php?rest_route=%2Fwp%2Fv2%2Ftags&post=3982"},{"taxonomy":"author","embeddable":true,"href":"https:\/\/www.radiomajaguabo.icrt.cu\/index.php?rest_route=%2Fwp%2Fv2%2Fppma_author&post=3982"}],"curies":[{"name":"wp","href":"https:\/\/api.w.org\/{rel}","templated":true}]}}