{"id":339,"date":"2022-09-07T06:12:46","date_gmt":"2022-09-07T06:12:46","guid":{"rendered":"https:\/\/localhost\/radiomajaguabo\/?p=339"},"modified":"2022-09-07T14:13:11","modified_gmt":"2022-09-07T14:13:11","slug":"italia-francia-protagonizaran-cuartos-de-mundial-de-voleibol-m","status":"publish","type":"post","link":"https:\/\/www.radiomajaguabo.icrt.cu\/?p=339","title":{"rendered":"Italia-Francia protagonizar\u00e1n cuartos de mundial de voleibol (m)"},"content":{"rendered":"<div class=\"elementor-element elementor-element-44014e52 elementor-widget elementor-widget-theme-post-excerpt\" data-id=\"44014e52\" data-element_type=\"widget\" data-widget_type=\"theme-post-excerpt.default\">\n<div class=\"elementor-widget-container\">Gliwice, Polonia, 7 sep (Prensa Latina) Las selecciones de Italia y Francia protagonizar\u00e1n hoy la primera jornada de los cuartos de final del Campeonato Mundial masculino de voleibol de Polonia y Eslovenia 2022, previsto hasta el pr\u00f3ximo d\u00eda 11.<\/div>\n<\/div>\n<p><!--more--><\/p>\n<div class=\"elementor-element elementor-element-560e1f7e elementor-widget elementor-widget-theme-post-content\" data-id=\"560e1f7e\" data-element_type=\"widget\" data-widget_type=\"theme-post-content.default\">\n<div class=\"elementor-widget-container\">\n<p>Los italianos, titulares en 1990, 1994 y 1998, vienen de derrotar a Cuba, finalista de estos torneos en dos ocasiones (1990 y 2010), para acceder a la fase de ocho.<\/p>\n<p>Los galos, bronce en la lid de 2002 y vigentes ases ol\u00edmpicos, mantienen el sue\u00f1o de lograr una primera corona planetaria tras imponerse a Jap\u00f3n.<\/p>\n<p>El otro de los partidos de este mi\u00e9rcoles correr\u00e1 a cargo de Eslovenia-Ucrania, mientras ma\u00f1ana jueves Polonia, campe\u00f3n defensor, chocar\u00e1 contra Estados Unidos y en un duelo latinoamericano Argentina tendr\u00e1 net por medio a Brasil.<\/p>\n<p>Los albicelestes, terceros en el los pasados juegos bajo los cinco aros, derrotaron la v\u00edspera 3-0 a Serbia, con parciales de 25-23, 25-21 y 25-23, apoyados en el ataque de Bruno Lima.<\/p>\n<p>Los del gigante de Sudam\u00e9rica, tres veces primeros del orbe (2002, 2006 y 2010), aplastaron tambi\u00e9n sin problemas 3-0 a Ir\u00e1n, al lograr tanteadores de 25-17, 25-22 y 25-23.<\/p>\n<p>El Campeonato Mundial masculino de voleibol, cuya primera edici\u00f3n aconteci\u00f3 en 1949 y se efect\u00faa cada cuatro a\u00f1os, resulta la m\u00e1xima competici\u00f3n disputada por los equipos nacionales miembros de la Federaci\u00f3n Internacional de la disciplina.<\/p>\n<p>mem\/znc<\/p>\n<\/div>\n<\/div>\n<div class=\"elementor-element elementor-element-1fdbd0a elementor-widget elementor-widget-post-info\" data-id=\"1fdbd0a\" data-element_type=\"widget\" data-widget_type=\"post-info.default\">\n<div class=\"elementor-widget-container\">\n<ul class=\"elementor-inline-items elementor-icon-list-items elementor-post-info\">\n<li class=\"elementor-icon-list-item elementor-repeater-item-170494c elementor-inline-item\"><span class=\"elementor-icon-list-text elementor-post-info__item elementor-post-info__item--type-custom\"> #<a href=\"https:\/\/www.prensa-latina.cu\/tags\/campeonato-mundial\" rel=\"tag noopener\" target=\"_blank\">campeonato mundial<\/a> #<a href=\"https:\/\/www.prensa-latina.cu\/tags\/eslovenia\" rel=\"tag noopener\" target=\"_blank\">Eslovenia<\/a> #<a href=\"https:\/\/www.prensa-latina.cu\/tags\/francia\" rel=\"tag noopener\" target=\"_blank\">Francia<\/a> #<a href=\"https:\/\/www.prensa-latina.cu\/tags\/italia\" rel=\"tag noopener\" target=\"_blank\">Italia<\/a> #<a href=\"https:\/\/www.prensa-latina.cu\/tags\/masculino\" rel=\"tag noopener\" target=\"_blank\">masculino<\/a> #<a href=\"https:\/\/www.prensa-latina.cu\/tags\/polonia\" rel=\"tag noopener\" target=\"_blank\">polonia<\/a> #<a href=\"https:\/\/www.prensa-latina.cu\/tags\/voleibol\" rel=\"tag noopener\" target=\"_blank\">voleibol<\/a> <\/span><\/li>\n<\/ul>\n<\/div>\n<\/div>\n","protected":false},"excerpt":{"rendered":"<p>Gliwice, Polonia, 7 sep (Prensa Latina) Las selecciones de Italia y Francia protagonizar\u00e1n hoy la primera jornada de los cuartos<\/p>\n<div class='heateor_sss_sharing_container heateor_sss_vertical_sharing heateor_sss_bottom_sharing' style='width:44px;left: -10px;top: 100px;-webkit-box-shadow:none;box-shadow:none;' ><div class=\"heateor_sss_sharing_ul\"><a class=\"heateor_sss_amp heateor_sss_amp_facebook\" href=\"https:\/\/www.facebook.com\/sharer\/sharer.php?u=https%3A%2F%2Fwww.radiomajaguabo.icrt.cu%2Findex.php%3Frest_route%3D%252Fwp%252Fv2%252Fposts%252F339\" title=\"Facebook\" rel=\"nofollow noopener\" target=\"_blank\"><amp-img src=\"https:\/\/www.radiomajaguabo.icrt.cu\/wp-content\/plugins\/sassy-social-share\/public\/..\/images\/amp\/facebook.svg\" width=\"40\" height=\"40\" alt=\"Facebook\" class=\"amp-wp-enforced-sizes\" style=\"width: 40px;\"><\/amp-img><\/a><a class=\"heateor_sss_amp heateor_sss_amp_linkedin\" href=\"https:\/\/www.linkedin.com\/sharing\/share-offsite\/?url=https%3A%2F%2Fwww.radiomajaguabo.icrt.cu%2Findex.php%3Frest_route%3D%252Fwp%252Fv2%252Fposts%252F339\" title=\"Linkedin\" rel=\"nofollow noopener\" target=\"_blank\"><amp-img src=\"https:\/\/www.radiomajaguabo.icrt.cu\/wp-content\/plugins\/sassy-social-share\/public\/..\/images\/amp\/linkedin.svg\" width=\"40\" height=\"40\" alt=\"Linkedin\" class=\"amp-wp-enforced-sizes\" style=\"width: 40px;\"><\/amp-img><\/a><a class=\"heateor_sss_amp heateor_sss_amp_whatsapp\" href=\"https:\/\/api.whatsapp.com\/send?text=Radio%20Majaguabo%20-%20Emisora%20Radio%20Majaguabo%2C%20San%20Luis%2C%20Santiago%20de%20Cuba%2C%20Cuba%20https%3A%2F%2Fwww.radiomajaguabo.icrt.cu%2Findex.php%3Frest_route%3D%252Fwp%252Fv2%252Fposts%252F339\" title=\"Whatsapp\" rel=\"nofollow noopener\" target=\"_blank\"><amp-img src=\"https:\/\/www.radiomajaguabo.icrt.cu\/wp-content\/plugins\/sassy-social-share\/public\/..\/images\/amp\/whatsapp.svg\" width=\"40\" height=\"40\" alt=\"Whatsapp\" class=\"amp-wp-enforced-sizes\" style=\"width: 40px;\"><\/amp-img><\/a><a class=\"heateor_sss_amp heateor_sss_amp_instagram\" href=\"https:\/\/www.instagram.com\/\" title=\"Instagram\" rel=\"nofollow noopener\" target=\"_blank\"><amp-img src=\"https:\/\/www.radiomajaguabo.icrt.cu\/wp-content\/plugins\/sassy-social-share\/public\/..\/images\/amp\/instagram.svg\" width=\"40\" height=\"40\" alt=\"Instagram\" class=\"amp-wp-enforced-sizes\" style=\"width: 40px;\"><\/amp-img><\/a><a class=\"heateor_sss_amp heateor_sss_amp_x\" href=\"https:\/\/twitter.com\/intent\/tweet?text=Radio%20Majaguabo%20-%20Emisora%20Radio%20Majaguabo%2C%20San%20Luis%2C%20Santiago%20de%20Cuba%2C%20Cuba&url=https%3A%2F%2Fwww.radiomajaguabo.icrt.cu%2Findex.php%3Frest_route%3D%252Fwp%252Fv2%252Fposts%252F339\" title=\"X\" rel=\"nofollow noopener\" target=\"_blank\"><amp-img src=\"https:\/\/www.radiomajaguabo.icrt.cu\/wp-content\/plugins\/sassy-social-share\/public\/..\/images\/amp\/x.svg\" width=\"40\" height=\"40\" alt=\"X\" class=\"amp-wp-enforced-sizes\" style=\"width:40px;\"><\/amp-img><\/a><\/div><div class=\"heateorSssClear\"><\/div><\/div>","protected":false},"author":10,"featured_media":340,"comment_status":"open","ping_status":"open","sticky":false,"template":"","format":"standard","meta":{"colormag_page_layout":"default_layout","footnotes":""},"categories":[5],"tags":[202,13,201,200,147],"ppma_author":[39],"class_list":["post-339","post","type-post","status-publish","format-standard","has-post-thumbnail","hentry","category-deportes","tag-campeonato-mundial-masculino-de-voleibol","tag-cuba","tag-francia","tag-italia","tag-voleibol"],"authors":[{"term_id":39,"user_id":10,"is_guest":0,"slug":"prensa-latina","display_name":"Prensa Latina","avatar_url":"https:\/\/secure.gravatar.com\/avatar\/50c7a3112bb25b21ddc4cf0ff17bac923226a0d4e8814139af94a839af15e315?s=96&d=mm&r=g","author_category":"","user_url":"https:\/\/www.prensa-latina.cu","last_name":"","first_name":"Prensa Latina","job_title":"","description":""}],"amp_enabled":true,"_links":{"self":[{"href":"https:\/\/www.radiomajaguabo.icrt.cu\/index.php?rest_route=\/wp\/v2\/posts\/339","targetHints":{"allow":["GET"]}}],"collection":[{"href":"https:\/\/www.radiomajaguabo.icrt.cu\/index.php?rest_route=\/wp\/v2\/posts"}],"about":[{"href":"https:\/\/www.radiomajaguabo.icrt.cu\/index.php?rest_route=\/wp\/v2\/types\/post"}],"author":[{"embeddable":true,"href":"https:\/\/www.radiomajaguabo.icrt.cu\/index.php?rest_route=\/wp\/v2\/users\/10"}],"replies":[{"embeddable":true,"href":"https:\/\/www.radiomajaguabo.icrt.cu\/index.php?rest_route=%2Fwp%2Fv2%2Fcomments&post=339"}],"version-history":[{"count":2,"href":"https:\/\/www.radiomajaguabo.icrt.cu\/index.php?rest_route=\/wp\/v2\/posts\/339\/revisions"}],"predecessor-version":[{"id":342,"href":"https:\/\/www.radiomajaguabo.icrt.cu\/index.php?rest_route=\/wp\/v2\/posts\/339\/revisions\/342"}],"wp:featuredmedia":[{"embeddable":true,"href":"https:\/\/www.radiomajaguabo.icrt.cu\/index.php?rest_route=\/wp\/v2\/media\/340"}],"wp:attachment":[{"href":"https:\/\/www.radiomajaguabo.icrt.cu\/index.php?rest_route=%2Fwp%2Fv2%2Fmedia&parent=339"}],"wp:term":[{"taxonomy":"category","embeddable":true,"href":"https:\/\/www.radiomajaguabo.icrt.cu\/index.php?rest_route=%2Fwp%2Fv2%2Fcategories&post=339"},{"taxonomy":"post_tag","embeddable":true,"href":"https:\/\/www.radiomajaguabo.icrt.cu\/index.php?rest_route=%2Fwp%2Fv2%2Ftags&post=339"},{"taxonomy":"author","embeddable":true,"href":"https:\/\/www.radiomajaguabo.icrt.cu\/index.php?rest_route=%2Fwp%2Fv2%2Fppma_author&post=339"}],"curies":[{"name":"wp","href":"https:\/\/api.w.org\/{rel}","templated":true}]}}