{"id":3367,"date":"2023-06-06T12:58:15","date_gmt":"2023-06-06T12:58:15","guid":{"rendered":"https:\/\/www.radiomajaguabo.icrt.cu\/?p=3367"},"modified":"2023-06-06T12:58:15","modified_gmt":"2023-06-06T12:58:15","slug":"proteger-a-los-adultos-mayores-prioridad-en-san-luis","status":"publish","type":"post","link":"https:\/\/www.radiomajaguabo.icrt.cu\/?p=3367","title":{"rendered":"Proteger a los adultos mayores, prioridad en San Luis"},"content":{"rendered":"<p><strong>San Luis, Santiago de Cuba, jun. 6, 23. _<\/strong> Actualmente en Cuba existe un alto porcentaje en cuanto al envejecimiento poblacional, por ello es muy importante referirse al cuidado y trato que se le brinda al adulto mayor por parte de la familia.<!--more--><\/p>\n<p>Hay que tener en cuenta que el 20,5 % de la poblaci\u00f3n cubana tiene 60 a\u00f1os o m\u00e1s, a lo que se a\u00f1ade que para el 2030 aumentar\u00e1 al 30,3%. Convirti\u00e9ndose en uno de los pa\u00edses m\u00e1s envejecidos de Latinoam\u00e9rica y del mundo.<\/p>\n<p><img loading=\"lazy\" decoding=\"async\" class=\" wp-image-3383 aligncenter\" src=\"https:\/\/www.radiomajaguabo.icrt.cu\/wp-content\/uploads\/2023\/06\/adultos3-300x300.jpg\" alt=\"\" width=\"541\" height=\"541\" srcset=\"https:\/\/www.radiomajaguabo.icrt.cu\/wp-content\/uploads\/2023\/06\/adultos3-300x300.jpg 300w, https:\/\/www.radiomajaguabo.icrt.cu\/wp-content\/uploads\/2023\/06\/adultos3-150x150.jpg 150w\" sizes=\"auto, (max-width: 541px) 100vw, 541px\" \/><\/p>\n<p>Nuestro pa\u00eds aboga por programas que garanticen el pleno desarrollo y continuidad social de este grupo etario, y en ese empe\u00f1o se contribuye al fomento de una nueva cultura del envejecimiento, libre de paternalismo, gerofobia y discriminaci\u00f3n. <strong>\u00a0<\/strong><\/p>\n<p><img loading=\"lazy\" decoding=\"async\" class=\" wp-image-3382 aligncenter\" src=\"https:\/\/www.radiomajaguabo.icrt.cu\/wp-content\/uploads\/2023\/06\/adultos2-300x180.jpg\" alt=\"\" width=\"534\" height=\"320\" srcset=\"https:\/\/www.radiomajaguabo.icrt.cu\/wp-content\/uploads\/2023\/06\/adultos2-300x180.jpg 300w, https:\/\/www.radiomajaguabo.icrt.cu\/wp-content\/uploads\/2023\/06\/adultos2.jpg 640w\" sizes=\"auto, (max-width: 534px) 100vw, 534px\" \/><\/p>\n<p>El afecto familiar, las Condiciones de seguridad en la casa, los paseos familiares, la alimentaci\u00f3n y evitar la soledad, son simples medidas que se deben tener garantizadas para lograr una vida plena para el adulto mayor<\/p>\n<p>El cuidado de las personas de la tercera edad es un tema es muy tratado en los medios de comunicaci\u00f3n de Cuba, de eso no hay duda alguna, pero hay que llegar hasta los m\u00e1s j\u00f3venes; que piensan que brindar un plato de comida y un techo a los ancianos lo es todo y no es as\u00ed.<\/p>\n<p>Estas son personas que demandan atenci\u00f3n tanto econ\u00f3mica como espiritual. Las personas que superan los 60 a\u00f1os en nuestro pa\u00eds cada vez son m\u00e1s, lo que exigir\u00e1 que los de menor de edad nos acostumbremos a cuidar de nuestro padres y abuelos con todo el cari\u00f1o y el amor del mundo, pero sobre todo con respeto.<\/p>\n<p>Hay escenas y palabras que no deber\u00edan tener cabida en la sociedad cubana, una sociedad socialista, concebida por y para el hombre, basada en la igualdad de todos; frases como eres una molestia, porque no te acabas de morir o ya has vivido muchos a\u00f1os, hieren a esa persona que en el pasado entrego todo por ti.<\/p>\n<p>Existen hijos que prefieren internar a sus padres en un asilo antes de cuidar de ellos, o que excluyen al adulto mayor de la toma de decisiones de cualquier \u00edndole; resumiendo que lo consideran un estorbo en sus vidas.<\/p>\n<p>La esperanza de toda persona que arriba a los 60 a\u00f1os es de vivir 22 m\u00e1s, y cuando se llega a los 80, hay una esperanza de vivir otros nueve, por lo que resulta fundamental crecerse como sociedad ante el reto que se nos plantea: perfeccionar el cuidado del adulto mayor, ello debe ir acompa\u00f1ado de un cambio en la visi\u00f3n sobre el envejecimiento, que hist\u00f3ricamente ha colocado al adulto mayor en una posici\u00f3n de desventaja social, casi siempre como una persona dependiente, que no es capaz de tomar iniciativa y formar parte del desarrollo de la sociedad. Vejez no supone discapacidad, se puede envejecer saludablemente.<\/p>\n<p>A quienes piensan as\u00ed es que va dirigida mi reflexi\u00f3n, llegar a viejo no es para nada un castigo todo lo contrario es un privilegio, yo siempre jaraneo diciendo que no voy a tener la gracia de pasar de las seis d\u00e9cadas de mi vida y mucho menos alcanzar a mi abuela en sus ya 93 a\u00f1os y es por esta personita que no pierde oportunidad para dar amor y cari\u00f1o a todos los que la rodeamos que pienso en el resto de los ancianos que a diferencia de ella no tienen quien los atiendan.<\/p>\n<p>Los familiares debemos darle amor y cari\u00f1o a los adultos mayores, se le debe ense\u00f1ar a los ni\u00f1os y j\u00f3venes a respetar, a querer y a valorar a los abuelos. Cuidar de los \u00fanicos capaces de contener experiencia es un deber que tenemos las nuevas generaciones en un pa\u00eds cada vez m\u00e1s viejo, recordemos esta frase del jolgorio popular cubano todos vamos pa\u00b4 viejo.<\/p>\n<p>&nbsp;<\/p>\n","protected":false},"excerpt":{"rendered":"<p>San Luis, Santiago de Cuba, jun. 6, 23. _ Actualmente en Cuba existe un alto porcentaje en cuanto al envejecimiento<\/p>\n<div class='heateor_sss_sharing_container heateor_sss_vertical_sharing heateor_sss_bottom_sharing' style='width:44px;left: -10px;top: 100px;-webkit-box-shadow:none;box-shadow:none;' ><div class=\"heateor_sss_sharing_ul\"><a class=\"heateor_sss_amp heateor_sss_amp_facebook\" href=\"https:\/\/www.facebook.com\/sharer\/sharer.php?u=https%3A%2F%2Fwww.radiomajaguabo.icrt.cu%2Findex.php%3Frest_route%3D%252Fwp%252Fv2%252Fposts%252F3367\" title=\"Facebook\" rel=\"nofollow noopener\" target=\"_blank\"><amp-img src=\"https:\/\/www.radiomajaguabo.icrt.cu\/wp-content\/plugins\/sassy-social-share\/public\/..\/images\/amp\/facebook.svg\" width=\"40\" height=\"40\" alt=\"Facebook\" class=\"amp-wp-enforced-sizes\" style=\"width: 40px;\"><\/amp-img><\/a><a class=\"heateor_sss_amp heateor_sss_amp_linkedin\" href=\"https:\/\/www.linkedin.com\/sharing\/share-offsite\/?url=https%3A%2F%2Fwww.radiomajaguabo.icrt.cu%2Findex.php%3Frest_route%3D%252Fwp%252Fv2%252Fposts%252F3367\" title=\"Linkedin\" rel=\"nofollow noopener\" target=\"_blank\"><amp-img src=\"https:\/\/www.radiomajaguabo.icrt.cu\/wp-content\/plugins\/sassy-social-share\/public\/..\/images\/amp\/linkedin.svg\" width=\"40\" height=\"40\" alt=\"Linkedin\" class=\"amp-wp-enforced-sizes\" style=\"width: 40px;\"><\/amp-img><\/a><a class=\"heateor_sss_amp heateor_sss_amp_whatsapp\" href=\"https:\/\/api.whatsapp.com\/send?text=Radio%20Majaguabo%20-%20Emisora%20Radio%20Majaguabo%2C%20San%20Luis%2C%20Santiago%20de%20Cuba%2C%20Cuba%20https%3A%2F%2Fwww.radiomajaguabo.icrt.cu%2Findex.php%3Frest_route%3D%252Fwp%252Fv2%252Fposts%252F3367\" title=\"Whatsapp\" rel=\"nofollow noopener\" target=\"_blank\"><amp-img src=\"https:\/\/www.radiomajaguabo.icrt.cu\/wp-content\/plugins\/sassy-social-share\/public\/..\/images\/amp\/whatsapp.svg\" width=\"40\" height=\"40\" alt=\"Whatsapp\" class=\"amp-wp-enforced-sizes\" style=\"width: 40px;\"><\/amp-img><\/a><a class=\"heateor_sss_amp heateor_sss_amp_instagram\" href=\"https:\/\/www.instagram.com\/\" title=\"Instagram\" rel=\"nofollow noopener\" target=\"_blank\"><amp-img src=\"https:\/\/www.radiomajaguabo.icrt.cu\/wp-content\/plugins\/sassy-social-share\/public\/..\/images\/amp\/instagram.svg\" width=\"40\" height=\"40\" alt=\"Instagram\" class=\"amp-wp-enforced-sizes\" style=\"width: 40px;\"><\/amp-img><\/a><a class=\"heateor_sss_amp heateor_sss_amp_x\" href=\"https:\/\/twitter.com\/intent\/tweet?text=Radio%20Majaguabo%20-%20Emisora%20Radio%20Majaguabo%2C%20San%20Luis%2C%20Santiago%20de%20Cuba%2C%20Cuba&url=https%3A%2F%2Fwww.radiomajaguabo.icrt.cu%2Findex.php%3Frest_route%3D%252Fwp%252Fv2%252Fposts%252F3367\" title=\"X\" rel=\"nofollow noopener\" target=\"_blank\"><amp-img src=\"https:\/\/www.radiomajaguabo.icrt.cu\/wp-content\/plugins\/sassy-social-share\/public\/..\/images\/amp\/x.svg\" width=\"40\" height=\"40\" alt=\"X\" class=\"amp-wp-enforced-sizes\" style=\"width:40px;\"><\/amp-img><\/a><\/div><div class=\"heateorSssClear\"><\/div><\/div>","protected":false},"author":7,"featured_media":3381,"comment_status":"open","ping_status":"open","sticky":false,"template":"","format":"standard","meta":{"colormag_page_layout":"default_layout","footnotes":""},"categories":[10,6],"tags":[867,1058,817,304,49],"ppma_author":[847],"class_list":["post-3367","post","type-post","status-publish","format-standard","has-post-thumbnail","hentry","category-san-luis","category-cultura","tag-adultos-mayores","tag-cuidado","tag-proteccion","tag-san-luis","tag-santiago-de-cuba"],"authors":[{"term_id":847,"user_id":7,"is_guest":0,"slug":"ariadna","display_name":"Ariadna P\u00e9rez Morales","avatar_url":"https:\/\/secure.gravatar.com\/avatar\/c3f225207c412ea444f41008f0fb8216e66f9ddf2cc1fffa011b9113f906aa1f?s=96&d=mm&r=g","author_category":"","user_url":"","last_name":"P\u00e9rez Morales","first_name":"Ariadna","job_title":"","description":""}],"amp_enabled":true,"_links":{"self":[{"href":"https:\/\/www.radiomajaguabo.icrt.cu\/index.php?rest_route=\/wp\/v2\/posts\/3367","targetHints":{"allow":["GET"]}}],"collection":[{"href":"https:\/\/www.radiomajaguabo.icrt.cu\/index.php?rest_route=\/wp\/v2\/posts"}],"about":[{"href":"https:\/\/www.radiomajaguabo.icrt.cu\/index.php?rest_route=\/wp\/v2\/types\/post"}],"author":[{"embeddable":true,"href":"https:\/\/www.radiomajaguabo.icrt.cu\/index.php?rest_route=\/wp\/v2\/users\/7"}],"replies":[{"embeddable":true,"href":"https:\/\/www.radiomajaguabo.icrt.cu\/index.php?rest_route=%2Fwp%2Fv2%2Fcomments&post=3367"}],"version-history":[{"count":1,"href":"https:\/\/www.radiomajaguabo.icrt.cu\/index.php?rest_route=\/wp\/v2\/posts\/3367\/revisions"}],"predecessor-version":[{"id":3384,"href":"https:\/\/www.radiomajaguabo.icrt.cu\/index.php?rest_route=\/wp\/v2\/posts\/3367\/revisions\/3384"}],"wp:featuredmedia":[{"embeddable":true,"href":"https:\/\/www.radiomajaguabo.icrt.cu\/index.php?rest_route=\/wp\/v2\/media\/3381"}],"wp:attachment":[{"href":"https:\/\/www.radiomajaguabo.icrt.cu\/index.php?rest_route=%2Fwp%2Fv2%2Fmedia&parent=3367"}],"wp:term":[{"taxonomy":"category","embeddable":true,"href":"https:\/\/www.radiomajaguabo.icrt.cu\/index.php?rest_route=%2Fwp%2Fv2%2Fcategories&post=3367"},{"taxonomy":"post_tag","embeddable":true,"href":"https:\/\/www.radiomajaguabo.icrt.cu\/index.php?rest_route=%2Fwp%2Fv2%2Ftags&post=3367"},{"taxonomy":"author","embeddable":true,"href":"https:\/\/www.radiomajaguabo.icrt.cu\/index.php?rest_route=%2Fwp%2Fv2%2Fppma_author&post=3367"}],"curies":[{"name":"wp","href":"https:\/\/api.w.org\/{rel}","templated":true}]}}